{"id":42519,"date":"2024-01-03T19:43:38","date_gmt":"2024-01-03T22:43:38","guid":{"rendered":"http:\/\/dsrmedios.com.ar\/diario\/?p=42519"},"modified":"2024-01-03T19:43:39","modified_gmt":"2024-01-03T22:43:39","slug":"diputados-la-ley-omnibus-empezara-a-tratarse-en-comision-el-proximo-martes-y-convocaron-a-funcionarios-del-gobierno","status":"publish","type":"post","link":"http:\/\/dsrmedios.com.ar\/diario\/archivos\/42519","title":{"rendered":"Diputados: la Ley \u00d3mnibus empezar\u00e1 a tratarse en comisi\u00f3n el pr\u00f3ximo martes y convocaron a funcionarios del Gobierno"},"content":{"rendered":"\n<p>Decidido a avanzar a m\u00e1xima velocidad con el tratamiento en comisiones de la L<strong>ey \u00d3mnibus\u00a0<\/strong>para llegar a\u00a0<strong>sesionar el 25 de enero\u00a0<\/strong>y evitar prorrogar las sesiones extraordinarias, el oficialismo en la C\u00e1mara de Diputados convoc\u00f3 para la semana que viene a la primera reuni\u00f3n informativa conjunta, e inform\u00f3 que asistir\u00e1n funcionarios nacionales para explicar y responder preguntas sobre la pol\u00e9mica iniciativa.<a rel=\"noreferrer noopener\" href=\"https:\/\/www.infobae.com\/politica\/2024\/01\/05\/javier-milei-inicia-su-viaje-a-la-antartida-las-razones-de-la-mision-y-los-detalles-de-la-agenda\/\" target=\"_blank\"><\/a><\/p>\n\n\n\n<p>El oficialismo convoc\u00f3 formalmente esta tarde a las&nbsp;<strong>Reuniones Informativas Conjuntas&nbsp;<\/strong>de las Comisiones de&nbsp;<strong>Legislaci\u00f3n General,&nbsp;<\/strong>de&nbsp;<strong>Presupuesto y Hacienda&nbsp;<\/strong>y de&nbsp;<strong>Asuntos Constitucionales,&nbsp;<\/strong>donde dispuso esta semana que se trate el mega proyecto, desoyendo los pedidos de la oposici\u00f3n para que el extenso proyecto se debata con mayor amplitud. Ser\u00e1n el martes y el mi\u00e9rcoles que viene, entre las 14 y las 20, y entre las 9 y las 20, respectivamente, en la Sala de Reuniones del edificio del Anexo.<\/p>\n\n\n\n<p>En el llamado que hizo formalmente el presidente de la Comisi\u00f3n de Legislaci\u00f3n General de la C\u00e1mara baja,\u00a0<strong>Gabriel Bornoroni,\u00a0<\/strong>se inform\u00f3 que asistir\u00e1n funcionarios del Poder Ejecutivo, y se inst\u00f3 a los legisladores para que env\u00eden, en el curso de los pr\u00f3ximos tres d\u00edas, hasta el lunes, las preguntas que quieran plantearles. En Gobierno no informaron todav\u00eda a qui\u00e9nes designar\u00e1n para responder las inquietudes de la oposici\u00f3n en el Congreso, sea de los legisladores aliados o de los m\u00e1s cr\u00edticos. Pero en los despachos legislativos esperaban que fueran el ministro de Econom\u00eda,\u00a0<strong>Nicol\u00e1s Caputo\u00a0<\/strong>y el jefe de Gabinete,\u00a0<strong>Nicol\u00e1s Posse<\/strong>.<a rel=\"noreferrer noopener\" href=\"https:\/\/www.infobae.com\/politica\/2024\/01\/05\/intendentes-y-gremialistas-bonaerenses-profundizan-los-encuentros-multisectoriales-y-se-preparan-para-el-paro-de-la-cgt\/\" target=\"_blank\"><\/a><\/p>\n\n\n\n<p>La ambici\u00f3n del kirchnerismo es una cita cara a cara con el principal autor del proyecto,\u00a0<strong>Federico Sturzenegger<\/strong>, ex funcionario de\u00a0<strong>Mauricio Macri<\/strong>. Pero en la Casa Rosada deslizaron que, como no tiene un cargo formal (por ahora es s\u00f3lo un asesor ad-honorem) no corresponder\u00eda.<\/p>\n\n\n\n<p>A pesar de las fuertes cr\u00edticas del kirchnerismo al contenido de la ley, y de parte del radicalismo y el sector moderado de Pro por las formas -un solo paquete con centenares de leyes que modifican estructuralmente los cuerpos normativos- en la Casa Rosada est\u00e1n convencidos de que ganar\u00e1n el debate legislativo con ayuda de los aliados macristas, los gobernadores que se independicen de&nbsp;<strong>Cristina Kirchner&nbsp;<\/strong>y los peronistas disidentes del kirchnerismo.<\/p>\n\n\n\n<p><a href=\"https:\/\/www.infobae.com\/politica\/2024\/01\/05\/el-gobierno-porteno-anuncio-el-inicio-de-las-obras-para-levantar-las-cabinas-de-peaje-en-la-autopista-perito-moreno\/\" target=\"_blank\" rel=\"noreferrer noopener\"><\/a><\/p>\n\n\n\n<p><img decoding=\"async\" loading=\"lazy\" alt=\"El ministro del Interior, Guillermo Francos, junto al Mart\u00edn Menem, Omar De Marchi y Victoria Villaruel, se reunieron para pulir la estrategia legislativa libertaria esta semana en Casa Rosada\" height=\"2560\" width=\"1920\" src=\"https:\/\/www.infobae.com\/new-resizer\/YD2PGj6svVCwxJJDpu6Ru9Hv_EI=\/420x560\/filters:format(webp):quality(85)\/cloudfront-us-east-1.images.arcpublishing.com\/infobae\/47SX3FTWKZF4ZPLIC4I6VUAILU.jpg%20420w\" srcset=\"https:\/\/www.infobae.com\/new-resizer\/YD2PGj6svVCwxJJDpu6Ru9Hv_EI=\/420x560\/filters:format(webp):quality(85)\/cloudfront-us-east-1.images.arcpublishing.com\/infobae\/47SX3FTWKZF4ZPLIC4I6VUAILU.jpg 420w,https:\/\/www.infobae.com\/new-resizer\/Qc7lGxzJKYJ-x-TIbw2tvomhcnQ=\/768x1024\/filters:format(webp):quality(85)\/cloudfront-us-east-1.images.arcpublishing.com\/infobae\/47SX3FTWKZF4ZPLIC4I6VUAILU.jpg 768w,https:\/\/www.infobae.com\/new-resizer\/-MLiJ241u5DnM8l97PsQqP89-Ls=\/992x1323\/filters:format(webp):quality(85)\/cloudfront-us-east-1.images.arcpublishing.com\/infobae\/47SX3FTWKZF4ZPLIC4I6VUAILU.jpg 992w,https:\/\/www.infobae.com\/new-resizer\/5DC8mTXhtjrpxM0xgbwdcZeF8bw=\/1200x1600\/filters:format(webp):quality(85)\/cloudfront-us-east-1.images.arcpublishing.com\/infobae\/47SX3FTWKZF4ZPLIC4I6VUAILU.jpg 1200w\">El ministro del Interior, Guillermo Francos, junto al Mart\u00edn Menem, Omar De Marchi y Victoria Villaruel, se reunieron para pulir la estrategia legislativa libertaria esta semana en Casa Rosada<\/p>\n\n\n\n<p>Mientras tanto, oscilan entre la estrategia del \u201ctodo o nada\u201d y la dialoguista. Desde las altas c\u00fapulas del Ejecutivo aseguran que no cambiar\u00e1n \u201cni una coma\u201d, pero los alfiles libertarios en el Congreso y algunos funcionarios, principalmente el ministro del Interior, Guillermo Francos, y el secretario de Trabajo, Omar Yas\u00edn, se muestran dispuestos, al menos, a escuchar y proponer modificaciones a los autores del proyecto.<\/p>\n\n\n\n<p>Ayer, por caso, Francos admiti\u00f3 incluir \u201cclarificaciones aclaratorias\u201d en la reforma del R\u00e9gimen Federal de Pesca, a pedido de gobernadores patag\u00f3nicos que se\u00f1alaron que la redacci\u00f3n de la iniciativa pon\u00eda en riesgo las 200 millas de la zona exclusiva y que compromet\u00eda puestos de trabajo y condiciones de desigualdad para las compa\u00f1\u00edas locales frente a las extranjeras. Lo mismo hab\u00eda hecho una semana antes con un pedido de las provincias petroleras por dudas sobre las concesiones para la explotaci\u00f3n del crudo.<\/p>\n\n\n\n<p>Lo que m\u00e1s le importa a Milei es avanzar en tiempo r\u00e9cord con sus medidas, antes de que el ajuste empiece a sentirse con mayor fuerza y, probablemente, decaigan sus altos niveles de imagen negativa. M\u00e1s temprano el Presidente orden\u00f3 enviar al Congreso el DNU que desregula la econom\u00eda, y desde hoy se abri\u00f3 un plazo de 10 d\u00edas h\u00e1biles para su an\u00e1lisis en la Comisi\u00f3n Bicameral. El decreto fue girado por la Jefatura de Gabinete que conduce\u00a0<strong>Nicol\u00e1s Posse &#8211;<\/strong>como lo indica la\u00a0<strong>Constituci\u00f3n-,\u00a0<\/strong>a trav\u00e9s de la Secretar\u00eda de Relaciones Institucionales con el Parlamento y la Sociedad Civil que conduce\u00a0<strong>Omar de Marchi,\u00a0<\/strong>ex diputado mendocino, reci\u00e9n llegado al Gobierno. Ingres\u00f3 por la\u00a0<strong>C\u00e1mara alta\u00a0<\/strong>poco antes de las 15, y ahora empez\u00f3 a correr el reloj para que se forme la comisi\u00f3n con ocho diputados y ocho senadores, que est\u00e1 frenada por diferencias con Uni\u00f3n por la Patria por la cantidad de representantes que le corresponden.<\/p>\n\n\n\n<p>Fuente: Infobae<\/p>\n","protected":false},"excerpt":{"rendered":"<div class=\"mh-excerpt\"><p>Decidido a avanzar a m\u00e1xima velocidad con el tratamiento en comisiones de la Ley \u00d3mnibus\u00a0para llegar a\u00a0sesionar el 25 de enero\u00a0y evitar prorrogar las sesiones extraordinarias, el oficialismo en la C\u00e1mara de Diputados convoc\u00f3 para la semana que viene a la primera reuni\u00f3n informativa conjunta, e inform\u00f3 que asistir\u00e1n funcionarios nacionales para explicar y responder preguntas sobre la pol\u00e9mica iniciativa. El oficialismo convoc\u00f3 formalmente esta tarde a las&nbsp;Reuniones Informativas Conjuntas&nbsp;de las Comisiones de&nbsp;Legislaci\u00f3n General,&nbsp;de&nbsp;Presupuesto y Hacienda&nbsp;y de&nbsp;Asuntos Constitucionales,&nbsp;donde dispuso esta semana que se trate el mega proyecto, desoyendo los pedidos de la oposici\u00f3n para que el extenso proyecto se debata <a class=\"mh-excerpt-more\" href=\"http:\/\/dsrmedios.com.ar\/diario\/archivos\/42519\" title=\"Diputados: la Ley \u00d3mnibus empezar\u00e1 a tratarse en comisi\u00f3n el pr\u00f3ximo martes y convocaron a funcionarios del Gobierno\">[Leer m\u00e1s]<\/a><\/p>\n<\/div>","protected":false},"author":8,"featured_media":42520,"comment_status":"open","ping_status":"closed","sticky":false,"template":"","format":"standard","meta":{"_jetpack_newsletter_access":""},"categories":[6],"tags":[],"jetpack_featured_media_url":"http:\/\/dsrmedios.com.ar\/diario\/wp-content\/uploads\/2024\/01\/3BA2LGHOXNE5FHKDMOFLTQ7UHA.jpg","jetpack_sharing_enabled":true,"jetpack_shortlink":"https:\/\/wp.me\/p9fihK-b3N","_links":{"self":[{"href":"http:\/\/dsrmedios.com.ar\/diario\/wp-json\/wp\/v2\/posts\/42519"}],"collection":[{"href":"http:\/\/dsrmedios.com.ar\/diario\/wp-json\/wp\/v2\/posts"}],"about":[{"href":"http:\/\/dsrmedios.com.ar\/diario\/wp-json\/wp\/v2\/types\/post"}],"author":[{"embeddable":true,"href":"http:\/\/dsrmedios.com.ar\/diario\/wp-json\/wp\/v2\/users\/8"}],"replies":[{"embeddable":true,"href":"http:\/\/dsrmedios.com.ar\/diario\/wp-json\/wp\/v2\/comments?post=42519"}],"version-history":[{"count":1,"href":"http:\/\/dsrmedios.com.ar\/diario\/wp-json\/wp\/v2\/posts\/42519\/revisions"}],"predecessor-version":[{"id":42521,"href":"http:\/\/dsrmedios.com.ar\/diario\/wp-json\/wp\/v2\/posts\/42519\/revisions\/42521"}],"wp:featuredmedia":[{"embeddable":true,"href":"http:\/\/dsrmedios.com.ar\/diario\/wp-json\/wp\/v2\/media\/42520"}],"wp:attachment":[{"href":"http:\/\/dsrmedios.com.ar\/diario\/wp-json\/wp\/v2\/media?parent=42519"}],"wp:term":[{"taxonomy":"category","embeddable":true,"href":"http:\/\/dsrmedios.com.ar\/diario\/wp-json\/wp\/v2\/categories?post=42519"},{"taxonomy":"post_tag","embeddable":true,"href":"http:\/\/dsrmedios.com.ar\/diario\/wp-json\/wp\/v2\/tags?post=42519"}],"curies":[{"name":"wp","href":"https:\/\/api.w.org\/{rel}","templated":true}]}}