{"id":42508,"date":"2024-01-02T07:33:09","date_gmt":"2024-01-02T10:33:09","guid":{"rendered":"http:\/\/dsrmedios.com.ar\/diario\/?p=42508"},"modified":"2024-01-02T07:33:12","modified_gmt":"2024-01-02T10:33:12","slug":"combustibles-por-que-no-habria-fuertes-aumentos-en-las-proximas-semanas","status":"publish","type":"post","link":"http:\/\/dsrmedios.com.ar\/diario\/archivos\/42508","title":{"rendered":"Combustibles: por qu\u00e9 no habr\u00eda fuertes aumentos en las pr\u00f3ximas semanas"},"content":{"rendered":"\n<p>Fabio Rodr\u00edguez, presidente de la C\u00e1mara de Estacioneros de Bah\u00eda Blanca, se expres\u00f3 en\u00a0<strong>LA BR\u00daJULA 24<\/strong>\u00a0en relaci\u00f3n\u00a0<a href=\"https:\/\/www.labrujula24.com\/notas\/2024\/01\/03\/como-quedaron-los-nuevos-valores-de-las-naftas-en-bahia-n343184\/\">al \u00faltimo aumento de los combustibles<\/a>\u00a0registrado entre la noche del martes y la ma\u00f1ana del mi\u00e9rcoles por parte de las distintas petroleras, oscilando el 27%.<\/p>\n\n\n\n<p>\u201cEl gobierno, con sus pol\u00edticas, llev\u00f3 el litro de combustible a la paridad de importaci\u00f3n. Estamos sin retraso, con un valor de equilibro. De ahora en m\u00e1s, lo que se habla es de que el valor acompa\u00f1ar\u00e1 a la inflaci\u00f3n. No deber\u00edamos esperar un sablazo importante, m\u00e1s all\u00e1 de lo que acompa\u00f1e el proceso inflacionario\u201d, enfatiz\u00f3 Rodr\u00edguez en el programa&nbsp;<strong>Bah\u00eda Hoy<\/strong>.<\/p>\n\n\n\n<p>Y a\u00f1adi\u00f3: \u201cCreo que este gobierno no va a tener injerencia ni manipulaci\u00f3n de los precios y nos vamos a sorprender de c\u00f3mo se va a desacelerar la inflaci\u00f3n. El viernes hablaba con un comerciante de materiales de la construcci\u00f3n y me dec\u00eda que FV y Ferrum ten\u00edan prevista una lista con un 20% de descuentos\u201d.<\/p>\n\n\n\n<p>\u201cCuando el Estado solo emite genera un efecto domin\u00f3. Si no aumenta la masa monetaria, del otro lado se va a encontrar con un sector que no va a vender. Durante mucho tiempo el precio de la nafta no acompa\u00f1\u00f3 la inflaci\u00f3n. Los argentinos no debemos convalidar los aumentos, luego estar\u00e1 en la habilidad del gobierno para que repercuta en la previsibilidad\u201d, sostuvo en otro segmentos de la entrevistas radial.<\/p>\n\n\n\n<p>No obstante, evalu\u00f3: \u201cEn seis meses vamos a estar con n\u00fameros muy alentadores en cuanto a los \u00edndices de precios. No creo que el aumento del combustible sea lineal en cuanto a la inflaci\u00f3n, lo \u00fanico que se debe evitar es que haya un desfasaje. El litro de combustible a menos de 400 pesos era c\u00f3mico, los extranjeros nos invad\u00edan en las fronteras a secarnos y barrernos las estaciones de servicio, lo que generaba un sistema de cupos\u201d.<\/p>\n\n\n\n<p>\u201cConsidero que se viene un buen momento para nuestra industria y va a ayudar a colaborar en la estabilidad de los precios. Hay que ir con un proceso de generar un aumento de los salarios, los cuales deben ser genuinos para mejorar el poder adquisitivo\u201d, apunt\u00f3 Rodr\u00edguez.<\/p>\n\n\n\n<p>Por \u00faltimo, plante\u00f3 un desaf\u00edo: \u201cSe tiene que cambiar el chip, la econom\u00eda la tenemos que manejar nosotros. En esta transici\u00f3n hay que aplicar el ingenio porque si seguimos con el piloto autom\u00e1tico ser\u00e1 doloroso. Las petroleras se van a mantener alineadas, lo que creo que va a ser positivo es la competencia entre las estaciones de servicio\u201d.\u00a0<\/p>\n\n\n\n<p>Fuente: LABRUJULA<\/p>\n","protected":false},"excerpt":{"rendered":"<div class=\"mh-excerpt\"><p>Fabio Rodr\u00edguez, presidente de la C\u00e1mara de Estacioneros de Bah\u00eda Blanca, se expres\u00f3 en\u00a0LA BR\u00daJULA 24\u00a0en relaci\u00f3n\u00a0al \u00faltimo aumento de los combustibles\u00a0registrado entre la noche del martes y la ma\u00f1ana del mi\u00e9rcoles por parte de las distintas petroleras, oscilando el 27%. \u201cEl gobierno, con sus pol\u00edticas, llev\u00f3 el litro de combustible a la paridad de importaci\u00f3n. Estamos sin retraso, con un valor de equilibro. De ahora en m\u00e1s, lo que se habla es de que el valor acompa\u00f1ar\u00e1 a la inflaci\u00f3n. No deber\u00edamos esperar un sablazo importante, m\u00e1s all\u00e1 de lo que acompa\u00f1e el proceso inflacionario\u201d, enfatiz\u00f3 Rodr\u00edguez en el <a class=\"mh-excerpt-more\" href=\"http:\/\/dsrmedios.com.ar\/diario\/archivos\/42508\" title=\"Combustibles: por qu\u00e9 no habr\u00eda fuertes aumentos en las pr\u00f3ximas semanas\">[Leer m\u00e1s]<\/a><\/p>\n<\/div>","protected":false},"author":8,"featured_media":2131,"comment_status":"open","ping_status":"closed","sticky":false,"template":"","format":"standard","meta":{"_jetpack_newsletter_access":""},"categories":[6],"tags":[],"jetpack_featured_media_url":"http:\/\/dsrmedios.com.ar\/diario\/wp-content\/uploads\/2017\/11\/naftaaa.jpg","jetpack_sharing_enabled":true,"jetpack_shortlink":"https:\/\/wp.me\/p9fihK-b3C","_links":{"self":[{"href":"http:\/\/dsrmedios.com.ar\/diario\/wp-json\/wp\/v2\/posts\/42508"}],"collection":[{"href":"http:\/\/dsrmedios.com.ar\/diario\/wp-json\/wp\/v2\/posts"}],"about":[{"href":"http:\/\/dsrmedios.com.ar\/diario\/wp-json\/wp\/v2\/types\/post"}],"author":[{"embeddable":true,"href":"http:\/\/dsrmedios.com.ar\/diario\/wp-json\/wp\/v2\/users\/8"}],"replies":[{"embeddable":true,"href":"http:\/\/dsrmedios.com.ar\/diario\/wp-json\/wp\/v2\/comments?post=42508"}],"version-history":[{"count":1,"href":"http:\/\/dsrmedios.com.ar\/diario\/wp-json\/wp\/v2\/posts\/42508\/revisions"}],"predecessor-version":[{"id":42509,"href":"http:\/\/dsrmedios.com.ar\/diario\/wp-json\/wp\/v2\/posts\/42508\/revisions\/42509"}],"wp:featuredmedia":[{"embeddable":true,"href":"http:\/\/dsrmedios.com.ar\/diario\/wp-json\/wp\/v2\/media\/2131"}],"wp:attachment":[{"href":"http:\/\/dsrmedios.com.ar\/diario\/wp-json\/wp\/v2\/media?parent=42508"}],"wp:term":[{"taxonomy":"category","embeddable":true,"href":"http:\/\/dsrmedios.com.ar\/diario\/wp-json\/wp\/v2\/categories?post=42508"},{"taxonomy":"post_tag","embeddable":true,"href":"http:\/\/dsrmedios.com.ar\/diario\/wp-json\/wp\/v2\/tags?post=42508"}],"curies":[{"name":"wp","href":"https:\/\/api.w.org\/{rel}","templated":true}]}}