{"id":42492,"date":"2024-01-02T07:19:54","date_gmt":"2024-01-02T10:19:54","guid":{"rendered":"http:\/\/dsrmedios.com.ar\/diario\/?p=42492"},"modified":"2024-01-02T07:19:56","modified_gmt":"2024-01-02T10:19:56","slug":"javier-milei-presiona-para-que-la-ley-omnibus-salga-rapido-y-sin-cambios-pero-la-oposicion-resiste-y-pide-negociar","status":"publish","type":"post","link":"http:\/\/dsrmedios.com.ar\/diario\/archivos\/42492","title":{"rendered":"Javier Milei presiona para que la Ley \u00d3mnibus salga r\u00e1pido y sin cambios, pero la oposici\u00f3n resiste y pide negociar"},"content":{"rendered":"\n<p>El pedido de\u00a0<strong>Javier Milei<\/strong>\u00a0a sus diputados fue concreto. Sin margen a dudas ni a interpretaciones. Quiere que la\u00a0<strong>ley \u00f3mnibus\u00a0<\/strong>sea aprobada tal como fue enviada al Congreso.\u00a0<strong>Es una utop\u00eda.<\/strong>\u00a0Lo saben casi todos. Desde los legisladores oficialistas hasta las diferentes vertientes de la oposici\u00f3n. Para que el s\u00faper proyecto salga el Gobierno va a tener que negociar. Si o si. No hay margen para no hacerlo. Sino la ley no saldr\u00e1.<a rel=\"noreferrer noopener\" href=\"https:\/\/www.infobae.com\/politica\/2024\/01\/04\/javier-milei-enviara-al-congreso-el-dnu-de-desregulacion-de-la-economia-pese-al-fallo-que-suspendio-la-reforma-laboral\/\" target=\"_blank\"><\/a><\/p>\n\n\n\n<p>El Presidente conf\u00eda en que un grupo de gobernadores lo acompa\u00f1ar\u00e1 por la voluntad de apoyar los cambios y otros lo har\u00e1n con el fin de que deje sin efecto el regreso de Ganancias.<strong>&nbsp;\u201cQuieren ganancias, apoyen las leyes\u201d<\/strong>, les dijo a los mandatarios en la \u00fanica reuni\u00f3n que tuvo desde que asumi\u00f3. Algunos lo sintieron como una amenaza. Otros como una presi\u00f3n l\u00f3gica de la negociaci\u00f3n.<\/p>\n\n\n\n<p>Uno de los gobernadores de Uni\u00f3n por la Patria (UP) m\u00e1s proclive a negociar con el Gobierno le puso un freno a ese posible apoyo.<strong>&nbsp;\u201cNo apoyamos a una ley que delega poderes legislativos.<\/strong>&nbsp;Eso no se negocia con nada. Ojal\u00e1 que recapacite porque no le conviene a nadie esto que est\u00e1 haciendo\u201d, sentenci\u00f3 ante la consulta de<strong>&nbsp;Infobae.&nbsp;<\/strong>El ala m\u00e1s dura de los peronistas directamente rechaza la ley completa.<\/p>\n\n\n\n<p><a rel=\"noreferrer noopener\" href=\"https:\/\/www.infobae.com\/politica\/2024\/01\/04\/la-encuesta-que-analizo-el-impacto-del-dnu-de-milei-y-las-reformas-de-la-ley-omnibus\/\" target=\"_blank\"><\/a><a rel=\"noreferrer noopener\" href=\"https:\/\/www.infobae.com\/politica\/2024\/01\/04\/la-encuesta-que-analizo-el-impacto-del-dnu-de-milei-y-las-reformas-de-la-ley-omnibus\/\" target=\"_blank\"><\/a><\/p>\n\n\n\n<p><img decoding=\"async\" loading=\"lazy\" alt=\"Javier Milei conf\u00eda en que tendr\u00e1 el apoyo de un grupo de gobernadores para sacar la ley \u00f3mnibus \" height=\"1080\" width=\"1920\" src=\"https:\/\/www.infobae.com\/new-resizer\/TxejtQ8k2tbggUMBCYNNrcF6lA4=\/420x236\/filters:format(webp):quality(85)\/cloudfront-us-east-1.images.arcpublishing.com\/infobae\/4PQDTHUX6RAYHA3YMSX7LIZLSQ.jpg%20420w\" srcset=\"https:\/\/www.infobae.com\/new-resizer\/TxejtQ8k2tbggUMBCYNNrcF6lA4=\/420x236\/filters:format(webp):quality(85)\/cloudfront-us-east-1.images.arcpublishing.com\/infobae\/4PQDTHUX6RAYHA3YMSX7LIZLSQ.jpg 420w,https:\/\/www.infobae.com\/new-resizer\/_6Q5_ijKAEC8TM8AHDQATaZ_jiA=\/768x432\/filters:format(webp):quality(85)\/cloudfront-us-east-1.images.arcpublishing.com\/infobae\/4PQDTHUX6RAYHA3YMSX7LIZLSQ.jpg 768w,https:\/\/www.infobae.com\/new-resizer\/nAAP-mV_gSWZkmUTamEj0D60LUY=\/992x558\/filters:format(webp):quality(85)\/cloudfront-us-east-1.images.arcpublishing.com\/infobae\/4PQDTHUX6RAYHA3YMSX7LIZLSQ.jpg 992w,https:\/\/www.infobae.com\/new-resizer\/RVJhxfrXmbqiV3H8Ph8ssnscE6k=\/1200x675\/filters:format(webp):quality(85)\/cloudfront-us-east-1.images.arcpublishing.com\/infobae\/4PQDTHUX6RAYHA3YMSX7LIZLSQ.jpg 1200w,https:\/\/www.infobae.com\/new-resizer\/WHE8fg_r1ogFRKeoUNv73B3yU0E=\/1440x810\/filters:format(webp):quality(85)\/cloudfront-us-east-1.images.arcpublishing.com\/infobae\/4PQDTHUX6RAYHA3YMSX7LIZLSQ.jpg 1440w\">Javier Milei conf\u00eda en que tendr\u00e1 el apoyo de un grupo de gobernadores para sacar la ley \u00f3mnibus<\/p>\n\n\n\n<p>Los gobernadores de<strong>\u00a0Juntos por el Cambio<\/strong>\u00a0se muestran m\u00e1s entusiastas en acompa\u00f1ar la ley pero con algunos cambios. La mayor\u00eda no est\u00e1 dispuesto a hacerlo tal cu\u00e1l fue enviada al Congreso. Por eso que el proyecto salga sin que se modifiquen algunos art\u00edculos es muy dif\u00edcil. Solo es un discurso que puede servir para presionar pero que cuando llega al \u00e1mbito parlamentario se diluye por su inconsistencia.<\/p>\n\n\n\n<p>Para el radicalismo, que tiene cuatro gobernadores y un bloque importante de legisladores, hay algunos temas que son imposibles de votar.\u00a0<strong>No pasa ese filtro la delegaci\u00f3n de facultades del Poder Legislativo al Ejecutivo, ni la suspensi\u00f3n de la movilidad jubilatoria y el aumento por decreto, ni la suba de las retenciones.<\/strong>\u00a0Tampoco, en palabras de un legislador radical, se le dar\u00e1 \u201cun cheque en blanco para la privatizaciones de las empresas del Estado\u201d, ya que estiman que debe discutirse \u201ccaso por caso\u201d.<a rel=\"noreferrer noopener\" href=\"https:\/\/www.infobae.com\/politica\/2024\/01\/04\/la-encuesta-que-analizo-el-impacto-del-dnu-de-milei-y-las-reformas-de-la-ley-omnibus\/\" target=\"_blank\"><\/a><\/p>\n\n\n\n<p><a rel=\"noreferrer noopener\" href=\"https:\/\/www.infobae.com\/politica\/2024\/01\/03\/javier-milei-les-pidio-a-los-diputados-libertarios-que-formen-las-comisiones-y-empiecen-a-tratar-ya-la-ley-omnibus\/\" target=\"_blank\">Milei quiere que la ley salga lo m\u00e1s r\u00e1pido posible<\/a>. La fecha l\u00edmite es el 31 de enero. Pero en el Congreso los legisladores de la oposici\u00f3n advierten que los tiempos son inviables. Reci\u00e9n la semana pr\u00f3xima el proyecto se podr\u00eda tratar en las cuatro comisiones que el presidente de la C\u00e1mara baja, Mart\u00edn Menem, habilit\u00f3 anoche: Presupuesto y Hacienda, Asuntos Constitucionales, Legislaci\u00f3n General y Relaciones Exteriores.<\/p>\n\n\n\n<p>En el peronismo hay mucho enojo por la forma en la que se est\u00e1 manejando el oficialismo. Reci\u00e9n ayer a las 11:35 de la ma\u00f1ana -en un plazo que no es el que se acostumbra &#8211; la presidencia que conduce Menem le envi\u00f3 a&nbsp;<strong>Germ\u00e1n Mart\u00ednez<\/strong>, presidente del bloque de diputados de UP, el pedido para que env\u00ede los integrantes de esas comisiones, que fueron informadas ayer a las 20:30. En los horas previas desde el oficialismo hab\u00edan adelantado que tambi\u00e9n se iba a conformar la comisi\u00f3n de Juicio Pol\u00edtico, pero finalmente no se hizo.<\/p>\n\n\n\n<p>El oficialismo le impuso al peronismo que la conformaci\u00f3n se hiciera con el resultado que arroja el sistema d\u2019hondt respecto a la representativa que hay en la C\u00e1mara baja, menos uno. El bloque de UP contiene al 40% de la c\u00e1mara. Ese porcentaje, menos un legislador, es lo que le toc\u00f3 en las bancas de las comisiones que se conformar\u00e1n a partir de este mediod\u00eda y que, seg\u00fan esperan en La Libertad Avanza (LLA), tratar\u00e1n la ley la semana que viene.<\/p>\n\n\n\n<p>En la sesi\u00f3n del 7 de diciembre se hab\u00eda votado que el ordenamiento se iba a hacer solo con el sistema d\u2019hondt, por eso las molestias en el bloque mayoritario de la oposici\u00f3n son variopintas. En todas las que se constituyeron perdieron un legislador.&nbsp;<strong>\u201cHay mucha desprolijidad y desorden entre ellos\u201d<\/strong>, resalt\u00f3 una importante legislador opositor, debido a la demora en el env\u00edo de la convocatoria.<\/p>\n\n\n\n<p><img decoding=\"async\" loading=\"lazy\" alt=\"Los diputados de Uni\u00f3n por la Patria junto a Estela de Carlotto y los organismos de Derechos Humanos (Fuente)\" height=\"1279\" width=\"1920\" src=\"https:\/\/www.infobae.com\/new-resizer\/F2NmEcv7wDPynx38VWag7rCZXXU=\/420x280\/filters:format(webp):quality(85)\/cloudfront-us-east-1.images.arcpublishing.com\/infobae\/4Y3SXLA7HVADXAWYAJAMUBAZNQ.jpeg%20420w\" srcset=\"https:\/\/www.infobae.com\/new-resizer\/F2NmEcv7wDPynx38VWag7rCZXXU=\/420x280\/filters:format(webp):quality(85)\/cloudfront-us-east-1.images.arcpublishing.com\/infobae\/4Y3SXLA7HVADXAWYAJAMUBAZNQ.jpeg 420w,https:\/\/www.infobae.com\/new-resizer\/Pjq1e_nQPsMYDeN9kl-QURD0qyQ=\/768x512\/filters:format(webp):quality(85)\/cloudfront-us-east-1.images.arcpublishing.com\/infobae\/4Y3SXLA7HVADXAWYAJAMUBAZNQ.jpeg 768w,https:\/\/www.infobae.com\/new-resizer\/VJaV7uQFQN1ZhLQr9wXZTqCnR_Y=\/992x661\/filters:format(webp):quality(85)\/cloudfront-us-east-1.images.arcpublishing.com\/infobae\/4Y3SXLA7HVADXAWYAJAMUBAZNQ.jpeg 992w,https:\/\/www.infobae.com\/new-resizer\/Sin0IkHZRavL7XcvSL1UXu5POL8=\/1200x800\/filters:format(webp):quality(85)\/cloudfront-us-east-1.images.arcpublishing.com\/infobae\/4Y3SXLA7HVADXAWYAJAMUBAZNQ.jpeg 1200w,https:\/\/www.infobae.com\/new-resizer\/MWMg4mW62OvPOAwm-nLibWVKSmA=\/1440x960\/filters:format(webp):quality(85)\/cloudfront-us-east-1.images.arcpublishing.com\/infobae\/4Y3SXLA7HVADXAWYAJAMUBAZNQ.jpeg 1440w\">Los diputados de Uni\u00f3n por la Patria junto a Estela de Carlotto y los organismos de Derechos Humanos (Fuente)<\/p>\n\n\n\n<p>Adem\u00e1s, en el peronismo reclaman que la ley pase por&nbsp;<strong>m\u00e1s comisiones&nbsp;<\/strong>pero, a esta altura, saben que la exigencia no surtir\u00e1 efecto. El resto de los bloques opositores, donde conviven la Coalici\u00f3n C\u00edvica, la UCR, el socialismo, el PRO y el peronismo cordob\u00e9s, ya avalaron que se trate en las que dispuso Menem. Menos comisiones, menos tiempo de tratamiento. Y, a priori, m\u00e1s posibilidades de que la ley salga con mayor velocidad.<\/p>\n\n\n\n<p>Si les quedaba alguna esperanza de obtener apoyo opositor para pedir que se trate en m\u00e1s comisiones, se termin\u00f3 de caer ayer cuando el bloque Hacemos Coalici\u00f3n Federal, que nuclea a 23 legisladores y preside&nbsp;<strong>Miguel Pichetto<\/strong>, emiti\u00f3 un comunicado en el que aseguraron que la voluntad es acompa\u00f1ar el proyecto aunque no \u201ca libro cerrado\u201d, y que aceptan el tratamiento en las comisiones dispuestas por el oficialismo.<\/p>\n\n\n\n<p><strong>\u201cEs imposible que este proyecto pase como est\u00e1. No le vamos a dar un cheque en blanco a Milei, pero tenemos voluntad de trabajar y encontrar acuerdos\u201d<\/strong>, le afirm\u00f3 a este medio uno de los legisladores que forma parte del esquema que conduce el rionegrino y que aparece en el escenario parlamentario como un bloque importante para negociar el qu\u00f3rum y algunas leyes. El gran problema que divisan es la falta de cintura para negociar por parte del Gobierno. Sorpresa y resignaci\u00f3n.<\/p>\n\n\n\n<p>Los diputados peronistas ir\u00e1n hoy a las comisiones que se conformen con la voluntad de hacer p\u00fablico el reclamo de que es necesario que el proyecto gire por m\u00e1s comisiones, debido a la magnitud y la trascendencia que tiene el extenso documento. Creen tambi\u00e9n que el proyecto lo discutir\u00e1n y lo bloquear\u00e1n en el recinto cuando llegue el momento del debate porque obtendr\u00e1n una mayor\u00eda para hacerlo. Proyecciones en medio de un clima enrarecido.<\/p>\n\n\n\n<p><img decoding=\"async\" loading=\"lazy\" alt=\"La foto que el ministro del Interior, Guillermo Francos, subi\u00f3 a sus redes sociales\" height=\"2560\" width=\"1920\" src=\"https:\/\/www.infobae.com\/new-resizer\/YD2PGj6svVCwxJJDpu6Ru9Hv_EI=\/420x560\/filters:format(webp):quality(85)\/cloudfront-us-east-1.images.arcpublishing.com\/infobae\/47SX3FTWKZF4ZPLIC4I6VUAILU.jpg%20420w\" srcset=\"https:\/\/www.infobae.com\/new-resizer\/YD2PGj6svVCwxJJDpu6Ru9Hv_EI=\/420x560\/filters:format(webp):quality(85)\/cloudfront-us-east-1.images.arcpublishing.com\/infobae\/47SX3FTWKZF4ZPLIC4I6VUAILU.jpg 420w,https:\/\/www.infobae.com\/new-resizer\/Qc7lGxzJKYJ-x-TIbw2tvomhcnQ=\/768x1024\/filters:format(webp):quality(85)\/cloudfront-us-east-1.images.arcpublishing.com\/infobae\/47SX3FTWKZF4ZPLIC4I6VUAILU.jpg 768w,https:\/\/www.infobae.com\/new-resizer\/-MLiJ241u5DnM8l97PsQqP89-Ls=\/992x1323\/filters:format(webp):quality(85)\/cloudfront-us-east-1.images.arcpublishing.com\/infobae\/47SX3FTWKZF4ZPLIC4I6VUAILU.jpg 992w,https:\/\/www.infobae.com\/new-resizer\/5DC8mTXhtjrpxM0xgbwdcZeF8bw=\/1200x1600\/filters:format(webp):quality(85)\/cloudfront-us-east-1.images.arcpublishing.com\/infobae\/47SX3FTWKZF4ZPLIC4I6VUAILU.jpg 1200w\">La foto que el ministro del Interior, Guillermo Francos, subi\u00f3 a sus redes sociales<\/p>\n\n\n\n<p>Ayer por la tarde los diputados peronistas se reunieron en el tercer piso del C\u00e1mara de Diputados con Estela de Carlotto y organismos de Derechos Humanos. En ese encuentro se repudi\u00f3 el proyecto de ley y se acus\u00f3 al Gobierno de \u201cquerer concentrar todo el poder\u201d y \u201cavasallar los derechos de los argentinos\u201d. Los organismos criticaron \u201cla criminalizaci\u00f3n de la protesta social\u201d. Despu\u00e9s hubo una reuni\u00f3n del bloque de UP en la que se ordenaron para el debate que viene a partir de hoy con la conformaci\u00f3n de las comisiones. Est\u00e1n unidos y organizados.<\/p>\n\n\n\n<p>En el anexo de Diputados, pasadas las 16, hubo una reuni\u00f3n del bloque del PRO, que est\u00e1 dispuesto a apoyar la ley tal cu\u00e1l fue enviada. Es el espacio m\u00e1s alineado al gobierno nacional aunque no todos los legisladores se afilian a la l\u00ednea dura.<strong>&nbsp;\u201cLe vamos a dar un fuerte apoyo al gobierno del presidente Milei\u201d<\/strong>, dijo despu\u00e9s de la reuni\u00f3n el diputado&nbsp;<strong>Hern\u00e1n Lombardi<\/strong>, muy cercano a Patricia Bullrich y Mauricio Macri.<\/p>\n\n\n\n<p>Otra reuni\u00f3n importante se llev\u00f3 a cabo en el ministerio del Interior, donde el ministro&nbsp;<strong>Guillermo Francos&nbsp;<\/strong>recibi\u00f3 a la vicepresidenta,&nbsp;<strong>Victoria Villaruel<\/strong>; al secretario de relaciones parlamentarias,&nbsp;<strong>Omar De Marchi,<\/strong>&nbsp;y a&nbsp;<strong>Mart\u00edn Menem<\/strong>. Los cuatro afinaron el l\u00e1piz para saber cu\u00e1les son las posibilidades de que la ley \u00f3mnibus pase el filtro del Congreso y c\u00f3mo pueden juntar votos entre los gobernadores. Son entusiastas. A esta altura parece ser una cuesti\u00f3n de convicci\u00f3n.<\/p>\n\n\n\n<p>El Presidente busca que la ley salga r\u00e1pido y sin cambios. Una parte importante de la oposici\u00f3n, donde est\u00e1n los fragmentos de Juntos por el Cambio, pide abrir el juego, negociar y buscar un punto de acuerdo para acompa\u00f1ar. Buscan argumentos para darle gobernabilidad a Milei. El peronismo y la izquierda ya plantaron la bandera de la resistencia y analizan la forma de frenar la aprobaci\u00f3n. La semana que viene la ley comenzar\u00e1 a girar en las comisiones. Todos prometen un debate feroz. Tiempo de discusi\u00f3n. Quiz\u00e1s, tambi\u00e9n, tiempo de negociaci\u00f3n y consenso. Est\u00e1 por verse.<\/p>\n\n\n\n<p>Fuente: Infobae<\/p>\n","protected":false},"excerpt":{"rendered":"<div class=\"mh-excerpt\"><p>El pedido de\u00a0Javier Milei\u00a0a sus diputados fue concreto. Sin margen a dudas ni a interpretaciones. Quiere que la\u00a0ley \u00f3mnibus\u00a0sea aprobada tal como fue enviada al Congreso.\u00a0Es una utop\u00eda.\u00a0Lo saben casi todos. Desde los legisladores oficialistas hasta las diferentes vertientes de la oposici\u00f3n. Para que el s\u00faper proyecto salga el Gobierno va a tener que negociar. Si o si. No hay margen para no hacerlo. Sino la ley no saldr\u00e1. El Presidente conf\u00eda en que un grupo de gobernadores lo acompa\u00f1ar\u00e1 por la voluntad de apoyar los cambios y otros lo har\u00e1n con el fin de que deje sin efecto el <a class=\"mh-excerpt-more\" href=\"http:\/\/dsrmedios.com.ar\/diario\/archivos\/42492\" title=\"Javier Milei presiona para que la Ley \u00d3mnibus salga r\u00e1pido y sin cambios, pero la oposici\u00f3n resiste y pide negociar\">[Leer m\u00e1s]<\/a><\/p>\n<\/div>","protected":false},"author":8,"featured_media":42170,"comment_status":"open","ping_status":"closed","sticky":false,"template":"","format":"standard","meta":{"_jetpack_newsletter_access":""},"categories":[6],"tags":[],"jetpack_featured_media_url":"http:\/\/dsrmedios.com.ar\/diario\/wp-content\/uploads\/2023\/12\/MILEI.jpg","jetpack_sharing_enabled":true,"jetpack_shortlink":"https:\/\/wp.me\/p9fihK-b3m","_links":{"self":[{"href":"http:\/\/dsrmedios.com.ar\/diario\/wp-json\/wp\/v2\/posts\/42492"}],"collection":[{"href":"http:\/\/dsrmedios.com.ar\/diario\/wp-json\/wp\/v2\/posts"}],"about":[{"href":"http:\/\/dsrmedios.com.ar\/diario\/wp-json\/wp\/v2\/types\/post"}],"author":[{"embeddable":true,"href":"http:\/\/dsrmedios.com.ar\/diario\/wp-json\/wp\/v2\/users\/8"}],"replies":[{"embeddable":true,"href":"http:\/\/dsrmedios.com.ar\/diario\/wp-json\/wp\/v2\/comments?post=42492"}],"version-history":[{"count":1,"href":"http:\/\/dsrmedios.com.ar\/diario\/wp-json\/wp\/v2\/posts\/42492\/revisions"}],"predecessor-version":[{"id":42493,"href":"http:\/\/dsrmedios.com.ar\/diario\/wp-json\/wp\/v2\/posts\/42492\/revisions\/42493"}],"wp:featuredmedia":[{"embeddable":true,"href":"http:\/\/dsrmedios.com.ar\/diario\/wp-json\/wp\/v2\/media\/42170"}],"wp:attachment":[{"href":"http:\/\/dsrmedios.com.ar\/diario\/wp-json\/wp\/v2\/media?parent=42492"}],"wp:term":[{"taxonomy":"category","embeddable":true,"href":"http:\/\/dsrmedios.com.ar\/diario\/wp-json\/wp\/v2\/categories?post=42492"},{"taxonomy":"post_tag","embeddable":true,"href":"http:\/\/dsrmedios.com.ar\/diario\/wp-json\/wp\/v2\/tags?post=42492"}],"curies":[{"name":"wp","href":"https:\/\/api.w.org\/{rel}","templated":true}]}}