{"id":42483,"date":"2024-01-02T07:16:16","date_gmt":"2024-01-02T10:16:16","guid":{"rendered":"http:\/\/dsrmedios.com.ar\/diario\/?p=42483"},"modified":"2024-01-02T07:16:18","modified_gmt":"2024-01-02T10:16:18","slug":"la-cgt-celebro-la-suspension-de-la-reforma-laboral-dispuesta-por-la-justicia-y-advirtio-que-el-paro-no-se-suspende","status":"publish","type":"post","link":"http:\/\/dsrmedios.com.ar\/diario\/archivos\/42483","title":{"rendered":"La CGT celebr\u00f3 la suspensi\u00f3n de la reforma laboral dispuesta por la Justicia y advirti\u00f3 que el paro no se suspende"},"content":{"rendered":"\n<p>La CGT\u00a0<strong>celebr\u00f3\u00a0<\/strong>la decisi\u00f3n de la Justicia del Trabajo de suspender de la aplicaci\u00f3n de las normas laborales incluidas en el DNU del presidente Javier Milei al aceptar el reclamo cegetista: \u201cEsta decisi\u00f3n judicial pone\u00a0<strong>un freno a la reforma laboral regresiva y contraria a los trabajadores\u201d,\u00a0<\/strong>resalt\u00f3 la central obrera, mientras advirti\u00f3 que s\u00f3lo podr\u00eda\u00a0<strong>reconsiderar\u00a0<\/strong>el paro del 24 de enero si hubiera\u00a0<strong>\u201cun intento de negociaci\u00f3n\u201d<\/strong>\u00a0del Gobierno: \u201cPero no te mandan a nadie, no obedecen a los c\u00e1nones tradicionales o l\u00f3gicos de una negociaci\u00f3n. As\u00ed que\u00a0<strong>si no hay nada serio, nosotros por supuesto no vamos a suspender nada\u201d,\u00a0<\/strong>dijo a\u00a0<strong>Infobae\u00a0<\/strong>el secretario adjunto de la CGT,\u00a0<strong>Andr\u00e9s Rodr\u00edguez\u00a0<\/strong>(UPCN).<a rel=\"noreferrer noopener\" href=\"https:\/\/www.infobae.com\/politica\/2024\/01\/04\/patricia-bullrich-apunto-contra-el-fallo-que-suspende-la-reforma-laboral-no-se-tocan-los-derechos-de-lo-trabajadores\/\" target=\"_blank\"><\/a><\/p>\n\n\n\n<p>En un comunicado de prensa, la central obrera destac\u00f3 que \u201cla C\u00e1mara (de Apelaciones del Trabajo) considera que el planteo de la CGT no coincide con el tramitado en proceso colectivo que se ventila ante la justicia contencioso administrativo federal, al que el Gobierno pretend\u00eda enviar el expediente, ya que los intereses no son homog\u00e9neos con los que se ventilan en aquel, puesto que&nbsp;<strong>lo que se debate en la justicia laboral es el derecho del trabajo aplicable a los trabajadores de la Argentina\u201d.<\/strong><\/p>\n\n\n\n<p>\u201cEntiende que hay circunstancias graves y objetivamente impostergables que justifican la asunci\u00f3n de competencia de la Justicia Nacional del Trabajo para entender en esta contienda y el dictado de la cautela -agreg\u00f3 el comunicado de prensa-. Justifica su decisi\u00f3n de dictar la medida cautelar en que el DNU introduce importantes modificaciones de aplicaci\u00f3n inmediata en materia laboral no habiendo explicado como las reformas planteadas podr\u00edan remediar la situaci\u00f3n referida en sus fundamentos como para justificar&nbsp;<strong>una reforma laboral general y peyorativa para los trabajadores\u201d.<\/strong><\/p>\n\n\n\n<p><a href=\"https:\/\/www.infobae.com\/politica\/2024\/01\/04\/javier-milei-enviara-al-congreso-el-dnu-de-desregulacion-de-la-economia-pese-al-fallo-que-suspendio-la-reforma-laboral\/\" target=\"_blank\" rel=\"noreferrer noopener\"><\/a><\/p>\n\n\n\n<p><img decoding=\"async\" loading=\"lazy\" alt=\"El gobierno de Javier Milei apelar\u00e1 la cautelar que suspende la reforma laboral del DNU y pedir\u00e1 que pase a otro fuero (Foto EFE)\" height=\"1912\" width=\"2901\" src=\"https:\/\/www.infobae.com\/new-resizer\/nBbNEoYfJIRk3qngOJPwyyFKD10=\/420x280\/filters:format(webp):quality(85)\/cloudfront-us-east-1.images.arcpublishing.com\/infobae\/PTJHGIC5AFGMHB2XPA4RWSIBJE.jpg%20420w\" srcset=\"https:\/\/www.infobae.com\/new-resizer\/nBbNEoYfJIRk3qngOJPwyyFKD10=\/420x280\/filters:format(webp):quality(85)\/cloudfront-us-east-1.images.arcpublishing.com\/infobae\/PTJHGIC5AFGMHB2XPA4RWSIBJE.jpg 420w,https:\/\/www.infobae.com\/new-resizer\/vm6GWZuMZ-TbRieth8SRw9TPueU=\/768x512\/filters:format(webp):quality(85)\/cloudfront-us-east-1.images.arcpublishing.com\/infobae\/PTJHGIC5AFGMHB2XPA4RWSIBJE.jpg 768w,https:\/\/www.infobae.com\/new-resizer\/isTLv-TDuPGol7d3l0IvI7RemyQ=\/992x661\/filters:format(webp):quality(85)\/cloudfront-us-east-1.images.arcpublishing.com\/infobae\/PTJHGIC5AFGMHB2XPA4RWSIBJE.jpg 992w,https:\/\/www.infobae.com\/new-resizer\/vKnt1keuqJE7nE9QP5E-BvY9uWg=\/1200x800\/filters:format(webp):quality(85)\/cloudfront-us-east-1.images.arcpublishing.com\/infobae\/PTJHGIC5AFGMHB2XPA4RWSIBJE.jpg 1200w,https:\/\/www.infobae.com\/new-resizer\/n3jUMj-8KrV29ybFgIn9gvvgiDk=\/1440x960\/filters:format(webp):quality(85)\/cloudfront-us-east-1.images.arcpublishing.com\/infobae\/PTJHGIC5AFGMHB2XPA4RWSIBJE.jpg 1440w\">El gobierno de Javier Milei apelar\u00e1 la cautelar que suspende la reforma laboral del DNU y pedir\u00e1 que pase a otro fuero (Foto EFE)<\/p>\n\n\n\n<p>Para la CGT, la Justicia del Trabajo destaca en su fallo que \u201clas modificaciones introducidas regresivamente afectan la interpretaci\u00f3n de las normas, contrataci\u00f3n laboral, modalidades contractuales, derechos y obligaciones de las partes, protecci\u00f3n de la trabajadora embarazada y de la maternidad, jornada, protecci\u00f3n contra el despido arbitrario, ruptura del contrato y sus consecuencias, discriminaci\u00f3n y sus consecuencias, funcionamiento de las asociaciones gremiales, conflictos colectivos, etc\u201d. Y advirti\u00f3:\u00a0<strong>\u201cEsta decisi\u00f3n judicial pone un freno a la reforma laboral regresiva y contraria a los trabajadores<\/strong>\u00a0y no tendr\u00e1 vigencia hasta tanto la justicia resuelva el planteo de inconstitucionalidad del Cap\u00edtulo IV del DNU 70\/23, como ha solicitado la Confederaci\u00f3n General del Trabajo\u201d.<\/p>\n\n\n\n<p>Este mediod\u00eda,&nbsp;<a rel=\"noreferrer noopener\" href=\"https:\/\/www.infobae.com\/judiciales\/2024\/01\/03\/dictaron-una-medida-cautelar-que-suspende-la-reforma-laboral-incluida-en-el-dnu-de-milei\/\" target=\"_blank\">como anticip\u00f3&nbsp;<strong>Infobae<\/strong>,&nbsp;<\/a>la Justicia del Trabajo, por dos votos a uno de la C\u00e1mara de feria, resolvi\u00f3 hacer lugar a la medida cautelar solicitada por la CGT que suspende la aplicaci\u00f3n de las normas laborales incluidas en el DNU, en el primer freno judicial a los alcances del DNU 70\/2023. En el fallo se incluyen citas de<strong>&nbsp;Juan Bautista Alberdi,&nbsp;<\/strong>el jurista admirado por el jefe de Estado: \u201c<strong>Las formas republicanas no son mera ret\u00f3rica<\/strong>&nbsp;sino que hacen a la esencia misma del sistema\u201d.<\/p>\n\n\n\n<p><a href=\"https:\/\/www.infobae.com\/politica\/2024\/01\/04\/la-encuesta-que-analizo-el-impacto-del-dnu-de-milei-y-las-reformas-de-la-ley-omnibus\/\" target=\"_blank\" rel=\"noreferrer noopener\"><\/a><\/p>\n\n\n\n<p>La C\u00e1mara de feria ni siquiera esper\u00f3 la justificaci\u00f3n oficial en el expediente para defender el DNU, justo cuando estaba en juego si pod\u00eda pronunciarse.<strong>&nbsp;El Gobierno confirm\u00f3 que apelar\u00e1 la resoluci\u00f3n ante la Corte Suprema.&nbsp;<\/strong>El procurador del Tesoro,&nbsp;<strong>Rodolfo Barra,<\/strong>&nbsp;quer\u00eda que el caso quedara en el fuero en lo contencioso administrativo, que ya concentr\u00f3 la mayor\u00eda de las presentaciones.<\/p>\n\n\n\n<p><img decoding=\"async\" loading=\"lazy\" alt=\"La CGT, junto con piqueteros y partidos de izquierda, se manifestaron en Tribunales contra el DNU de Javier Milei (Foto AP)\" height=\"1080\" width=\"1920\" src=\"https:\/\/www.infobae.com\/new-resizer\/02o_2DLQZpnhuquylBm6EH-cw-o=\/420x236\/filters:format(webp):quality(85)\/cloudfront-us-east-1.images.arcpublishing.com\/infobae\/RIQVTOYO7ZHBZBCZMUYLGVAEZ4.jpg%20420w\" srcset=\"https:\/\/www.infobae.com\/new-resizer\/02o_2DLQZpnhuquylBm6EH-cw-o=\/420x236\/filters:format(webp):quality(85)\/cloudfront-us-east-1.images.arcpublishing.com\/infobae\/RIQVTOYO7ZHBZBCZMUYLGVAEZ4.jpg 420w,https:\/\/www.infobae.com\/new-resizer\/EV9gf7HVunkhTnLVmBltb7thkAs=\/768x432\/filters:format(webp):quality(85)\/cloudfront-us-east-1.images.arcpublishing.com\/infobae\/RIQVTOYO7ZHBZBCZMUYLGVAEZ4.jpg 768w,https:\/\/www.infobae.com\/new-resizer\/hXX8FFGLB7St6jmfZIUWpJUw-zs=\/992x558\/filters:format(webp):quality(85)\/cloudfront-us-east-1.images.arcpublishing.com\/infobae\/RIQVTOYO7ZHBZBCZMUYLGVAEZ4.jpg 992w,https:\/\/www.infobae.com\/new-resizer\/GfvRyI0BDwx7u9Fz1TpyCd4TGNQ=\/1200x675\/filters:format(webp):quality(85)\/cloudfront-us-east-1.images.arcpublishing.com\/infobae\/RIQVTOYO7ZHBZBCZMUYLGVAEZ4.jpg 1200w,https:\/\/www.infobae.com\/new-resizer\/SgjGRqJSYp-tnOk3O6HQW2UfP24=\/1440x810\/filters:format(webp):quality(85)\/cloudfront-us-east-1.images.arcpublishing.com\/infobae\/RIQVTOYO7ZHBZBCZMUYLGVAEZ4.jpg 1440w\">La CGT, junto con piqueteros y partidos de izquierda, se manifestaron en Tribunales contra el DNU de Javier Milei (Foto AP)<\/p>\n\n\n\n<p>El fallo fue firmado en mayor\u00eda por los jueces&nbsp;<strong>Jos\u00e9<\/strong>&nbsp;<strong>Alejandro Sudera y Andrea Garc\u00eda Vior,&nbsp;<\/strong>quienes resolvieron frenar los tramos que aluden a las modificaciones laborales. En disidencia, la tercera jueza,<strong>&nbsp;Dora Gonz\u00e1lez,&nbsp;<\/strong>consider\u00f3 que el caso deb\u00eda pasar a la C\u00e1mara Contencioso Administrativo Federal para que defina qu\u00e9 fuero debe tramitar el expediente, como hab\u00eda dicho la fiscal\u00eda.<\/p>\n\n\n\n<p>La CGT hizo&nbsp;<strong>una apuesta fuerte a la v\u00eda judicial&nbsp;<\/strong>para frenar la reforma laboral contenida en el DNU. Tras el fallo que rechaz\u00f3 la medida precautelar, la central obrera sostuvo en su apelaci\u00f3n -que lleva la firma de sus cotitularees&nbsp;<strong>H\u00e9ctor Daer, Pablo Moyano y Carlos Acu\u00f1a-&nbsp;<\/strong>que representa a \u201csectores vulnerables\u201d como son los trabajadores que se pueden ver afectados por las reformas del DNU. \u201cLa aplicaci\u00f3n inminente arrogar\u00e1 un da\u00f1o de relevancia tanto para las asociaciones sindicales como para los trabajadores,porque el DNU 70\/23&nbsp;<strong>cercena derechos adquiridos de protecci\u00f3n constitucional\u201d.<\/strong><\/p>\n\n\n\n<p><\/p>\n\n\n\n<p>Para la central obrera, seg\u00fan consta en su apelaci\u00f3n, est\u00e1 en juego&nbsp;<strong>\u201cel avasallamiento al Poder Legislativo que implica el DNU 70\/ 23 y la jurisprudencia de la Corte Suprema de Justicia de la Naci\u00f3n\u201d.&nbsp;<\/strong>\u201cEn el momento actual no s\u00f3lo no existen causas objetivas para impedir la reuni\u00f3n de las C\u00e1maras que componen el Poder Legislativo -destac\u00f3-, sino que el propio Poder Ejecutivo lo reconoce al convocarlas a sesiones extraordinarias a partir del 26\/12\/2023 (Mensaje 6\/2023)\u201d.<\/p>\n\n\n\n<p><img decoding=\"async\" loading=\"lazy\" alt=\"El procurador del Tesoro, Rodolfo Barra, apelar\u00e1 la cautelar que suspende la reforma laboral del DNU\" height=\"1080\" width=\"1920\" src=\"https:\/\/www.infobae.com\/new-resizer\/QPwZuG5YLcwbSyA7h0fivwosevw=\/420x236\/filters:format(webp):quality(85)\/cloudfront-us-east-1.images.arcpublishing.com\/infobae\/GMOYDEOZLZADNPB64NBMELTJAQ.jpg%20420w\" srcset=\"https:\/\/www.infobae.com\/new-resizer\/QPwZuG5YLcwbSyA7h0fivwosevw=\/420x236\/filters:format(webp):quality(85)\/cloudfront-us-east-1.images.arcpublishing.com\/infobae\/GMOYDEOZLZADNPB64NBMELTJAQ.jpg 420w,https:\/\/www.infobae.com\/new-resizer\/FykgBEczKvdG16oQU9mbXIkhqg8=\/768x432\/filters:format(webp):quality(85)\/cloudfront-us-east-1.images.arcpublishing.com\/infobae\/GMOYDEOZLZADNPB64NBMELTJAQ.jpg 768w,https:\/\/www.infobae.com\/new-resizer\/qraYjypwAKUYuUfBvdNXmBl9_h8=\/992x558\/filters:format(webp):quality(85)\/cloudfront-us-east-1.images.arcpublishing.com\/infobae\/GMOYDEOZLZADNPB64NBMELTJAQ.jpg 992w,https:\/\/www.infobae.com\/new-resizer\/fGviRyQ6O8muagImm0Qmn6x24HA=\/1200x675\/filters:format(webp):quality(85)\/cloudfront-us-east-1.images.arcpublishing.com\/infobae\/GMOYDEOZLZADNPB64NBMELTJAQ.jpg 1200w,https:\/\/www.infobae.com\/new-resizer\/nvMz43yHwjeiQutbgWPZTYIemhY=\/1440x810\/filters:format(webp):quality(85)\/cloudfront-us-east-1.images.arcpublishing.com\/infobae\/GMOYDEOZLZADNPB64NBMELTJAQ.jpg 1440w\">El procurador del Tesoro, Rodolfo Barra, apelar\u00e1 la cautelar que suspende la reforma laboral del DNU<\/p>\n\n\n\n<p>En di\u00e1logo con&nbsp;<strong>Infobae,<\/strong>&nbsp;Rodr\u00edguez destac\u00f3 \u201cel esfuerzo de la CGT, que recurri\u00f3 a la Justicia, uno de los espacios que ten\u00edamos para neutralizar este DNU,&nbsp;<strong>dio el primer resultado\u201d,<\/strong>&nbsp;tras lo cual agradeci\u00f3 \u201cla&nbsp;<strong>celeridad&nbsp;<\/strong>con que la C\u00e1mara del Trabajo hizo lugar a la cautelar pedida por la CGT y, por supuesto, ahora&nbsp;<strong>esperamos que siga el an\u00e1lisis de fondo para declarar inconstitucional&nbsp;<\/strong>este decreto\u201d.<\/p>\n\n\n\n<p>Consultado acerca de si el freno a la reforma laboral podr\u00eda derivar en la suspensi\u00f3n del paro del 24 de enero, sostuvo que&nbsp;<strong>\u201cpor ahora no\u201d,&nbsp;<\/strong>aunque admiti\u00f3: \u201cSi el Gobierno mantiene verdaderamente en serio una conversaci\u00f3n o un intento de negociaci\u00f3n,&nbsp;<strong>veremos, pero, por ahora, no hay nada\u201d.<\/strong><\/p>\n\n\n\n<p><img decoding=\"async\" loading=\"lazy\" alt=\"Andr\u00e9s Rodr\u00edguez, de la CGT:  &quot;Si no hay nada serio (en materia de negociaci\u00f3n con el Gobierno), nosotros por supuesto no vamos a suspender&quot; el paro del 24 de enero\" height=\"1080\" width=\"1920\" src=\"https:\/\/www.infobae.com\/new-resizer\/ygzyw2ErUH5UeHOhHUUZZAcIY3Y=\/420x236\/filters:format(webp):quality(85)\/cloudfront-us-east-1.images.arcpublishing.com\/infobae\/ZUCT4QYKWVFWLBZ7555KBKHOE4.jpg%20420w\" srcset=\"https:\/\/www.infobae.com\/new-resizer\/ygzyw2ErUH5UeHOhHUUZZAcIY3Y=\/420x236\/filters:format(webp):quality(85)\/cloudfront-us-east-1.images.arcpublishing.com\/infobae\/ZUCT4QYKWVFWLBZ7555KBKHOE4.jpg 420w,https:\/\/www.infobae.com\/new-resizer\/xp5_B5PcnugN_cuZshC02Dr9dXk=\/768x432\/filters:format(webp):quality(85)\/cloudfront-us-east-1.images.arcpublishing.com\/infobae\/ZUCT4QYKWVFWLBZ7555KBKHOE4.jpg 768w,https:\/\/www.infobae.com\/new-resizer\/A4f8-n3qS1ruW2278P_TGItZxRk=\/992x558\/filters:format(webp):quality(85)\/cloudfront-us-east-1.images.arcpublishing.com\/infobae\/ZUCT4QYKWVFWLBZ7555KBKHOE4.jpg 992w,https:\/\/www.infobae.com\/new-resizer\/lGinkMU_cqEdzN_ypsSmXwVycr8=\/1200x675\/filters:format(webp):quality(85)\/cloudfront-us-east-1.images.arcpublishing.com\/infobae\/ZUCT4QYKWVFWLBZ7555KBKHOE4.jpg 1200w,https:\/\/www.infobae.com\/new-resizer\/sXRQcYGFF2n5HOLJ1TtXDCxmPUQ=\/1440x810\/filters:format(webp):quality(85)\/cloudfront-us-east-1.images.arcpublishing.com\/infobae\/ZUCT4QYKWVFWLBZ7555KBKHOE4.jpg 1440w\">Andr\u00e9s Rodr\u00edguez, de la CGT: &#8220;Si no hay nada serio (en materia de negociaci\u00f3n con el Gobierno), nosotros por supuesto no vamos a suspender&#8221; el paro del 24 de enero<\/p>\n\n\n\n<p>Rodr\u00edguez hizo hincapi\u00e9 en que&nbsp;<strong>la CGT hoy no eval\u00faa levantar la huelga:<\/strong>&nbsp;\u201cNo analizamos nada.&nbsp;<strong>Hasta ahora el Gobierno se maneja por los medios.<\/strong>&nbsp;Lo est\u00e1n diciendo incluso todos, hasta el propio Congreso y los gobernadores. Si sac\u00e1s un decreto duro, pero ten\u00e9s intenci\u00f3n de negociar, me mand\u00e1s un emisario y me dec\u00eds: \u2018A ver, \u00bfen qu\u00e9 lo cambio para que aflojes?\u2019 Bueno, eso es una negociaci\u00f3n, ahora&nbsp;<strong>que te digan p\u00fablicamente que no tienen problemas, pero no te mandan a nadie, no obedece a los c\u00e1nones tradicionales o l\u00f3gicos de una negociaci\u00f3n.&nbsp;<\/strong>As\u00ed que&nbsp;<strong>si no hay nada serio, nosotros por supuesto no vamos a suspender nada\u201d.<\/strong><\/p>\n\n\n\n<p>Adem\u00e1s de la presentaci\u00f3n judicial contra el DNU, la CGT rompi\u00f3\u00a0<strong>una actitud pasiva de cuatro a\u00f1os sin medidas de fuerza<\/strong>\u00a0(el \u00faltimo paro general fue en mayo de 2019, en el gobierno de Mauricio Macri) a trav\u00e9s de un\u00a0<strong>acto en Plaza Lavalle<\/strong>\u00a0que se hizo el mi\u00e9rcoles pasado para acompa\u00f1ar el pedido de inconstitucionalidad y, al d\u00eda siguiente, el Comit\u00e9 Central Confederal cegetista decidi\u00f3\u00a0<strong>un paro general de 12 horas con movilizaci\u00f3n al Congreso para el 24 de enero<\/strong>\u00a0en contra del decreto de Milei.<\/p>\n\n\n\n<p>Fuente: Infobae<\/p>\n","protected":false},"excerpt":{"rendered":"<div class=\"mh-excerpt\"><p>La CGT\u00a0celebr\u00f3\u00a0la decisi\u00f3n de la Justicia del Trabajo de suspender de la aplicaci\u00f3n de las normas laborales incluidas en el DNU del presidente Javier Milei al aceptar el reclamo cegetista: \u201cEsta decisi\u00f3n judicial pone\u00a0un freno a la reforma laboral regresiva y contraria a los trabajadores\u201d,\u00a0resalt\u00f3 la central obrera, mientras advirti\u00f3 que s\u00f3lo podr\u00eda\u00a0reconsiderar\u00a0el paro del 24 de enero si hubiera\u00a0\u201cun intento de negociaci\u00f3n\u201d\u00a0del Gobierno: \u201cPero no te mandan a nadie, no obedecen a los c\u00e1nones tradicionales o l\u00f3gicos de una negociaci\u00f3n. As\u00ed que\u00a0si no hay nada serio, nosotros por supuesto no vamos a suspender nada\u201d,\u00a0dijo a\u00a0Infobae\u00a0el secretario adjunto de la <a class=\"mh-excerpt-more\" href=\"http:\/\/dsrmedios.com.ar\/diario\/archivos\/42483\" title=\"La CGT celebr\u00f3 la suspensi\u00f3n de la reforma laboral dispuesta por la Justicia y advirti\u00f3 que el paro no se suspende\">[Leer m\u00e1s]<\/a><\/p>\n<\/div>","protected":false},"author":8,"featured_media":42484,"comment_status":"open","ping_status":"closed","sticky":false,"template":"","format":"standard","meta":{"_jetpack_newsletter_access":""},"categories":[6],"tags":[],"jetpack_featured_media_url":"http:\/\/dsrmedios.com.ar\/diario\/wp-content\/uploads\/2024\/01\/6MK24JVTXFCGDNYQZM6MDRXXYM.jpg","jetpack_sharing_enabled":true,"jetpack_shortlink":"https:\/\/wp.me\/p9fihK-b3d","_links":{"self":[{"href":"http:\/\/dsrmedios.com.ar\/diario\/wp-json\/wp\/v2\/posts\/42483"}],"collection":[{"href":"http:\/\/dsrmedios.com.ar\/diario\/wp-json\/wp\/v2\/posts"}],"about":[{"href":"http:\/\/dsrmedios.com.ar\/diario\/wp-json\/wp\/v2\/types\/post"}],"author":[{"embeddable":true,"href":"http:\/\/dsrmedios.com.ar\/diario\/wp-json\/wp\/v2\/users\/8"}],"replies":[{"embeddable":true,"href":"http:\/\/dsrmedios.com.ar\/diario\/wp-json\/wp\/v2\/comments?post=42483"}],"version-history":[{"count":1,"href":"http:\/\/dsrmedios.com.ar\/diario\/wp-json\/wp\/v2\/posts\/42483\/revisions"}],"predecessor-version":[{"id":42485,"href":"http:\/\/dsrmedios.com.ar\/diario\/wp-json\/wp\/v2\/posts\/42483\/revisions\/42485"}],"wp:featuredmedia":[{"embeddable":true,"href":"http:\/\/dsrmedios.com.ar\/diario\/wp-json\/wp\/v2\/media\/42484"}],"wp:attachment":[{"href":"http:\/\/dsrmedios.com.ar\/diario\/wp-json\/wp\/v2\/media?parent=42483"}],"wp:term":[{"taxonomy":"category","embeddable":true,"href":"http:\/\/dsrmedios.com.ar\/diario\/wp-json\/wp\/v2\/categories?post=42483"},{"taxonomy":"post_tag","embeddable":true,"href":"http:\/\/dsrmedios.com.ar\/diario\/wp-json\/wp\/v2\/tags?post=42483"}],"curies":[{"name":"wp","href":"https:\/\/api.w.org\/{rel}","templated":true}]}}