{"id":42477,"date":"2024-01-02T07:12:49","date_gmt":"2024-01-02T10:12:49","guid":{"rendered":"http:\/\/dsrmedios.com.ar\/diario\/?p=42477"},"modified":"2024-01-02T07:12:51","modified_gmt":"2024-01-02T10:12:51","slug":"comienza-el-ajuste-fiscal-el-gobierno-prepara-un-decreto-con-la-asignacion-de-gastos-a-todos-los-ministerios","status":"publish","type":"post","link":"http:\/\/dsrmedios.com.ar\/diario\/archivos\/42477","title":{"rendered":"Comienza el ajuste fiscal: el Gobierno prepara un decreto con la asignaci\u00f3n de gastos a todos los ministerios"},"content":{"rendered":"\n<p>Tras la pr\u00f3rroga del&nbsp;<strong>Presupuesto 2023<\/strong>, que ser\u00e1 la referencia para la estimaci\u00f3n del gasto para todos los ministerios este a\u00f1o, el Gobierno dar\u00e1 en los pr\u00f3ximos d\u00edas el primer paso para darle forma, con n\u00fameros y planillas, al&nbsp;<strong>fuerte ajuste fiscal<\/strong>&nbsp;del primer a\u00f1o de mandato. El Poder Ejecutivo, por la v\u00eda de un decreto de Jefatura de Gabinete (JGM), le asignar\u00e1 a c\u00e1da \u00e1rea su previsi\u00f3n de&nbsp;<strong>partidas anuales<\/strong>, que luego ser\u00e1n&nbsp;<strong>cuotificadas para el primer trimestre<\/strong>&nbsp;del a\u00f1o por parte del Ministerio de Econom\u00eda.<\/p>\n\n\n\n<p><a href=\"https:\/\/www.infobae.com\/economia\/2024\/01\/04\/roberto-cachanosky-un-pais-no-se-hace-liberal-por-un-decreto-de-necesidad-y-urgencia\/\" target=\"_blank\" rel=\"noreferrer noopener\"><\/a><\/p>\n\n\n\n<p>Los&nbsp;<strong>40,4 billones de pesos<\/strong>&nbsp;de cr\u00e9dito final que tuvo el presupuesto nacional al cierre de diciembre ser\u00e1n, a priori, el techo que tendr\u00e1 el Gobierno para gastar este a\u00f1o. El congelamiento de esa cifra se dar\u00e1 incluso en un contexto de alta inflaci\u00f3n que podr\u00eda hacer&nbsp;<strong>\u201cconsumir\u201d las partidas r\u00e1pidamente<\/strong>&nbsp;por efecto de la nominalidad.<\/p>\n\n\n\n<p>T\u00edpicamente, en los primeros d\u00edas de enero el Poder Ejecutivo decreta a trav\u00e9s de una&nbsp;<strong>resoluci\u00f3n de JGM<\/strong>&nbsp;c\u00f3mo se distribuir\u00e1 el presupuesto en t\u00e9rminos anuales. En general, se hace con el presupuesto que haya aprobado el Congreso el a\u00f1o anterior. En este caso deber\u00e1 moverse con los bordes que estipula la ley de ingresos y gastos del a\u00f1o anterior.<\/p>\n\n\n\n<p><a href=\"https:\/\/www.infobae.com\/economia\/2024\/01\/04\/dolar-hoy-en-vivo-a-cuanto-abre-este-jueves-4-de-enero-y-cual-es-el-precio-minuto-a-minuto\/\" target=\"_blank\" rel=\"noreferrer noopener\"><\/a><\/p>\n\n\n\n<blockquote class=\"wp-block-quote\">\n<p>Los 40,4 billones de pesos de cr\u00e9dito final que tuvo el presupuesto nacional al cierre de diciembre ser\u00e1n, a priori, el techo que tendr\u00e1 el Gobierno este a\u00f1o para gastar este a\u00f1o<\/p>\n<\/blockquote>\n\n\n\n<p>Seg\u00fan explicaron a<strong>&nbsp;Infobae<\/strong>&nbsp;expertos en administraci\u00f3n p\u00fablica, la falta de actualizaci\u00f3n de la cifra global de gastos tiene una contracara que es la&nbsp;<strong>subestimaci\u00f3n de los ingresos fiscales<\/strong>. Este a\u00f1o no solo por efecto de la inflaci\u00f3n la recaudaci\u00f3n tributaria ser\u00e1 mayor a la del a\u00f1o pasado sino que la base comparativa de 2023 ser\u00e1 baja por la sequ\u00eda que impact\u00f3 en los derechos de exportaci\u00f3n.<\/p>\n\n\n\n<p>Una vez que la Jefatura de Gabinete realice ese primer paso, ser\u00e1 tarea de la Secretar\u00eda de Hacienda, que encabeza el ex t\u00e9cnico de la Oficina de Presupuesto del Congreso (OPC)\u00a0<strong>Carlos Guberman<\/strong>, que depende en el organigrama del ministro de Econom\u00eda\u00a0<strong>Luis Caputo<\/strong>, administrar ese presupuesto en cuotas trimestrales para cada ministerio. Es en esta segunda etapa en la que quedar\u00e1 de manifiesto qu\u00e9 \u00e1reas del sector p\u00fablico contar\u00e1n con mayores flujo de fondos y cu\u00e1les con menos.<a rel=\"noreferrer noopener\" href=\"https:\/\/www.infobae.com\/economia\/2024\/01\/04\/dolar-hoy-en-vivo-a-cuanto-abre-este-jueves-4-de-enero-y-cual-es-el-precio-minuto-a-minuto\/\" target=\"_blank\"><\/a><\/p>\n\n\n\n<p>\u201cLa Jefatura de Gabinete a instancias de Hacienda distribuye el cr\u00e9dito anual entre organismos con las consideraciones que decidan en base a&nbsp;<strong>art\u00edculo 27<\/strong>&nbsp;de la ley de administraci\u00f3n financiera. Y sobre ese cr\u00e9dito anual luego Hacienda trabaja las cuotas\u201d, explic\u00f3 a&nbsp;<strong>Infobae<\/strong>&nbsp;un experto en el funcionamiento de las cuentas p\u00fablicas.<\/p>\n\n\n\n<p><img decoding=\"async\" loading=\"lazy\" alt=\"El jefe de gabinete Nicol\u00e1s Posse distribuir\u00e1 en los pr\u00f3ximos d\u00edas el presupuesto prorrogado de 2023 (Franco Fafasuli)\" height=\"1080\" width=\"1920\" src=\"https:\/\/www.infobae.com\/new-resizer\/a9R_ksfrOF14DiS9sUOnPUCik9s=\/420x236\/filters:format(webp):quality(85)\/cloudfront-us-east-1.images.arcpublishing.com\/infobae\/AVFD5JNAXRHT7DBCYLIB245EE4.jpg%20420w\" srcset=\"https:\/\/www.infobae.com\/new-resizer\/a9R_ksfrOF14DiS9sUOnPUCik9s=\/420x236\/filters:format(webp):quality(85)\/cloudfront-us-east-1.images.arcpublishing.com\/infobae\/AVFD5JNAXRHT7DBCYLIB245EE4.jpg 420w,https:\/\/www.infobae.com\/new-resizer\/s5WIJCSetXciRFuA62IntGv2fIs=\/768x432\/filters:format(webp):quality(85)\/cloudfront-us-east-1.images.arcpublishing.com\/infobae\/AVFD5JNAXRHT7DBCYLIB245EE4.jpg 768w,https:\/\/www.infobae.com\/new-resizer\/DAn84PGSveJJQftIap3sWugHS90=\/992x558\/filters:format(webp):quality(85)\/cloudfront-us-east-1.images.arcpublishing.com\/infobae\/AVFD5JNAXRHT7DBCYLIB245EE4.jpg 992w,https:\/\/www.infobae.com\/new-resizer\/Feu9xh1yjAGF4PgdayWEaCkKBrQ=\/1200x675\/filters:format(webp):quality(85)\/cloudfront-us-east-1.images.arcpublishing.com\/infobae\/AVFD5JNAXRHT7DBCYLIB245EE4.jpg 1200w,https:\/\/www.infobae.com\/new-resizer\/FKElgSwnTQCODQ1Jjz8TCND_ZK0=\/1440x810\/filters:format(webp):quality(85)\/cloudfront-us-east-1.images.arcpublishing.com\/infobae\/AVFD5JNAXRHT7DBCYLIB245EE4.jpg 1440w\">El jefe de gabinete Nicol\u00e1s Posse distribuir\u00e1 en los pr\u00f3ximos d\u00edas el presupuesto prorrogado de 2023 (Franco Fafasuli)<\/p>\n\n\n\n<p>Ese art\u00edculo es el que plantea que en caso de que no existiese un presupuesto para ese a\u00f1o, la pr\u00f3rroga deber\u00e1 eliminar los rubros de recursos que no puedan ser recaudados nuevamente; suprimir los ingresos provenientes de operaciones de cr\u00e9dito; excluir los excedentes de ejercicios anteriores correspondientes al ejercicio financiero previo (en este caso de 2022); y estimar cada uno de los rubros de recursos para el nuevo ejercicio e incluir\u00e1 los recursos provenientes de operaciones de cr\u00e9dito p\u00fablico en ejecuci\u00f3n.<\/p>\n\n\n\n<p>Algunos rubros, creen en el equipo econ\u00f3mico, podr\u00eda registrar ajustes casi inmediatos. Por caso, el&nbsp;<strong>60%<\/strong>&nbsp;del ajuste fiscal que buscar\u00e1 para 2024 el gobierno de&nbsp;<strong>Javier Milei<\/strong>&nbsp;est\u00e1 explicado por una&nbsp;<strong>poda presupuestaria<\/strong>&nbsp;para algunos sectores como las&nbsp;<strong>transferencias a provincias, la obra p\u00fablica<\/strong>&nbsp;-estas dos son se\u00f1aladas como las erogaciones que con mayor rapidez sufrir\u00e1n un guada\u00f1azo. Subsidios, jubilaciones, programas sociales y otros gastos de funcionamiento del Estado tendr\u00eda un efecto visible m\u00e1s tard\u00edo.<\/p>\n\n\n\n<p>Otro ajuste es el reformateo del tributo a los&nbsp;<strong>ingresos personales<\/strong>. Al respecto, en el equipo econ\u00f3mico esperaron hasta \u00faltimo momento para tener el dato de inflaci\u00f3n de diciembre lo m\u00e1s consolidado posible antes de enviar al parlamento el cambio de escalas para la nueva versi\u00f3n de Ganancias. Se espera, en ese sentido, que el texto de ley pise el Congreso en estos primeros d\u00edas del 2024.<\/p>\n\n\n\n<blockquote class=\"wp-block-quote\">\n<p>Este a\u00f1o no solo por efecto de la inflaci\u00f3n ser\u00e1 mayor la recaudaci\u00f3n tributaria sino que la base comparativa de 2023 ser\u00e1 baja por la sequ\u00eda que impact\u00f3 en los derechos de exportaci\u00f3n<\/p>\n<\/blockquote>\n\n\n\n<p>Un informe de la Fundaci\u00f3n Mediterr\u00e1nea, que hasta hace algunas semanas presid\u00eda&nbsp;<strong>Carlos Melconian<\/strong>, analiz\u00f3 cada \u00edtem de recorte de gasto. En materia de jubilaciones, interpreta, \u201cpuede tratarse de un nuevo a\u00f1o de&nbsp;<strong>ca\u00edda en los haberes<\/strong>&nbsp;reales de los jubilados (ya casi perdieron 50% en una d\u00e9cada) o el no pago durante 2024 de bonos adicionales a los jubilados que cobran la m\u00ednima\u201d.&nbsp;<a href=\"https:\/\/www.infobae.com\/economia\/2023\/12\/28\/jubilaciones-el-gobierno-pagara-un-bono-de-55000-en-enero-y-febrero-y-luego-subas-mensuales-si-se-aprueba-la-ley-omnibus\/\">En enero y febrero<\/a>, al menos, ser\u00e1n abonados. Si se aprobara la ley \u00f3mnibus, el Gobierno apuntar\u00eda a una suerte de indexaci\u00f3n con subas mensuales.<\/p>\n\n\n\n<p>En lo que respecta a la obra p\u00fablica, el 0,7% que le corresponde \u201cimplicar\u00eda recortar alrededor de un&nbsp;<strong>50% de la inversi\u00f3n p\u00fablica nacional&nbsp;<\/strong>y de las transferencias con ese destino que se hacen a provincias\u201d. En tanto, afirm\u00f3 la Fundaci\u00f3n Mediterr\u00e1nea, \u201cel ahorro fiscal de 0,4% del PIB previsto en programas sociales con intermediarios, supone&nbsp;<strong>congelar los pagos<\/strong>&nbsp;en 2024 al nivel que tienen a finales de 2023. Apunta principalmente al programa&nbsp;<strong>Potenciar Trabajo<\/strong>, que cuenta con 1.250.000 beneficiarios, cuando eran alrededor de 200.000 en 2015\u2033.<\/p>\n\n\n\n<p>Otro elemento que a\u00fan no se conoce es c\u00f3mo manejar\u00e1 el nuevo gobierno los pagos atrasados que hered\u00f3 de la administraci\u00f3n anterior. Esa deuda flotante heredada de<strong>&nbsp;Sergio Massa<\/strong>&nbsp;hacia&nbsp;<strong>Luis Caputo<\/strong>&nbsp;orilla los<strong>&nbsp;2 billones de pesos<\/strong>&nbsp;y pondr\u00e1 bajo presi\u00f3n el equilibrio fiscal que busca el equipo econ\u00f3mico.<\/p>\n\n\n\n<p>Los \u00faltimos datos de la Tesorer\u00eda General de la Naci\u00f3n, a los que tuvo acceso\u00a0<strong>Infobae<\/strong>, muestran que el stock de pagos atrasados volvi\u00f3 a pegar un leve salto en noviembre, el \u00faltimo mes de gesti\u00f3n completa de Alberto Fern\u00e1ndez. A esa altura del a\u00f1o la deuda flotante redonde\u00f3\u00a0<strong>1,952 billones de pesos<\/strong>. Implicar\u00eda as\u00ed un crecimiento de\u00a0<strong>225%\u00a0<\/strong>en el \u00faltimo a\u00f1o y de\u00a0<strong>147%<\/strong>\u00a0desde que comenz\u00f3 el 2023.<\/p>\n\n\n\n<p>Fuente: Infobae<\/p>\n","protected":false},"excerpt":{"rendered":"<div class=\"mh-excerpt\"><p>Tras la pr\u00f3rroga del&nbsp;Presupuesto 2023, que ser\u00e1 la referencia para la estimaci\u00f3n del gasto para todos los ministerios este a\u00f1o, el Gobierno dar\u00e1 en los pr\u00f3ximos d\u00edas el primer paso para darle forma, con n\u00fameros y planillas, al&nbsp;fuerte ajuste fiscal&nbsp;del primer a\u00f1o de mandato. El Poder Ejecutivo, por la v\u00eda de un decreto de Jefatura de Gabinete (JGM), le asignar\u00e1 a c\u00e1da \u00e1rea su previsi\u00f3n de&nbsp;partidas anuales, que luego ser\u00e1n&nbsp;cuotificadas para el primer trimestre&nbsp;del a\u00f1o por parte del Ministerio de Econom\u00eda. Los&nbsp;40,4 billones de pesos&nbsp;de cr\u00e9dito final que tuvo el presupuesto nacional al cierre de diciembre ser\u00e1n, a priori, el <a class=\"mh-excerpt-more\" href=\"http:\/\/dsrmedios.com.ar\/diario\/archivos\/42477\" title=\"Comienza el ajuste fiscal: el Gobierno prepara un decreto con la asignaci\u00f3n de gastos a todos los ministerios\">[Leer m\u00e1s]<\/a><\/p>\n<\/div>","protected":false},"author":8,"featured_media":42478,"comment_status":"open","ping_status":"closed","sticky":false,"template":"","format":"standard","meta":{"_jetpack_newsletter_access":""},"categories":[6],"tags":[],"jetpack_featured_media_url":"http:\/\/dsrmedios.com.ar\/diario\/wp-content\/uploads\/2024\/01\/3ULOXYAEKRACDMSNBG4L77JCB4.jpg","jetpack_sharing_enabled":true,"jetpack_shortlink":"https:\/\/wp.me\/p9fihK-b37","_links":{"self":[{"href":"http:\/\/dsrmedios.com.ar\/diario\/wp-json\/wp\/v2\/posts\/42477"}],"collection":[{"href":"http:\/\/dsrmedios.com.ar\/diario\/wp-json\/wp\/v2\/posts"}],"about":[{"href":"http:\/\/dsrmedios.com.ar\/diario\/wp-json\/wp\/v2\/types\/post"}],"author":[{"embeddable":true,"href":"http:\/\/dsrmedios.com.ar\/diario\/wp-json\/wp\/v2\/users\/8"}],"replies":[{"embeddable":true,"href":"http:\/\/dsrmedios.com.ar\/diario\/wp-json\/wp\/v2\/comments?post=42477"}],"version-history":[{"count":1,"href":"http:\/\/dsrmedios.com.ar\/diario\/wp-json\/wp\/v2\/posts\/42477\/revisions"}],"predecessor-version":[{"id":42479,"href":"http:\/\/dsrmedios.com.ar\/diario\/wp-json\/wp\/v2\/posts\/42477\/revisions\/42479"}],"wp:featuredmedia":[{"embeddable":true,"href":"http:\/\/dsrmedios.com.ar\/diario\/wp-json\/wp\/v2\/media\/42478"}],"wp:attachment":[{"href":"http:\/\/dsrmedios.com.ar\/diario\/wp-json\/wp\/v2\/media?parent=42477"}],"wp:term":[{"taxonomy":"category","embeddable":true,"href":"http:\/\/dsrmedios.com.ar\/diario\/wp-json\/wp\/v2\/categories?post=42477"},{"taxonomy":"post_tag","embeddable":true,"href":"http:\/\/dsrmedios.com.ar\/diario\/wp-json\/wp\/v2\/tags?post=42477"}],"curies":[{"name":"wp","href":"https:\/\/api.w.org\/{rel}","templated":true}]}}