{"id":42476,"date":"2024-01-02T07:13:58","date_gmt":"2024-01-02T10:13:58","guid":{"rendered":"http:\/\/dsrmedios.com.ar\/diario\/?p=42476"},"modified":"2024-01-02T07:14:00","modified_gmt":"2024-01-02T10:14:00","slug":"juristas-respaldaron-el-fallo-de-la-camara-del-trabajo-que-suspende-el-dnu-de-javier-milei-en-materia-laboral","status":"publish","type":"post","link":"http:\/\/dsrmedios.com.ar\/diario\/archivos\/42476","title":{"rendered":"Juristas respaldaron el fallo de la C\u00e1mara del Trabajo que suspende el DNU de Javier Milei en materia laboral"},"content":{"rendered":"\n<p>La C\u00e1mara Nacional del Trabajo acept\u00f3 este mi\u00e9rcoles el pedido de la CGT y<a rel=\"noreferrer noopener\" href=\"https:\/\/www.infobae.com\/judiciales\/2024\/01\/03\/dictaron-una-medida-cautelar-que-suspende-la-reforma-laboral-incluida-en-el-dnu-de-milei\/\" target=\"_blank\"><strong>\u00a0por medio de una medida cautelar suspendi\u00f3\u00a0<\/strong><\/a>los efectos del t\u00edtulo IV del Decreto de Necesidad y Urgencia impulsado por el gobierno de\u00a0<strong>Javier Milei<\/strong>\u00a0para desregular la econom\u00eda. El fallo\u00a0<a rel=\"noreferrer noopener\" href=\"https:\/\/www.infobae.com\/judiciales\/2024\/01\/03\/el-fallo-completo-con-el-que-la-justicia-suspendio-los-efectos-de-la-reforma-laboral-incluida-en-el-dnu-de-javier-milei\/\" target=\"_blank\">sali\u00f3 por mayor\u00eda<\/a>\u00a0y dio cuenta de las \u201cimportantes modificaciones de aplicaci\u00f3n inmediata\u201d del\u00a0<strong>decreto impugnado<\/strong>\u00a0con relaci\u00f3n a diversos aspectos del\u00a0<strong>\u00e1mbito laboral<\/strong>, como las modalidades contractuales, la protecci\u00f3n contra el despedido arbitrario y el funcionamiento de las asociaciones gremiales, entre otros. En di\u00e1logo con\u00a0<strong>Infobae<\/strong>, distintos especialistas del derecho brindaron su opini\u00f3n sobre la sentencia, a la que recibieron, en general, positivamente.<a rel=\"noreferrer noopener\" href=\"https:\/\/www.infobae.com\/judiciales\/2024\/01\/03\/el-fallo-completo-con-el-que-la-justicia-suspendio-los-efectos-de-la-reforma-laboral-incluida-en-el-dnu-de-javier-milei\/\" target=\"_blank\"><\/a><a rel=\"noreferrer noopener\" href=\"https:\/\/www.infobae.com\/judiciales\/2024\/01\/03\/interpol-realizara-este-jueves-el-operativo-para-extraditar-a-chile-al-mapuche-jones-huala\/\" target=\"_blank\"><\/a><\/p>\n\n\n\n<p>El constitucionalista&nbsp;<strong>Andr\u00e9s Gil Dom\u00ednguez<\/strong>, que promovi\u00f3 una demanda contra el<a rel=\"noreferrer noopener\" href=\"https:\/\/www.infobae.com\/politica\/2023\/12\/29\/desde-hoy-entra-en-vigencia-el-dnu-de-javier-milei-cuales-son-los-cambios\/\" target=\"_blank\"><strong>DNU<\/strong><\/a>, afirm\u00f3: \u201cEs un fallo excelentemente fundado donde se aplican los precedentes de la CSJ en la materia y queda demostrado que no existe una circunstancia excepcional y que el Congreso no pueda funcionar. Adem\u00e1s es una lecci\u00f3n sobre c\u00f3mo se aplica la obra de Alberdi en la actualidad&nbsp;<strong>ante el intento del presidente Milei de sustituir al Congreso en la funci\u00f3n legislativa<\/strong>\u201d.<\/p>\n\n\n\n<p>Por su parte,&nbsp;<strong>Jorge Rizzo<\/strong>, ex titular del Colegio P\u00fablico de Abogados porte\u00f1o y otro de los impulsores de una demanda contra el Decreto impulsado por el gobierno de<a rel=\"noreferrer noopener\" href=\"https:\/\/www.infobae.com\/tag\/la-libertad-avanza\/\" target=\"_blank\"><strong>La Libertad Avanza<\/strong><\/a>, asever\u00f3: \u201cEs un comienzo realmente halag\u00fce\u00f1o que pone de resalto que a\u00fan funciona en parte el Poder Judicial\u201d. A su criterio, el fallo de la C\u00e1mara del Trabajo \u201ccondiciona a todos los dem\u00e1s fueros, en particular al Contencioso Administrativo en orden a que ese Poder Judicial es \u2018\u00fanico\u2019 y<strong>&nbsp;no se trata de compartimientos estancos<\/strong>\u201d.<\/p>\n\n\n\n<p>El abogado<strong>&nbsp;Fernando Vigo<\/strong>&nbsp;\u2014ex presidente de la Asociaci\u00f3n de Abogados Laboralistas\u2014 celebr\u00f3 el fallo y coincidi\u00f3 en que hay situaciones excepcionales que justifican que la C\u00e1mara del Trabajo se haya pronunciado por su competencia y por hacer lugar a la cautelar porque \u201c<strong>si no, el derecho quedar\u00eda reducido a la nada<\/strong>\u201d. \u201cEsperemos que ahora se termine diciendo en el fondo del asunto que el decreto es inv\u00e1lido, ilegal, ileg\u00edtimo\u201d, a\u00f1adi\u00f3.<\/p>\n\n\n\n<p><\/p>\n\n\n\n<p>A su vez, el constitucionalista&nbsp;<strong>Jorge Dieguez&nbsp;<\/strong>consider\u00f3 el hecho de que la resoluci\u00f3n haya salido dos votos contra uno \u201ces un dato a tener en cuenta, ya que, cuando no hay unanimidad,&nbsp;<strong>le puede servir al Gobierno para relativizar la legitimidad de la decisi\u00f3n<\/strong>\u201d. \u201cIgualmente \u2014a\u00f1adi\u00f3\u2014 la jueza que vot\u00f3 en disidencia -por Mar\u00eda Dora Gonz\u00e1lez- no se pronunci\u00f3 sobre el fondo del asunto (la constitucionalidad del DNU) sino que entendi\u00f3 que&nbsp;<strong>deb\u00eda remitirse el caso al fuero Contencioso Administrativo&nbsp;<\/strong>para que resuelva la cuesti\u00f3n de competencia planteada entre ese fuero y el laboral\u201d.<\/p>\n\n\n\n<p><img decoding=\"async\" loading=\"lazy\" alt=\"La C\u00e1mara Nacional del Trabajo acept\u00f3 suspendi\u00f3 los efectos del DNU de Javier Milei en materia laboral\" height=\"959\" width=\"1280\" src=\"https:\/\/www.infobae.com\/new-resizer\/lCl7loI2WSxkwjHdGAbflKEN4uw=\/420x315\/filters:format(webp):quality(85)\/cloudfront-us-east-1.images.arcpublishing.com\/infobae\/WUUACA3DCZH6XJBJ54BHH6J5BA.jpg%20420w\" srcset=\"https:\/\/www.infobae.com\/new-resizer\/lCl7loI2WSxkwjHdGAbflKEN4uw=\/420x315\/filters:format(webp):quality(85)\/cloudfront-us-east-1.images.arcpublishing.com\/infobae\/WUUACA3DCZH6XJBJ54BHH6J5BA.jpg 420w,https:\/\/www.infobae.com\/new-resizer\/XF75weUc2kk203sQ9Y7JWN_09-o=\/768x576\/filters:format(webp):quality(85)\/cloudfront-us-east-1.images.arcpublishing.com\/infobae\/WUUACA3DCZH6XJBJ54BHH6J5BA.jpg 768w,https:\/\/www.infobae.com\/new-resizer\/P9irtsFZWarnWHa-gJ_q9BL-Zoo=\/992x744\/filters:format(webp):quality(85)\/cloudfront-us-east-1.images.arcpublishing.com\/infobae\/WUUACA3DCZH6XJBJ54BHH6J5BA.jpg 992w,https:\/\/www.infobae.com\/new-resizer\/fAfwXQa_8Mg9WNQC3533t79nmdE=\/1200x900\/filters:format(webp):quality(85)\/cloudfront-us-east-1.images.arcpublishing.com\/infobae\/WUUACA3DCZH6XJBJ54BHH6J5BA.jpg 1200w,https:\/\/www.infobae.com\/new-resizer\/Of_v21cZkcbCKbry1nsR_XrucfE=\/1440x1080\/filters:format(webp):quality(85)\/cloudfront-us-east-1.images.arcpublishing.com\/infobae\/WUUACA3DCZH6XJBJ54BHH6J5BA.jpg 1440w\">La C\u00e1mara Nacional del Trabajo acept\u00f3 suspendi\u00f3 los efectos del DNU de Javier Milei en materia laboral<\/p>\n\n\n\n<p>A la hora de evaluar el voto de la mayor\u00eda de la Sala de Feria, integrado por los jueces<a rel=\"noreferrer noopener\" href=\"https:\/\/www.infobae.com\/judiciales\/2024\/01\/03\/quienes-son-los-jueces-que-suspendieron-la-reforma-laboral-incluida-en-el-dnu-de-milei\/\" target=\"_blank\">\u00a0<strong>Alejandro Sudera\u00a0<\/strong>y\u00a0<strong>Andrea Garc\u00eda Vior<\/strong><\/a>, el especialista en derecho constitucional dijo: \u201cEs muy bueno. Analiza la constitucionalidad del DNU con todo rigor constitucional. Descarta esencialmente la necesidad y urgencia por entender que el DNU contiene\u00a0<strong>modificaciones estructurales\u00a0<\/strong>que, como tales, resultan incompatibles con la situaci\u00f3n de necesidad y urgencia que existe la Constituci\u00f3n Nacional\u201d.<\/p>\n\n\n\n<p>Y a su t\u00e9rmino, agreg\u00f3: \u201cAsimismo, pone de resalto la propia&nbsp;<strong>contradicci\u00f3n&nbsp;<\/strong>del Poder Ejecutivo que dicta una norma de necesidad y urgencia pero&nbsp;<strong>la pone en vigencia reci\u00e9n nueve d\u00edas despu\u00e9s<\/strong>&nbsp;al omitir fijar la fecha de entrada en vigencia (una contradicci\u00f3n gruesa) y, al mismo tiempo, remitir el DNU al Congreso incorpor\u00e1ndolo en el temario de&nbsp;<strong>sesiones extraordinarias&nbsp;<\/strong>dentro de la \u201cley \u00f3mnibus\u201d,<strong>&nbsp;otra grave contradicci\u00f3n&nbsp;<\/strong>porque: si est\u00e1s invocando que el Congreso no puede pronunciarse en tiempo \u00fatil \u00bfpor qu\u00e9 lo pon\u00e9s en extraordinarias?\u201d<\/p>\n\n\n\n<p>En tanto, el abogado constitucionalista&nbsp;<strong>F\u00e9lix V. Lonigro&nbsp;<\/strong>pronostic\u00f3 que la resoluci\u00f3n de la Sala de Feria del Trabajo \u201cseguramente ser\u00e1 apelada\u201d y, bajo esos par\u00e1metros, \u201csi bien cuando el Estado apela una cautelar en su contra, por ley se suspende la decisi\u00f3n judicial apelada (y por lo tanto la norma dejada sin efecto vuelve a tener vigencia), en este caso una apelaci\u00f3n del Estado no le devolver\u00e1 vigencia al DNU, porque<strong>&nbsp;la cautelar fue concedida para proteger a \u2018sectores vulnerables\u2019<\/strong>&nbsp;(que aqu\u00ed ser\u00edan los trabajadores), y cuando es as\u00ed, tambi\u00e9n por ley -N\u00b0 26.854- se establece que la norma cuestionada se mantiene suspendida\u201d.<\/p>\n\n\n\n<p>\u201cIgualmente -concluy\u00f3 Lonigro-, en febrero la Corte intervendr\u00e1 en la causa iniciada directamente ante ella por la Provincia de la Roja. Seguramente la Justicia actuar\u00e1 antes que el Congreso para despejar dudas acerca de la vigencia, o no, del Decreto 70\/23\u2033.<\/p>\n\n\n\n<p>Por otro lado, la abogada y profesora de derecho constitucional<strong>&nbsp;Lorena Gonz\u00e1lez Tocci<\/strong>, miembro fundadora de la Asociaci\u00f3n Civil de Estudios Constitucionales, al analizar la resoluci\u00f3n dijo: \u201cEsto es algo que iba a pasar&nbsp;<strong>por la forma con la que se diagram\u00f3 el DNU<\/strong>, tan ambicioso en t\u00e9rminos de diversidad de materias, con propuestas de reformas tan sustantivas que inexorablemente remiten a&nbsp;<strong>competencias legislativas.<\/strong>&nbsp;Era una sentencia previsible. Iba a pasar inexorablemente. Y esto puede volver a pasar en las diferentes<strong>&nbsp;acciones individuales y colectivas&nbsp;<\/strong>que est\u00e1n tramitando ante diferentes juzgados. Es una consecuencia de la forma en que se decidi\u00f3 avanzar con&nbsp;<strong>un DNU que debi\u00f3 ser desagregado en diferentes leyes<\/strong>\u201d.<\/p>\n\n\n\n<p>En esa l\u00ednea, Gonz\u00e1lez Tocci a\u00f1adi\u00f3: \u201cTodo este paquete debi\u00f3 ser gestionado a trav\u00e9s de los mecanismos de&nbsp;<strong>deliberaci\u00f3n legislativa<\/strong>&nbsp;y no a trav\u00e9s de un DNU. El error est\u00e1 en la herramienta y las consecuencias por eso son previsibles\u201d.<\/p>\n\n\n\n<p>Asimismo, el abogado constitucionalista&nbsp;<strong>Pedro Caminos&nbsp;<\/strong>explic\u00f3: \u201cEl efecto de la cautelar se refiere \u00fanicamente a las normas laborales, porque&nbsp;<strong>esa es la representaci\u00f3n que invoc\u00f3 la CGT<\/strong>, trabajadores y sindicatos, eso est\u00e1 bien, porque esa es la manera en la cual se plantean procesos colectivos\u201d.<\/p>\n\n\n\n<p>\u201c\u00bfQu\u00e9 es lo que tiene de discutible el fallo?\u201d, se pregunt\u00f3 Caminos. \u201cQue las&nbsp;<strong>medidas cautelares<\/strong>&nbsp;en contra del Estado est\u00e1n reguladas por&nbsp;<strong>una ley muy restrictiva<\/strong>. Y habiendo un proceso iniciado en el fuero Contencioso Administrativo Federal, hab\u00eda que determinar con claridad que este proceso de la CGT no ten\u00eda que ser absorbido por el proceso que est\u00e1 tramitando en el Contencioso Administrativo. La C\u00e1mara de Apelaci\u00f3n del Trabajo un poco elude esa discusi\u00f3n y&nbsp;<strong>va directamente al an\u00e1lisis de la medida cautelar<\/strong>\u201d.<\/p>\n\n\n\n<p>En los mismos t\u00e9rminos, el constitucionalista&nbsp;<strong>Mart\u00edn Oyhanarte&nbsp;<\/strong>expres\u00f3: \u201cEsto es una&nbsp;<strong>acci\u00f3n colectiva<\/strong>&nbsp;que inicia la CGT contra el Estado nacional. Por lo tanto, es una acci\u00f3n que qued\u00f3 registrada en el registro de&nbsp;<strong>acciones colectivas de la Corte<\/strong>. Si se entiende eso, creo que esto tendr\u00eda que haberse remitido al fuero contencioso administrativo, porque se est\u00e1 planteando la&nbsp;<strong>medida cautelar&nbsp;<\/strong>en el marco de una acci\u00f3n colectiva. Si la CGT hubiese demandado a un empleador, a una empresa o a una c\u00e1mara de empresas en el fuero laboral, tendr\u00eda m\u00e1s sentido decir que es distinto al resto de las acciones colectivas, pero como lo hicieron demandando al Estado nacional, esto ya est\u00e1 en el registro de la Corte y, por ende, tendr\u00eda que haberse resuelto en el fuero contencioso\u201d.<\/p>\n\n\n\n<p>\u201cEn cuanto al fondo del asunto, es decir, si es correcto suspender o no la vigencia del DNU, creo que&nbsp;<strong>el fallo tiene un acierto, que es estudiar esto medida por medida<\/strong>, ya que el control en el poder judicial es caso por caso. La cuesti\u00f3n laboral se tendr\u00e1 que ver en este tipo de acci\u00f3n, donde participa la CGT. Habr\u00e1 otros que se quejen y planteen agravios respecto de otras partes el decreto, pero en principio no corresponder\u00eda un an\u00e1lisis general sobre la validez o invalidez del DNU en cuanto a su necesidad y urgencia. Este es el principio general que rige en el poder judicial\u201d, precis\u00f3 Oyhanarte.<\/p>\n\n\n\n<p>\u00a0Fuente: Infobae<\/p>\n","protected":false},"excerpt":{"rendered":"<div class=\"mh-excerpt\"><p>La C\u00e1mara Nacional del Trabajo acept\u00f3 este mi\u00e9rcoles el pedido de la CGT y\u00a0por medio de una medida cautelar suspendi\u00f3\u00a0los efectos del t\u00edtulo IV del Decreto de Necesidad y Urgencia impulsado por el gobierno de\u00a0Javier Milei\u00a0para desregular la econom\u00eda. El fallo\u00a0sali\u00f3 por mayor\u00eda\u00a0y dio cuenta de las \u201cimportantes modificaciones de aplicaci\u00f3n inmediata\u201d del\u00a0decreto impugnado\u00a0con relaci\u00f3n a diversos aspectos del\u00a0\u00e1mbito laboral, como las modalidades contractuales, la protecci\u00f3n contra el despedido arbitrario y el funcionamiento de las asociaciones gremiales, entre otros. En di\u00e1logo con\u00a0Infobae, distintos especialistas del derecho brindaron su opini\u00f3n sobre la sentencia, a la que recibieron, en general, positivamente. El <a class=\"mh-excerpt-more\" href=\"http:\/\/dsrmedios.com.ar\/diario\/archivos\/42476\" title=\"Juristas respaldaron el fallo de la C\u00e1mara del Trabajo que suspende el DNU de Javier Milei en materia laboral\">[Leer m\u00e1s]<\/a><\/p>\n<\/div>","protected":false},"author":8,"featured_media":42480,"comment_status":"open","ping_status":"closed","sticky":false,"template":"","format":"standard","meta":{"_jetpack_newsletter_access":""},"categories":[6],"tags":[],"jetpack_featured_media_url":"http:\/\/dsrmedios.com.ar\/diario\/wp-content\/uploads\/2024\/01\/m_1704321563.png","jetpack_sharing_enabled":true,"jetpack_shortlink":"https:\/\/wp.me\/p9fihK-b36","_links":{"self":[{"href":"http:\/\/dsrmedios.com.ar\/diario\/wp-json\/wp\/v2\/posts\/42476"}],"collection":[{"href":"http:\/\/dsrmedios.com.ar\/diario\/wp-json\/wp\/v2\/posts"}],"about":[{"href":"http:\/\/dsrmedios.com.ar\/diario\/wp-json\/wp\/v2\/types\/post"}],"author":[{"embeddable":true,"href":"http:\/\/dsrmedios.com.ar\/diario\/wp-json\/wp\/v2\/users\/8"}],"replies":[{"embeddable":true,"href":"http:\/\/dsrmedios.com.ar\/diario\/wp-json\/wp\/v2\/comments?post=42476"}],"version-history":[{"count":1,"href":"http:\/\/dsrmedios.com.ar\/diario\/wp-json\/wp\/v2\/posts\/42476\/revisions"}],"predecessor-version":[{"id":42481,"href":"http:\/\/dsrmedios.com.ar\/diario\/wp-json\/wp\/v2\/posts\/42476\/revisions\/42481"}],"wp:featuredmedia":[{"embeddable":true,"href":"http:\/\/dsrmedios.com.ar\/diario\/wp-json\/wp\/v2\/media\/42480"}],"wp:attachment":[{"href":"http:\/\/dsrmedios.com.ar\/diario\/wp-json\/wp\/v2\/media?parent=42476"}],"wp:term":[{"taxonomy":"category","embeddable":true,"href":"http:\/\/dsrmedios.com.ar\/diario\/wp-json\/wp\/v2\/categories?post=42476"},{"taxonomy":"post_tag","embeddable":true,"href":"http:\/\/dsrmedios.com.ar\/diario\/wp-json\/wp\/v2\/tags?post=42476"}],"curies":[{"name":"wp","href":"https:\/\/api.w.org\/{rel}","templated":true}]}}