{"id":42473,"date":"2024-01-01T08:43:59","date_gmt":"2024-01-01T11:43:59","guid":{"rendered":"http:\/\/dsrmedios.com.ar\/diario\/?p=42473"},"modified":"2024-01-01T08:44:01","modified_gmt":"2024-01-01T11:44:01","slug":"el-gobierno-convoco-a-audiencias-publicas-para-definir-los-aumentos-en-las-tarifas-de-luz","status":"publish","type":"post","link":"http:\/\/dsrmedios.com.ar\/diario\/archivos\/42473","title":{"rendered":"El Gobierno convoc\u00f3 a audiencias p\u00fablicas para definir los aumentos en las tarifas de luz"},"content":{"rendered":"\n<p>El Gobierno convoc\u00f3 para fines de<strong>\u00a0enero<\/strong>\u00a0las\u00a0<strong>audiencias p\u00fablicas<\/strong>\u00a0para definir el ajuste y la\u00a0<strong>quita de subsidios<\/strong>\u00a0en las\u00a0<strong>tarifas de energ\u00eda el\u00e9ctrica<\/strong>.<a rel=\"noreferrer noopener\" href=\"https:\/\/www.infobae.com\/economia\/2024\/01\/03\/el-gobierno-aplicara-aumentos-mensuales-a-los-boletos-de-colectivos-y-trenes-del-amba\/\" target=\"_blank\"><\/a><\/p>\n\n\n\n<p>A trav\u00e9s de la&nbsp;<strong>Resoluci\u00f3n 2\/2024<\/strong>, publicada este mi\u00e9rcoles en el&nbsp;<strong>Bolet\u00edn Oficial<\/strong>, el&nbsp;<strong>Ente Nacional Regulador de la Electricidad (ENRE)&nbsp;<\/strong>estableci\u00f3 que el&nbsp;<strong>viernes 26<\/strong>&nbsp;se realizar\u00e1 la primera de las audiencias \u201ccon el objeto de poner en conocimiento y escuchar opiniones respecto a las propuestas de las concesionarias del servicio p\u00fablico de distribuci\u00f3n de energ\u00eda el\u00e9ctrica,&nbsp;<strong>EDENOR<\/strong>&nbsp;y&nbsp;<strong>EDESUR<\/strong>&nbsp;tendientes a obtener una adecuaci\u00f3n transitoria en la tarifa\u201d.<\/p>\n\n\n\n<p>El encuentro el Estado y los privados se llevar\u00e1 a cabo desde las 8.30 horas mediante una plataforma digital y \u201csu desarrollo se trasmitir\u00e1 en simult\u00e1neo a trav\u00e9s de una plataforma de streaming, la que ser\u00e1 informada en la p\u00e1gina web:\u00a0<a rel=\"noreferrer noopener\" href=\"https:\/\/www.argentina.gob.ar\/enre\" target=\"_blank\">https:\/\/www.argentina.gob.ar\/enre<\/a>\u201d.<a rel=\"noreferrer noopener\" href=\"https:\/\/www.infobae.com\/economia\/2024\/01\/03\/como-afecta-el-ajuste-fiscal-de-javier-milei-las-cuentas-y-las-deudas-de-los-gobiernos-provinciales\/\" target=\"_blank\"><\/a><\/p>\n\n\n\n<p>Podr\u00e1 participar \u201ctoda persona f\u00edsica o jur\u00eddica, p\u00fablica o privada que invoque un derecho subjetivo, inter\u00e9s simple o derecho de incidencia colectiva\u201d; mientras que las personas jur\u00eddicas, organismos o entidades interesadas \u201cpodr\u00e1n participar por medio de sus representantes, acreditando personer\u00eda mediante el instrumento legal correspondiente -debidamente certificado-, admiti\u00e9ndose la intervenci\u00f3n de un solo orador en su nombre\u201d. A tales fines deber\u00e1n inscribirse v\u00eda web en el correspondiente Registro de Participantes que estar\u00e1 habilitado desde el 8 hasta el 23 de enero.<\/p>\n\n\n\n<p>Tras la publicaci\u00f3n de la presente resoluci\u00f3n en el Bolet\u00edn Oficial, EDENOR y EDESUR deber\u00e1n presentar en el plazo de cinco d\u00edas sus propuestas de adecuaci\u00f3n tarifaria.<a rel=\"noreferrer noopener\" href=\"https:\/\/www.infobae.com\/economia\/2024\/01\/03\/el-gobierno-ya-aprobo-importaciones-bajo-el-nuevo-sistema-pero-el-bono-para-pagar-la-deuda-aun-no-convence\/\" target=\"_blank\"><\/a><\/p>\n\n\n\n<p>A su vez, el ENRE convoc\u00f3 para el&nbsp;<strong>viernes 29 de enero&nbsp;<\/strong>a la audiencia p\u00fablica&nbsp;<strong>\u201ccon el objeto de poner en conocimiento y escuchar opiniones respecto a las propuestas de las concesionarias del servicio p\u00fablico de transporte de energ\u00eda el\u00e9ctrica<\/strong>, TRANSENER S.A., TRANSBA S.A., TRANSPA S.A., TRANSCO S.A., TRANSNEA S.A., TRANSNOA S.A., DISTROCUYO S.A. y Ente Provincial de Energ\u00eda del Neuqu\u00e9n (EPEN), tendientes a obtener una adecuaci\u00f3n transitoria en la tarifa\u201d. Las empresas mencionadas cuentan con cinco d\u00edas para elevar sus propuestas de ajuste en el servicio.<\/p>\n\n\n\n<p>La audiencia comenzar\u00e1 a las 8.30, tambi\u00e9n se llevar\u00e1 a cabo mediante una plataforma digital y se transmitir\u00e1 por streaming. Estar\u00e1 presidida por el interventor del ENRE,&nbsp;<strong>Dar\u00edo Arru\u00e9<\/strong>.<\/p>\n\n\n\n<p>Si bien lo que se trate en las audiencias p\u00fablicas no es vinculante, es el paso legal previo a los aumentos en las tarifas. En el caso del gas, el Gobierno convoc\u00f3 para el pr\u00f3ximo lunes 8 la reuni\u00f3n para comenzar a definir el ajuste del servicio.<\/p>\n\n\n\n<p><img decoding=\"async\" loading=\"lazy\" alt=\"El ministro de Econom\u00eda de Argentina, Luis Caputo, en una fotograf\u00eda de archivo. EFE\/David Fern\u00e1ndez\n\" height=\"2333\" width=\"3500\" src=\"https:\/\/www.infobae.com\/new-resizer\/uPPUw2vvGcb0yGUJhVWmX9t86NE=\/420x280\/filters:format(webp):quality(85)\/cloudfront-us-east-1.images.arcpublishing.com\/infobae\/5JB2OUNUIFEEBGGJISZG2USOPY.jpg%20420w\" srcset=\"https:\/\/www.infobae.com\/new-resizer\/uPPUw2vvGcb0yGUJhVWmX9t86NE=\/420x280\/filters:format(webp):quality(85)\/cloudfront-us-east-1.images.arcpublishing.com\/infobae\/5JB2OUNUIFEEBGGJISZG2USOPY.jpg 420w,https:\/\/www.infobae.com\/new-resizer\/qa5b1Bm4fU4KHmz_ipkvRV1tZDg=\/768x512\/filters:format(webp):quality(85)\/cloudfront-us-east-1.images.arcpublishing.com\/infobae\/5JB2OUNUIFEEBGGJISZG2USOPY.jpg 768w,https:\/\/www.infobae.com\/new-resizer\/3AbUge-ZmsOAB0LM-jbJAjE1I1U=\/992x661\/filters:format(webp):quality(85)\/cloudfront-us-east-1.images.arcpublishing.com\/infobae\/5JB2OUNUIFEEBGGJISZG2USOPY.jpg 992w,https:\/\/www.infobae.com\/new-resizer\/ZaHG8VgD9lYaL1KlmYbjRYHgj9g=\/1200x800\/filters:format(webp):quality(85)\/cloudfront-us-east-1.images.arcpublishing.com\/infobae\/5JB2OUNUIFEEBGGJISZG2USOPY.jpg 1200w,https:\/\/www.infobae.com\/new-resizer\/ifi8iniHPJpyFq4VoyApESQAGvM=\/1440x960\/filters:format(webp):quality(85)\/cloudfront-us-east-1.images.arcpublishing.com\/infobae\/5JB2OUNUIFEEBGGJISZG2USOPY.jpg 1440w\">El ministro de Econom\u00eda de Argentina, Luis Caputo, en una fotograf\u00eda de archivo. EFE\/David Fern\u00e1ndez<\/p>\n\n\n\n<p>El plan en el que trabaja el secretario de Energ\u00eda,&nbsp;<strong>Eduardo Rodr\u00edguez Chirillo<\/strong>, -por orden del ministro de Econom\u00eda,&nbsp;<strong>Luis Caputo<\/strong>&#8211; contempla un cambio en el criterio de la asistencia: se focalizar\u00e1 en los sectores de menores ingresos con&nbsp;<strong>un tope de consumo subsidiado<\/strong>&nbsp;por mes, que depender\u00e1 de la capacidad de pago, mientras que por el excedente pagar\u00e1n tarifa plena. Los subsidios ser\u00e1n destinados solo a una parte de la demanda. Otro punto importante del nuevo esquema ser\u00e1 la&nbsp;<strong>recalibraci\u00f3n de los contratos con las empresas<\/strong>&nbsp;del sector para que menores costos se reflejan en tarifas m\u00e1s bajas.<\/p>\n\n\n\n<p>En una entrevista televisiva, Caputo coment\u00f3 que del ajuste de 0,7 puntos del PBI en subsidios que plantea su hoja de ruta para 2024, en pos de llegar al super\u00e1vit fiscal primario, 0,5 puntos son de&nbsp;<strong>energ\u00eda&nbsp;<\/strong>y 0,2 puntos corresponden a&nbsp;<strong>transporte<\/strong>, tarifa que tambi\u00e9n sufrir\u00e1 aumentos.<\/p>\n\n\n\n<p>En cuanto a la energ\u00eda, actualmente la segmentaci\u00f3n contempla tres universos de usuarios: los&nbsp;<strong>N1<\/strong>&nbsp;(ingresos altos) que pagan tarifa plena,&nbsp;<strong>N2&nbsp;<\/strong>( ingresos bajos) y&nbsp;<strong>N3<\/strong>&nbsp;(ingresos medios). \u201cEn vez de subsidiar la oferta, se va a buscar subsidiar la demanda. Se le va a decir a la gente cu\u00e1ntos KWH por mes tienen subsidiados y van a pagar tarifa plena por lo que se excedan\u201d, dijo el ministro de Econom\u00eda. En concreto, la intenci\u00f3n del Gobierno es definir escalas entre los N2 y N3 con determinados l\u00edmites de consumo dentro del que contar\u00e1n con asistencia. Para el caso de la electricidad N3 el tope es de<strong>&nbsp;400 KWH mensuales<\/strong>, aunque la idea es que ese umbral sea de al menos la mitad que el actual y que el universo alcanzado tambi\u00e9n sea menor.<\/p>\n\n\n\n<h1>Cu\u00e1nto aumentar\u00edan las tarifas<\/h1>\n\n\n\n<p>La consultora&nbsp;<strong>Econom\u00eda y Energ\u00eda&nbsp;<\/strong>realiz\u00f3 una proyecci\u00f3n de incrementos en las tarifas de energ\u00eda contemplando: que los N1 no tendr\u00e1n subsidio, los N3 pagan el costo pleno de abastecimiento, los N2 pagar\u00e1n el 20% de ese costo, una recomposici\u00f3n del valor agregado de distribuci\u00f3n y el impacto de la \u00faltima devaluaci\u00f3n.<\/p>\n\n\n\n<p>Para los consumidores Nivel 1, la factura promedio de electricidad pasar\u00e1 de $10.467 a $23.569, un aumento del 125%; para el Nivel 3 pasar\u00e1 de $5.518 a $23.569 (337%) y para el Nivel 2 pasar\u00e1 de $3.970 a $9.082 (129% de suba). Para el gas, en tanto, las facturas promedio pasar\u00edan de $4.558 a $13.867 para los N1 (204%); de $3.197 a $13.867 para los N2 (336%) y de $1.862 a $4.865 para los hogares N3, de ingresos m\u00e1s bajos (168 por ciento).<\/p>\n\n\n\n<p>Fuente: Infobae<\/p>\n","protected":false},"excerpt":{"rendered":"<div class=\"mh-excerpt\"><p>El Gobierno convoc\u00f3 para fines de\u00a0enero\u00a0las\u00a0audiencias p\u00fablicas\u00a0para definir el ajuste y la\u00a0quita de subsidios\u00a0en las\u00a0tarifas de energ\u00eda el\u00e9ctrica. A trav\u00e9s de la&nbsp;Resoluci\u00f3n 2\/2024, publicada este mi\u00e9rcoles en el&nbsp;Bolet\u00edn Oficial, el&nbsp;Ente Nacional Regulador de la Electricidad (ENRE)&nbsp;estableci\u00f3 que el&nbsp;viernes 26&nbsp;se realizar\u00e1 la primera de las audiencias \u201ccon el objeto de poner en conocimiento y escuchar opiniones respecto a las propuestas de las concesionarias del servicio p\u00fablico de distribuci\u00f3n de energ\u00eda el\u00e9ctrica,&nbsp;EDENOR&nbsp;y&nbsp;EDESUR&nbsp;tendientes a obtener una adecuaci\u00f3n transitoria en la tarifa\u201d. El encuentro el Estado y los privados se llevar\u00e1 a cabo desde las 8.30 horas mediante una plataforma digital y \u201csu desarrollo <a class=\"mh-excerpt-more\" href=\"http:\/\/dsrmedios.com.ar\/diario\/archivos\/42473\" title=\"El Gobierno convoc\u00f3 a audiencias p\u00fablicas para definir los aumentos en las tarifas de luz\">[Leer m\u00e1s]<\/a><\/p>\n<\/div>","protected":false},"author":8,"featured_media":3915,"comment_status":"open","ping_status":"closed","sticky":false,"template":"","format":"standard","meta":{"_jetpack_newsletter_access":""},"categories":[6],"tags":[],"jetpack_featured_media_url":"http:\/\/dsrmedios.com.ar\/diario\/wp-content\/uploads\/2018\/01\/luz_3-1.jpg","jetpack_sharing_enabled":true,"jetpack_shortlink":"https:\/\/wp.me\/p9fihK-b33","_links":{"self":[{"href":"http:\/\/dsrmedios.com.ar\/diario\/wp-json\/wp\/v2\/posts\/42473"}],"collection":[{"href":"http:\/\/dsrmedios.com.ar\/diario\/wp-json\/wp\/v2\/posts"}],"about":[{"href":"http:\/\/dsrmedios.com.ar\/diario\/wp-json\/wp\/v2\/types\/post"}],"author":[{"embeddable":true,"href":"http:\/\/dsrmedios.com.ar\/diario\/wp-json\/wp\/v2\/users\/8"}],"replies":[{"embeddable":true,"href":"http:\/\/dsrmedios.com.ar\/diario\/wp-json\/wp\/v2\/comments?post=42473"}],"version-history":[{"count":1,"href":"http:\/\/dsrmedios.com.ar\/diario\/wp-json\/wp\/v2\/posts\/42473\/revisions"}],"predecessor-version":[{"id":42475,"href":"http:\/\/dsrmedios.com.ar\/diario\/wp-json\/wp\/v2\/posts\/42473\/revisions\/42475"}],"wp:featuredmedia":[{"embeddable":true,"href":"http:\/\/dsrmedios.com.ar\/diario\/wp-json\/wp\/v2\/media\/3915"}],"wp:attachment":[{"href":"http:\/\/dsrmedios.com.ar\/diario\/wp-json\/wp\/v2\/media?parent=42473"}],"wp:term":[{"taxonomy":"category","embeddable":true,"href":"http:\/\/dsrmedios.com.ar\/diario\/wp-json\/wp\/v2\/categories?post=42473"},{"taxonomy":"post_tag","embeddable":true,"href":"http:\/\/dsrmedios.com.ar\/diario\/wp-json\/wp\/v2\/tags?post=42473"}],"curies":[{"name":"wp","href":"https:\/\/api.w.org\/{rel}","templated":true}]}}