{"id":42461,"date":"2024-01-01T08:26:13","date_gmt":"2024-01-01T11:26:13","guid":{"rendered":"http:\/\/dsrmedios.com.ar\/diario\/?p=42461"},"modified":"2024-01-01T08:26:37","modified_gmt":"2024-01-01T11:26:37","slug":"el-gobierno-ratifico-que-el-dnu-esta-vigente-y-anticipo-un-tramite-largo-en-la-corte-suprema","status":"publish","type":"post","link":"http:\/\/dsrmedios.com.ar\/diario\/archivos\/42461","title":{"rendered":"El Gobierno ratific\u00f3 que el DNU \u201cest\u00e1 vigente\u201d y anticip\u00f3 un \u201ctr\u00e1mite largo\u201d en la Corte Suprema"},"content":{"rendered":"\n<p>El procurador general del Tesoro, Rodolfo Barra, ratific\u00f3 hoy que el&nbsp;<a rel=\"noreferrer noopener\" href=\"https:\/\/www.infobae.com\/politica\/2023\/12\/29\/desde-hoy-entra-en-vigencia-el-dnu-de-javier-milei-cuales-son-los-cambios\/\" target=\"_blank\">Decreto de Necesidad y Urgencia que desregula la econom\u00eda<\/a>, firmado d\u00edas atr\u00e1s, est\u00e1 plenamente vigente y su obligatoriedad de cumplimiento \u201ces como una ley\u201d.<\/p>\n\n\n\n<p><a href=\"https:\/\/www.infobae.com\/politica\/2024\/01\/03\/el-gobierno-oficializo-la-nueva-estructura-de-seguridad-defensa-y-la-secretaria-de-la-presidencia\/\" target=\"_blank\" rel=\"noreferrer noopener\"><\/a><\/p>\n\n\n\n<p>Adem\u00e1s, volvi\u00f3 a rechazar los amparos presentados en cotra de la norma y anticip\u00f3 que habr\u00e1 \u201cun tr\u00e1mite largo\u201d en la Corte Suprema respecto del&nbsp;<a rel=\"noreferrer noopener\" href=\"https:\/\/www.infobae.com\/judiciales\/2023\/12\/29\/la-corte-suprema-tratara-despues-de-la-feria-la-demanda-del-gobernador-de-la-rioja-contra-el-dnu\/\" target=\"_blank\">recurso presentado la semana pasada por la provincia de La Rioja.<\/a><\/p>\n\n\n\n<p>\u201c<strong>El DNU est\u00e1 vigente, es como si fuese una ley, est\u00e1 con plena vigencia<\/strong>. Est\u00e1 cuestionado en los tribunales, pero no va a ser habilitada la feria, ya lo decidi\u00f3 la Corte\u201d, afirm\u00f3 Barra.<a rel=\"noreferrer noopener\" href=\"https:\/\/www.infobae.com\/politica\/2024\/01\/03\/el-peronismo-cuestiono-el-nuevo-aumento-de-los-combustibles-y-recordo-las-advertencias-durante-la-campana-electoral\/\" target=\"_blank\"><\/a><\/p>\n\n\n\n<p>En di\u00e1logo con el periodista\u00a0<em>Oscar Gonz\u00e1lez Oro en radio El Observador<\/em>, el procurador del Tesoro explic\u00f3 que todos los amparos que vayan surgiendo ser\u00e1n tratados por el juez Esteban Furnari ya que fue el primer magistrado que admiti\u00f3 tratar de manera colectiva una presentaci\u00f3n. De todas formas, Barra aclar\u00f3 que eso puede modificarse si aparece un amparo que plantee \u201cun agravio personal\u201d.<\/p>\n\n\n\n<p>Diferente es lo que ocurri\u00f3 con el amparo presentado por la provincia de La Rioja, que fue directamente a la Corte Suprema, quien le dio curso pero no habilit\u00f3 la feria judicial para tratarlo. Ante eso, Barra adelant\u00f3 que en ese caso habr\u00e1 \u201cun tr\u00e1mite largo\u201d.<\/p>\n\n\n\n<p><a href=\"https:\/\/www.infobae.com\/politica\/2024\/01\/03\/tras-la-conformacion-de-las-comisiones-milei-pidio-acelerar-al-maximo-el-debate-en-el-congreso-y-advierte-que-no-extenderan-las-extraordinarias\/\" target=\"_blank\" rel=\"noreferrer noopener\"><\/a><\/p>\n\n\n\n<p><img decoding=\"async\" loading=\"lazy\" alt=\"Javier Milei durante su discurso frente a la Plaza del Congreso tras su asunci\u00f3n como presidente. Foto: T\u00e9lam\n\" height=\"2166\" width=\"3249\" src=\"https:\/\/www.infobae.com\/new-resizer\/JZWkgcTMKRJ9eiKv-H45pnRQW28=\/420x280\/filters:format(webp):quality(85)\/cloudfront-us-east-1.images.arcpublishing.com\/infobae\/5C3KTUGQWJDKXJMXWJRFEJT5KQ.jpg%20420w\" srcset=\"https:\/\/www.infobae.com\/new-resizer\/JZWkgcTMKRJ9eiKv-H45pnRQW28=\/420x280\/filters:format(webp):quality(85)\/cloudfront-us-east-1.images.arcpublishing.com\/infobae\/5C3KTUGQWJDKXJMXWJRFEJT5KQ.jpg 420w,https:\/\/www.infobae.com\/new-resizer\/71Riuxl5YhuIuCusTttJUbK3B88=\/768x512\/filters:format(webp):quality(85)\/cloudfront-us-east-1.images.arcpublishing.com\/infobae\/5C3KTUGQWJDKXJMXWJRFEJT5KQ.jpg 768w,https:\/\/www.infobae.com\/new-resizer\/mOX1JKPOrnZ5Br2jP_vebDvUZcc=\/992x661\/filters:format(webp):quality(85)\/cloudfront-us-east-1.images.arcpublishing.com\/infobae\/5C3KTUGQWJDKXJMXWJRFEJT5KQ.jpg 992w,https:\/\/www.infobae.com\/new-resizer\/ZKQ8b0sV-bfKKdtbV8CsGH0abCg=\/1200x800\/filters:format(webp):quality(85)\/cloudfront-us-east-1.images.arcpublishing.com\/infobae\/5C3KTUGQWJDKXJMXWJRFEJT5KQ.jpg 1200w,https:\/\/www.infobae.com\/new-resizer\/uLdHaD_K8-NU2tBBD5gFz6jXc7s=\/1440x960\/filters:format(webp):quality(85)\/cloudfront-us-east-1.images.arcpublishing.com\/infobae\/5C3KTUGQWJDKXJMXWJRFEJT5KQ.jpg 1440w\">Javier Milei durante su discurso frente a la Plaza del Congreso tras su asunci\u00f3n como presidente. Foto: T\u00e9lam<\/p>\n\n\n\n<p>\u201cLa Corte ya lo tiene, y ese caso no est\u00e1 afectado por este juzgado porque la provincia de La Rioja inici\u00f3 una acci\u00f3n directa. Las provincias tienen la posibilidad de ir directamente a la Corte como jurisdicci\u00f3n originaria. Y as\u00ed lo hizo la provincia, planteando que no hay necesidad ni urgencia. La Corte decidi\u00f3 no abrir la feria, as\u00ed que se va a tratar desde febrero. Va a haber un tr\u00e1mite largo\u201d, explic\u00f3.<\/p>\n\n\n\n<p><\/p>\n\n\n\n<p><strong>\u201cHoy el DNU est\u00e1 absolutamente vigente y no difiere en nada en cuanto a la obligatoriedad de cumplimiento como cualquier ley\u201d,<\/strong>&nbsp;a\u00f1adi\u00f3 el procurador del Tesoro, quien adem\u00e1s reiter\u00f3 que \u201cl<strong>os amparos no tocan nada sustancial. Sostener que no estamos en necesidad y urgencia suena un poco rid\u00edculo\u201d.<\/strong><\/p>\n\n\n\n<h2>El juicio en Estados Unidos por la expropiaci\u00f3n de YPF<\/h2>\n\n\n\n<p>Por otro lado, Barra fue consultado sobre&nbsp;<a rel=\"noreferrer noopener\" href=\"https:\/\/www.infobae.com\/economia\/2023\/12\/21\/juicio-por-la-expropiacion-de-ypf-la-jueza-de-eeuu-rechazo-un-pedido-de-argentina-y-en-20-dias-podrian-empezar-los-embargos\/\" target=\"_blank\">el juicio que el Estados argentino enfrenta en Nueva York por la expropiaci\u00f3n de YPF q<\/a>ue realiz\u00f3 el entonces Gobierno de Cristina Kirchner en 2012.<\/p>\n\n\n\n<p>\u201cEl Estado apel\u00f3 y tiene hasta el 22 de febrero para juntar la apelaci\u00f3n.<strong>&nbsp;La exigencia de dar en cauci\u00f3n acciones de YPF es para que la sentencia de la jueza de primera instancia no tenga ya efectos ejecutorios<\/strong>. Estamos trabajando con la apelaci\u00f3n\u201d, explic\u00f3.<\/p>\n\n\n\n<p>Se trata de un juicio multimillonario en el que el Estado argentino ya fue condenado a pagar USD 16.000 millones por haberse quedado de manera indebida con la mayor\u00eda accionaria de la petrolera en 2012, cuando<strong>&nbsp;Cristina Kirchner<\/strong>&nbsp;era presidenta.<\/p>\n\n\n\n<p>La semana pasada, la Corte de Apelaciones de Nueva York le concedi\u00f3 a la Argentina una pr\u00f3rroga hasta el 22 de febrero, para presentar los primeros argumentos contra el fallo. La cita original era para enero, pero los representantes legales de la Argentina hab\u00edan pedido una extensi\u00f3n del plazo, teniendo en cuenta que Milei asumi\u00f3 apenas el pasado 10 de diciembre.<\/p>\n\n\n\n<p>\u201c<strong>El presidente ha dicho que tiene voluntad de cumplir con todos sus obligaciones<\/strong>. Hay un impedimento porque la ley que declar\u00f3 la expropiaci\u00f3n de esas acciones proh\u00edbe su negociaci\u00f3n o transferencia por cualquier t\u00edtulo. Ah\u00ed hay un inconveniente para la ley argentina. De todas maneras, continuamos con el tr\u00e1mite de la apelaci\u00f3n y esperamos que esa cifra sea reducida de manera sustancial. Nos cost\u00f3 muy caro lo de YPF\u201d, cerr\u00f3 Barra hoy.<\/p>\n\n\n\n<p>Fuente: Infobae<\/p>\n","protected":false},"excerpt":{"rendered":"<div class=\"mh-excerpt\"><p>El procurador general del Tesoro, Rodolfo Barra, ratific\u00f3 hoy que el&nbsp;Decreto de Necesidad y Urgencia que desregula la econom\u00eda, firmado d\u00edas atr\u00e1s, est\u00e1 plenamente vigente y su obligatoriedad de cumplimiento \u201ces como una ley\u201d. Adem\u00e1s, volvi\u00f3 a rechazar los amparos presentados en cotra de la norma y anticip\u00f3 que habr\u00e1 \u201cun tr\u00e1mite largo\u201d en la Corte Suprema respecto del&nbsp;recurso presentado la semana pasada por la provincia de La Rioja. \u201cEl DNU est\u00e1 vigente, es como si fuese una ley, est\u00e1 con plena vigencia. Est\u00e1 cuestionado en los tribunales, pero no va a ser habilitada la feria, ya lo decidi\u00f3 la <a class=\"mh-excerpt-more\" href=\"http:\/\/dsrmedios.com.ar\/diario\/archivos\/42461\" title=\"El Gobierno ratific\u00f3 que el DNU \u201cest\u00e1 vigente\u201d y anticip\u00f3 un \u201ctr\u00e1mite largo\u201d en la Corte Suprema\">[Leer m\u00e1s]<\/a><\/p>\n<\/div>","protected":false},"author":8,"featured_media":42462,"comment_status":"open","ping_status":"closed","sticky":false,"template":"","format":"standard","meta":{"_jetpack_newsletter_access":""},"categories":[6],"tags":[],"jetpack_featured_media_url":"http:\/\/dsrmedios.com.ar\/diario\/wp-content\/uploads\/2024\/01\/753VMHILKZFNLEPRVNKT5XKATY.jpg","jetpack_sharing_enabled":true,"jetpack_shortlink":"https:\/\/wp.me\/p9fihK-b2R","_links":{"self":[{"href":"http:\/\/dsrmedios.com.ar\/diario\/wp-json\/wp\/v2\/posts\/42461"}],"collection":[{"href":"http:\/\/dsrmedios.com.ar\/diario\/wp-json\/wp\/v2\/posts"}],"about":[{"href":"http:\/\/dsrmedios.com.ar\/diario\/wp-json\/wp\/v2\/types\/post"}],"author":[{"embeddable":true,"href":"http:\/\/dsrmedios.com.ar\/diario\/wp-json\/wp\/v2\/users\/8"}],"replies":[{"embeddable":true,"href":"http:\/\/dsrmedios.com.ar\/diario\/wp-json\/wp\/v2\/comments?post=42461"}],"version-history":[{"count":1,"href":"http:\/\/dsrmedios.com.ar\/diario\/wp-json\/wp\/v2\/posts\/42461\/revisions"}],"predecessor-version":[{"id":42463,"href":"http:\/\/dsrmedios.com.ar\/diario\/wp-json\/wp\/v2\/posts\/42461\/revisions\/42463"}],"wp:featuredmedia":[{"embeddable":true,"href":"http:\/\/dsrmedios.com.ar\/diario\/wp-json\/wp\/v2\/media\/42462"}],"wp:attachment":[{"href":"http:\/\/dsrmedios.com.ar\/diario\/wp-json\/wp\/v2\/media?parent=42461"}],"wp:term":[{"taxonomy":"category","embeddable":true,"href":"http:\/\/dsrmedios.com.ar\/diario\/wp-json\/wp\/v2\/categories?post=42461"},{"taxonomy":"post_tag","embeddable":true,"href":"http:\/\/dsrmedios.com.ar\/diario\/wp-json\/wp\/v2\/tags?post=42461"}],"curies":[{"name":"wp","href":"https:\/\/api.w.org\/{rel}","templated":true}]}}