{"id":42400,"date":"2023-12-29T10:34:24","date_gmt":"2023-12-29T13:34:24","guid":{"rendered":"http:\/\/dsrmedios.com.ar\/diario\/?p=42400"},"modified":"2023-12-29T10:34:27","modified_gmt":"2023-12-29T13:34:27","slug":"luces-y-sombras-el-ano-de-los-campeones-del-mundo-despues-de-la-consagracion-con-la-seleccion-argentina","status":"publish","type":"post","link":"http:\/\/dsrmedios.com.ar\/diario\/archivos\/42400","title":{"rendered":"Luces y sombras: el a\u00f1o de los campeones del mundo despu\u00e9s de la consagraci\u00f3n con la Selecci\u00f3n argentina"},"content":{"rendered":"\n<p>Antes de despedir el 2023, vale hacer un recorrido por el a\u00f1o de los campeones del mundo con la\u00a0<a rel=\"noreferrer noopener\" href=\"https:\/\/tn.com.ar\/deportes\/futbol\/2023\/12\/25\/papu-gomez-paso-la-navidad-con-un-jugador-de-la-scaloneta-se-sacaron-una-foto-y-tomo-una-extrana-decision\/\" target=\"_blank\"><strong>Selecci\u00f3n argentina<\/strong><\/a>: cambios de equipo, sanciones, t\u00edtulos, lesiones, casamientos y embarazos le dieron color a la Scaloneta.<\/p>\n\n\n\n<p>Uno a uno, as\u00ed vivieron los \u00faltimos 12 meses los jugadores que consiguieron la tercera estrella con la camiseta albiceleste, mientras\u00a0<a rel=\"noreferrer noopener\" href=\"https:\/\/tn.com.ar\/deportes\/futbol\/2023\/12\/21\/la-hermana-de-lionel-scaloni-inauguro-su-local-de-pasteleria-y-un-detalle-llamo-la-atencion-de-todos\/\" target=\"_blank\"><strong>Lionel Scaloni\u00a0<\/strong><\/a>define su continuidad al mando del equipo.<\/p>\n\n\n\n<h2>Arqueros<\/h2>\n\n\n\n<ul>\n<li><strong>Emiliano Mart\u00ednez<\/strong>:&nbsp;<a href=\"https:\/\/tn.com.ar\/deportes\/futbol\/2023\/10\/30\/la-sorpresa-que-recibio-el-dibu-martinez-cuando-gano-el-trofeo-lev-yashin\/\" target=\"_blank\" rel=\"noreferrer noopener\">gan\u00f3 el premio Lev Yashin 2023<\/a>&nbsp;por ser el mejor arquero de la temporada y sigui\u00f3 demostrando su gran nivel en el Aston Villa. En cada mercado de pases suena en los gigantes de Europa.<\/li>\n\n\n\n<li><strong>Ger\u00f3nimo Rulli<\/strong>: a principios de a\u00f1o pas\u00f3 al Ajax, pero una&nbsp;<a href=\"https:\/\/tn.com.ar\/deportes\/futbol\/2023\/08\/14\/geronimo-rulli-sufrio-una-grave-lesion-y-se-cayo-su-pase-a-uno-de-los-grandes-de-europa\/\" target=\"_blank\" rel=\"noreferrer noopener\">lesi\u00f3n en el hombro&nbsp;<\/a>lo margin\u00f3 de las canchas varios meses y no pudo consolidarse en un equipo que lo necesita. De a poco est\u00e1 volviendo.<\/li>\n\n\n\n<li><strong>Franco Armani<\/strong>: tuvo altibajos en River, aunque consigui\u00f3 empezar y terminar el a\u00f1o con t\u00edtulos. La gran duda es si seguir\u00e1 su carrera en el Millonario o migrar\u00e1 al exterior.<\/li>\n<\/ul>\n\n\n\n<figure class=\"wp-block-image\"><img decoding=\"async\" src=\"https:\/\/tn.com.ar\/resizer\/MX1uvLakAMBpo9U7BAa9hUS2dow=\/767x0\/smart\/filters:format(webp)\/cloudfront-us-east-1.images.arcpublishing.com\/artear\/YJZDGUKFKREN7GNMQAI4GIFA24.jpg\" alt=\"Emiliano Mart\u00ednez, el mejor arquero del mundo. (Foto: AFP)\"\/><figcaption class=\"wp-element-caption\">Emiliano Mart\u00ednez, el mejor arquero del mundo. (Foto: AFP)<\/figcaption><\/figure>\n\n\n\n<h2>Defensores<\/h2>\n\n\n\n<ul>\n<li><strong>Gonzalo Montiel<\/strong>: despu\u00e9s del penal que le dio la tercera estrella a la Selecci\u00f3n argentina, defini\u00f3 la final de la UEFA Europa League para Sevilla. Sin embargo,&nbsp;<strong>se fue cedido al Nottingham Forest, donde no logr\u00f3 ganarse la titularidad.<\/strong>&nbsp;Anunci\u00f3 que&nbsp;<a href=\"https:\/\/tn.com.ar\/deportes\/futbol\/2023\/12\/13\/gonzalo-montiel-anuncio-que-sera-papa-junto-a-su-pareja-karina-nacucchio-felices-los-seis\/\" target=\"_blank\" rel=\"noreferrer noopener\">ser\u00e1 pap\u00e1 en 2024&nbsp;<\/a>por primera vez.<\/li>\n\n\n\n<li><strong>Nicol\u00e1s Tagliafico<\/strong>: si bien suele jugar todos los partidos en el Olympique Lyon, su equipo no est\u00e1 haciendo una buena temporada en la Liga de Francia.<\/li>\n\n\n\n<li><strong>Nahuel Molina<\/strong>: mejor\u00f3 mucho en el Atl\u00e9tico Madrid del Cholo Simeone, marc\u00f3 varios goles y se consolid\u00f3 como una pieza clave en el once titular.<\/li>\n\n\n\n<li><strong>Marcos Acu\u00f1a<\/strong>: si bien perdi\u00f3 la titularidad en la Selecci\u00f3n, se consolid\u00f3 en el Sevilla y conquist\u00f3 la UEFA Europa League.<\/li>\n\n\n\n<li><strong>Nicol\u00e1s Otamendi<\/strong>: convirti\u00f3 dos goles por Eliminatorias Sudamericanas, uno para conseguir el hist\u00f3rico triunfo ante Brasil.&nbsp;<strong>En el Benfica sigui\u00f3 con su gran nivel:&nbsp;<\/strong>titular, capit\u00e1n y pieza clave para conseguir la Liga y la Supercopa de Portugal.<\/li>\n\n\n\n<li><strong>Cristian Romero<\/strong>: a pesar de algunas lesiones y expulsiones, demostr\u00f3 su gran nivel y<strong>&nbsp;se gan\u00f3 el reconocimiento de ser subcapit\u00e1n en el Tottenham.<\/strong>&nbsp;Es un basti\u00f3n en su equipo y una de las figuras de la Premier League.<\/li>\n\n\n\n<li><strong>Germ\u00e1n Pezzella<\/strong>: juega regularmente de titular y suele ser capit\u00e1n en el Betis de Espa\u00f1a. En la Selecci\u00f3n argentina sigue siendo suplente, aunque siempre es convocado.<\/li>\n\n\n\n<li><strong>Lisandro Mart\u00ednez<\/strong>: se gan\u00f3 el coraz\u00f3n de los hinchas del Manchester United, pero&nbsp;<a href=\"https:\/\/tn.com.ar\/deportes\/futbol\/2023\/09\/29\/malas-noticias-para-la-seleccion-argentina-lisandro-martinez-sera-baja-por-tiempo-indeterminado\/\" target=\"_blank\" rel=\"noreferrer noopener\"><strong>una lesi\u00f3n lo mantuvo muchos meses fuera de la cancha<\/strong>&nbsp;<\/a>y coincidi\u00f3 con la mala racha de su equipo. Lleg\u00f3 a ganar la Copa de la Liga (Carabao Cup).<\/li>\n\n\n\n<li><strong>Juan Foyth<\/strong>: padeci\u00f3&nbsp;<strong>varias lesiones<\/strong>, pero se gan\u00f3 su lugar en el Villarreal y es titular indiscutible cuando est\u00e1 en forma.<\/li>\n<\/ul>\n\n\n\n<figure class=\"wp-block-image\"><img decoding=\"async\" src=\"https:\/\/tn.com.ar\/resizer\/FWbEbYiJAKM1PzXNPfvo3N65bN8=\/767x0\/smart\/filters:format(webp)\/cloudfront-us-east-1.images.arcpublishing.com\/artear\/SQLGSUODNZBJLB36JSHI6DFXSI.jpg\" alt=\"Nicol\u00e1s Otamendi, autor del 1-0 en el Maracan\u00e1. (Foto: AFP)\"\/><figcaption class=\"wp-element-caption\">Nicol\u00e1s Otamendi, autor del 1-0 en el Maracan\u00e1. (Foto: AFP)<\/figcaption><\/figure>\n\n\n\n<h2>Mediocampistas<\/h2>\n\n\n\n<ul>\n<li><strong>Leandro Paredes<\/strong>: dej\u00f3 la Juventus para tener un segundo ciclo en la Roma y recuper\u00f3 mucho tiempo de juego de la mano de Jos\u00e9 Mourinho.<\/li>\n\n\n\n<li><strong>Rodrigo De Paul<\/strong>: se asent\u00f3 en el Atl\u00e9tico Madrid, despu\u00e9s de mucho esfuerzo, y habitualmente es elegido por el Cholo Simeone para ser titular.&nbsp;<a href=\"https:\/\/tn.com.ar\/deportes\/futbol\/2023\/08\/01\/el-sorpresivo-posteo-de-rodrigo-de-paul-con-tini-decidimos-terminar\/\" target=\"_blank\" rel=\"noreferrer noopener\"><strong>Se separ\u00f3 de Tini Stoessel<\/strong><\/a>.<\/li>\n\n\n\n<li><strong>Enzo Fern\u00e1ndez<\/strong>: pas\u00f3 del Benfica al Chelsea y se convirti\u00f3 en el&nbsp;<strong>mediocampista argentino m\u00e1s caro de la historia<\/strong>, aunque su equipo no levant\u00f3 cabeza.&nbsp;<a href=\"https:\/\/tn.com.ar\/deportes\/futbol\/2023\/10\/26\/nacio-el-segundo-hijo-de-enzo-fernandez-y-valentina-cervantes\/\" target=\"_blank\" rel=\"noreferrer noopener\">Fue pap\u00e1 por segunda vez<\/a>.<\/li>\n\n\n\n<li><strong>Alexis Mac Allister<\/strong>: pas\u00f3 del Brighton al Liverpool, se puso la 10 y no desenton\u00f3, aunque J\u00fcrgen Klopp lo pone de volante central.&nbsp;<a href=\"https:\/\/tn.com.ar\/deportes\/seleccion-argentina\/2023\/03\/26\/una-nueva-integrante-la-novia-de-nicolas-gonzalez-le-dio-la-bienvenida-a-ailen-cova-al-grupo-de-la-seleccion\/\" target=\"_blank\" rel=\"noreferrer noopener\">Oficializ\u00f3 su noviazgo con Ail\u00e9n Cova<\/a>, su amiga de toda la vida.<\/li>\n\n\n\n<li><strong>Alejandro Papu G\u00f3mez<\/strong>: despu\u00e9s de ganar la UEFA Europa League, el Sevilla lo dej\u00f3 libre y pas\u00f3 al Monza de Italia. Sin embargo,&nbsp;<a href=\"https:\/\/tn.com.ar\/deportes\/futbol\/2023\/10\/22\/el-papu-gomez-rompio-el-silencio-y-revelo-por-que-le-dio-positivo-el-doping\/\" target=\"_blank\" rel=\"noreferrer noopener\"><strong>fue suspendido por dos a\u00f1os por un doping positivo<\/strong><\/a><strong>&nbsp;y se entrena solo<\/strong>. Despu\u00e9s de Qatar, fue el \u00fanico campe\u00f3n del mundo que nunca m\u00e1s fue convocado a la Selecci\u00f3n y las versiones respecto del alejamiento de sus compa\u00f1eros nunca fueron esclarecidas.<\/li>\n\n\n\n<li><strong>Guido Rodr\u00edguez<\/strong>: en Betis demostr\u00f3 un gran nivel, pero&nbsp;<a href=\"https:\/\/tn.com.ar\/deportes\/futbol\/2023\/12\/08\/guido-rodriguez-hizo-un-emotivo-posteo-luego-de-ser-operado-se-fracturo-el-tobillo-en-un-entrenamiento\/\" target=\"_blank\" rel=\"noreferrer noopener\">una lesi\u00f3n lo oblig\u00f3 a operarse del tobillo<\/a>&nbsp;antes de que termine el a\u00f1o, lo cual aparentemente impedir\u00e1 que sea transferido a otro club. Ser\u00e1 pap\u00e1 en 2024.<\/li>\n\n\n\n<li><strong>Exequiel Palacios<\/strong>: se convirti\u00f3 en un emblema del Bayer Leverkusen de Xabi Alonso. Es una pieza fundamental y mostr\u00f3 su gran nivel en Alemania.<\/li>\n\n\n\n<li><strong>Thiago Almada<\/strong>: sigui\u00f3 rompi\u00e9ndola en el Atlanta United, en la MLS, aunque ya anunci\u00f3 que buscar\u00e1 seguir su carrera en Europa. Jugar\u00e1 el Preol\u00edmpico 2024 con la Selecci\u00f3n argentina sub 23.<\/li>\n<\/ul>\n\n\n\n<figure class=\"wp-block-image\"><img decoding=\"async\" src=\"https:\/\/tn.com.ar\/resizer\/Kdr_UAe9s7RUUhRka66wsqwPaWk=\/767x0\/smart\/filters:format(webp)\/cloudfront-us-east-1.images.arcpublishing.com\/artear\/DVSLILCECRCXFGHLIFS6DJDNKM.jpg\" alt=\"Alejandro &quot;Papu&quot; G\u00f3mez y su esposa, Linda Raff, en la celebraci\u00f3n de la Copa del Mundo. (Foto: papugomez_official\/IG)\"\/><figcaption class=\"wp-element-caption\">Alejandro &#8220;Papu&#8221; G\u00f3mez y su esposa, Linda Raff, en la celebraci\u00f3n de la Copa del Mundo. (Foto: papugomez_official\/IG)<\/figcaption><\/figure>\n\n\n\n<h2>Delanteros<\/h2>\n\n\n\n<ul>\n<li><strong>Lionel Messi<\/strong>: dej\u00f3 el PSG, se fue al Inter Miami y lo sac\u00f3 campe\u00f3n por primera vez en la historia. Consigui\u00f3 la Leagues Cup,<a href=\"https:\/\/tn.com.ar\/deportes\/futbol\/2023\/10\/30\/de-ronaldinho-a-de-paul-los-miles-de-mensajes-que-recibio-lionel-messi-tras-ganar-el-balon-de-oro\/\" target=\"_blank\" rel=\"noreferrer noopener\"><strong>&nbsp;gan\u00f3 su octavo Bal\u00f3n de Oro<\/strong><\/a>, volvi\u00f3 a ser dirigido por el Tata Martino y se junt\u00f3 con grandes amigos como Jordi Alba y Sergio Busquets. En 2024 se sumar\u00e1 Luis Su\u00e1rez.<\/li>\n\n\n\n<li><strong>\u00c1ngel Di Mar\u00eda<\/strong>:&nbsp;<a href=\"https:\/\/tn.com.ar\/deportes\/futbol\/2023\/07\/05\/angel-di-maria-fue-presentado-en-su-nuevo-club-los-guinos-argentinos-en-el-video-del-anuncio\/\" target=\"_blank\" rel=\"noreferrer noopener\">volvi\u00f3 al Benfica<\/a>, se consagr\u00f3 campe\u00f3n y los fan\u00e1ticos le demostraron todo su amor. Probablemente sea su \u00faltimo a\u00f1o en Europa, ya que hay fuertes rumores de que regresar\u00e1 a Rosario Central despu\u00e9s de la Copa Am\u00e9rica 2024. El torneo continental marcar\u00e1 su despedida de la Selecci\u00f3n.<\/li>\n\n\n\n<li><strong>Juli\u00e1n \u00c1lvarez<\/strong>: gan\u00f3 todo en el Manchester City; Premier League, Champions League, FA Cup, Supercopa Europea y Mundial de Clubes. Ser\u00e1 el<a href=\"https:\/\/tn.com.ar\/deportes\/2023\/12\/26\/ni-siquiera-messi-lo-logro-el-privilegio-que-tendra-julian-alvarez-durante-todos-los-partidos-del-2024\/\" target=\"_blank\" rel=\"noreferrer noopener\"><strong>\u00fanico jugador del planeta que llevar\u00e1 el parche de campe\u00f3n del mundo tanto en la Selecci\u00f3n como en su equipo<\/strong><\/a>, donde logr\u00f3 sumar m\u00e1s minutos.<\/li>\n\n\n\n<li><strong>Lautaro Mart\u00ednez<\/strong>: si bien no pudo convertir goles en el Mundial, la rompi\u00f3 en el Inter; campe\u00f3n de Copa Italia, de la Supercopa, subcampe\u00f3n de Champions League, actual goleador del Calcio y capit\u00e1n del equipo.&nbsp;<a href=\"https:\/\/tn.com.ar\/deportes\/futbol\/2023\/08\/07\/nacio-el-segundo-hijo-de-lautaro-martinez-y-agustina-gandolfo-ahora-somos-4\/\" target=\"_blank\" rel=\"noreferrer noopener\"><strong>Fue pap\u00e1 por segunda vez<\/strong><\/a>.<\/li>\n\n\n\n<li><strong>\u00c1ngel Correa<\/strong>: no es titular indiscutible en el Atl\u00e9tico Madrid, pero est\u00e1 en la consideraci\u00f3n del Cholo Simeone. Habitualmente juega todos los partidos, aunque sea desde el banco, y suele meter goles.<\/li>\n\n\n\n<li><strong>Paulo Dybala<\/strong>: cada vez que jug\u00f3 para la Roma, pag\u00f3 con golazos y buen f\u00fatbol. Sin embargo,&nbsp;<strong>las lesiones lo tuvieron a maltraer<\/strong>, nuevamente.&nbsp;<a href=\"https:\/\/tn.com.ar\/deportes\/futbol\/2023\/10\/31\/paulo-dybala-le-pidio-casamiento-a-oriana-sabatini-y-lo-hizo-de-la-manera-mas-romantica-para-siempre\/\" target=\"_blank\" rel=\"noreferrer noopener\"><strong>Le pidi\u00f3 casamiento a Oriana Sabatini<\/strong><\/a>&nbsp;y seguramente lo lleven a cabo en 2024.<\/li>\n<\/ul>\n\n\n\n<figure class=\"wp-block-image\"><img decoding=\"async\" src=\"https:\/\/tn.com.ar\/resizer\/d6-0s8_TnxFr3ej1-UfA0kH86mY=\/767x0\/smart\/filters:format(webp)\/cloudfront-us-east-1.images.arcpublishing.com\/artear\/WCQ4M6VBLZCFXDR5PWIEYZH3CA.jfif\" alt=\"Lionel Messi gan\u00f3 su octavo Bal\u00f3n de Oro en 2023. (Foto: EFE)\"\/><figcaption class=\"wp-element-caption\">Lionel Messi gan\u00f3 su octavo Bal\u00f3n de Oro en 2023. (Foto: EFE)<\/figcaption><\/figure>\n\n\n\n<p><\/p>\n\n\n\n<p>Fuente: TN<\/p>\n","protected":false},"excerpt":{"rendered":"<div class=\"mh-excerpt\"><p>Antes de despedir el 2023, vale hacer un recorrido por el a\u00f1o de los campeones del mundo con la\u00a0Selecci\u00f3n argentina: cambios de equipo, sanciones, t\u00edtulos, lesiones, casamientos y embarazos le dieron color a la Scaloneta. Uno a uno, as\u00ed vivieron los \u00faltimos 12 meses los jugadores que consiguieron la tercera estrella con la camiseta albiceleste, mientras\u00a0Lionel Scaloni\u00a0define su continuidad al mando del equipo. Arqueros Defensores Mediocampistas Delanteros Fuente: TN<\/p>\n<\/div>","protected":false},"author":8,"featured_media":40008,"comment_status":"open","ping_status":"closed","sticky":false,"template":"","format":"standard","meta":{"_jetpack_newsletter_access":""},"categories":[2],"tags":[],"jetpack_featured_media_url":"http:\/\/dsrmedios.com.ar\/diario\/wp-content\/uploads\/2023\/10\/argentina-mundial-34897.jpg","jetpack_sharing_enabled":true,"jetpack_shortlink":"https:\/\/wp.me\/p9fihK-b1S","_links":{"self":[{"href":"http:\/\/dsrmedios.com.ar\/diario\/wp-json\/wp\/v2\/posts\/42400"}],"collection":[{"href":"http:\/\/dsrmedios.com.ar\/diario\/wp-json\/wp\/v2\/posts"}],"about":[{"href":"http:\/\/dsrmedios.com.ar\/diario\/wp-json\/wp\/v2\/types\/post"}],"author":[{"embeddable":true,"href":"http:\/\/dsrmedios.com.ar\/diario\/wp-json\/wp\/v2\/users\/8"}],"replies":[{"embeddable":true,"href":"http:\/\/dsrmedios.com.ar\/diario\/wp-json\/wp\/v2\/comments?post=42400"}],"version-history":[{"count":1,"href":"http:\/\/dsrmedios.com.ar\/diario\/wp-json\/wp\/v2\/posts\/42400\/revisions"}],"predecessor-version":[{"id":42401,"href":"http:\/\/dsrmedios.com.ar\/diario\/wp-json\/wp\/v2\/posts\/42400\/revisions\/42401"}],"wp:featuredmedia":[{"embeddable":true,"href":"http:\/\/dsrmedios.com.ar\/diario\/wp-json\/wp\/v2\/media\/40008"}],"wp:attachment":[{"href":"http:\/\/dsrmedios.com.ar\/diario\/wp-json\/wp\/v2\/media?parent=42400"}],"wp:term":[{"taxonomy":"category","embeddable":true,"href":"http:\/\/dsrmedios.com.ar\/diario\/wp-json\/wp\/v2\/categories?post=42400"},{"taxonomy":"post_tag","embeddable":true,"href":"http:\/\/dsrmedios.com.ar\/diario\/wp-json\/wp\/v2\/tags?post=42400"}],"curies":[{"name":"wp","href":"https:\/\/api.w.org\/{rel}","templated":true}]}}