{"id":42393,"date":"2023-12-29T10:29:33","date_gmt":"2023-12-29T13:29:33","guid":{"rendered":"http:\/\/dsrmedios.com.ar\/diario\/?p=42393"},"modified":"2023-12-29T10:29:36","modified_gmt":"2023-12-29T13:29:36","slug":"se-demora-el-viaje-del-papa-a-la-argentina-los-motivos-detras-del-retraso-de-la-visita-de-francisco-al-pais","status":"publish","type":"post","link":"http:\/\/dsrmedios.com.ar\/diario\/archivos\/42393","title":{"rendered":"Se demora el viaje del Papa a la Argentina: los motivos detr\u00e1s del retraso de la visita de Francisco al pa\u00eds"},"content":{"rendered":"\n<p>La mentada&nbsp;<a href=\"https:\/\/tn.com.ar\/opinion\/2023\/12\/03\/ni-cristina-ni-mauricio-ni-alberto-es-javier-milei-quien-se-encamina-a-recibir-al-papa\/\" target=\"_blank\" rel=\"noreferrer noopener\"><strong>visita del Papa Francisco a la Argentina<\/strong>&nbsp;<\/a>hab\u00eda entrado virtualmente en la cuenta regresiva. Parec\u00eda que estaba encaminada para que se concretara en&nbsp;<strong>abril o comienzos de mayo de 2024<\/strong>. Pero hacia el final del a\u00f1o empezaron a llegar desde Roma se\u00f1ales de que&nbsp;<strong>el viaje podr\u00eda postergarse al segundo semestre<\/strong>.<\/p>\n\n\n\n<p>La demora se deber\u00eda a la\u00a0<strong>falta de di\u00e1logo del Gobierno con la oposici\u00f3n\u00a0<\/strong>y los diversos sectores, que aumenta la conflictividad y ahonda la incertidumbre respecto del futuro del pa\u00eds. Pero sobre todo tendr\u00eda que ver con<strong>\u00a0actitudes del propio Presidente, Javier Milei<\/strong>\u00a0que -a juicio de Roma- denotar\u00edan una falta de consideraci\u00f3n hacia la Iglesia cat\u00f3lica.<\/p>\n\n\n\n<p>Dicho de otra manera: el pont\u00edfice -acompa\u00f1ado por la secretar\u00eda de Estado del Vaticano, encargada de las giras papales- habr\u00eda decidido -expresado en t\u00e9rminos criollos-&nbsp;<strong>\u201cdesensillar hasta que aclare\u201d<\/strong>.<\/p>\n\n\n\n<p>Es cierto que el triunfo de Milei suscit\u00f3 un enorme interrogante acerca de c\u00f3mo llevar\u00eda adelante su gobierno, especialmente por&nbsp;<strong>la radicalidad de las medidas&nbsp;<\/strong>que ven\u00eda anticipando en caso de llegar a la Casa Rosada, sumado a su debilidad objetiva por la falta de gobernadores y legisladores. A ello se sum\u00f3 la preocupaci\u00f3n por la&nbsp;<strong>gran cantidad de reformas que anunci\u00f3 v\u00eda&nbsp;<\/strong><a href=\"https:\/\/tn.com.ar\/politica\/2023\/12\/21\/texto-completo-del-dnu-de-javier-milei-en-pdf\/?gclid=CjwKCAiAs6-sBhBmEiwA1Nl8s0l8wW28jjYAPxTMV_ZDDVw6_B3uIQpPnf4UQKP3UdtQCx6zvO3QjxoCTgEQAvD_BwE\" target=\"_blank\" rel=\"noreferrer noopener\"><strong>DNU&nbsp;<\/strong><\/a><strong>y una&nbsp;<\/strong><a href=\"https:\/\/tn.com.ar\/politica\/2023\/12\/27\/texto-completo-de-la-ley-omnibus-de-javier-milei\/\" target=\"_blank\" rel=\"noreferrer noopener\"><strong>Ley \u00d3mnibus<\/strong><\/a>, sin evidenciar una disposici\u00f3n a consensuarlas.<\/p>\n\n\n\n<figure class=\"wp-block-image\"><img decoding=\"async\" src=\"https:\/\/tn.com.ar\/resizer\/MnOsz-9SswqVW_r_ALmz-rUZyM4=\/767x0\/smart\/filters:format(webp)\/cloudfront-us-east-1.images.arcpublishing.com\/artear\/VOOHZKFA5NDIPL56QOKHJ5434U.jpg\" alt=\"El Presidente Javier Milei. (Foto: AP)\"\/><figcaption class=\"wp-element-caption\">El Presidente Javier Milei. (Foto: AP)<\/figcaption><\/figure>\n\n\n\n<p>Todo eso se produce en el marco de un&nbsp;<strong>fuerte ajuste econ\u00f3mico&nbsp;<\/strong>que no vino acompa\u00f1ado hasta ahora de medidas de amortiguaci\u00f3n social, m\u00e1s all\u00e1 de la duplicaci\u00f3n del monto de la<strong>&nbsp;Asignaci\u00f3n Universal por Hijo&nbsp;<\/strong>(AUH) y del 50% en el de la&nbsp;<strong>Tarjeta Alimentar<\/strong>.<\/p>\n\n\n\n<p>Adem\u00e1s, debe tenerse en cuenta que no todos los pobres reciben ayuda estatal y que en los pr\u00f3ximos meses de alta inflaci\u00f3n&nbsp;<strong>integrantes de sectores medios caer\u00e1n en la pobreza<\/strong>. Si a eso se le suma el<strong>&nbsp;paro de la CGT<\/strong>&nbsp;anunciado para el 24 de enero, m\u00e1s otras protestas sectoriales que empiezan a esbozarse, es veros\u00edmil concluir que&nbsp;<strong>habr\u00e1 un aumento de la tensi\u00f3n social&nbsp;<\/strong>a corto plazo.<\/p>\n\n\n\n<p>El Papa y la Iglesia en el pa\u00eds siempre anhelaron que el gobierno que surgiera de las elecciones abrazara\u00a0<strong>el camino del di\u00e1logo y la b\u00fasqueda de acuerdos\u00a0<\/strong>que distendieran siquiera en parte el clima pol\u00edtico signado por la polarizaci\u00f3n y permitiera afrontar mancomunadamente los graves desaf\u00edos, empezando por su extendida pobreza.<\/p>\n\n\n\n<p>El sue\u00f1o era<strong>&nbsp;que Francisco viniera a sellar un nuevo tiempo de convivencia c\u00edvica&nbsp;<\/strong>en el que \u00e9l mismo quedara fuera de la grieta. Pero Milei, en principio, tom\u00f3 otro camino, seguramente temiendo que la b\u00fasqueda de consensos termine haciendo sucumbir buena parte de sus reformas.<\/p>\n\n\n\n<p>Con todo, la conflictividad -en buena medida esperable- no ser\u00eda el principal motivo de la demora del viaje papal. O, al menos, el escollo que aparece en lo inmediato, que tendr\u00eda que ver con&nbsp;<strong>\u201cse\u00f1ales poco claras\u201d de Milei hacia el Papa y la Iglesia<\/strong>.<\/p>\n\n\n\n<p>Por lo pronto, la tardanza en la que est\u00e1 incurriendo el gobierno en la designaci\u00f3n del&nbsp;<strong>nuevo secretario de Culto de la Naci\u00f3n<\/strong>&nbsp;y del embajador ante la Santa Sede, luego de que el funcionario pol\u00edtico<strong>&nbsp;Guillermo Oliveri<\/strong>&nbsp;y la diplom\u00e1tica de carrera&nbsp;<strong>Fernanda Silva<\/strong>&nbsp;-ambos apreciados en los medios vaticanos y eclesi\u00e1sticos- cesaran con la nueva administraci\u00f3n.<\/p>\n\n\n\n<figure class=\"wp-block-image\"><img decoding=\"async\" src=\"https:\/\/tn.com.ar\/resizer\/S4TP-YGX69MUnSCd_yJZ7BNEG5I=\/767x0\/smart\/filters:format(webp)\/cloudfront-us-east-1.images.arcpublishing.com\/artear\/V2Y2QBPH5VGJLCZZZXZZLODYTI.jpg\" alt=\"El Papa Francisco habla ante una multitud en el Vaticano. (Foto: Reuters)\"\/><figcaption class=\"wp-element-caption\">El Papa Francisco habla ante una multitud en el Vaticano. (Foto: Reuters)<\/figcaption><\/figure>\n\n\n\n<p>La ausencia de los nombramientos tiene una incidencia directa sobre la visita del Papa.&nbsp;<strong>\u00bfCon qui\u00e9n se har\u00eda el Vaticano las consultas previas y acordar\u00eda la implementaci\u00f3n de los requisitos?<\/strong>&nbsp;Es que un viaje papal est\u00e1 precedido de una invitaci\u00f3n del presidente del pa\u00eds que visita el pont\u00edfice -cosa que ya fue hecha- y requiere de una log\u00edstica en donde el Estado en sus diversos niveles cumple un papel clave. El gobierno podr\u00eda decir que hay diplom\u00e1ticos a cargo interinamente, pero&nbsp;<strong>para el Vaticano la demora ser\u00eda una falta de consideraci\u00f3n<\/strong>&nbsp;hacia un pont\u00edfice argentino que quiere visitar su pa\u00eds.<\/p>\n\n\n\n<p>Es cierto que hay muchos cargos que a\u00fan no fueron cubiertos. Pero en Roma creen que si para el presidente es tan importante el Papa -dijo repetidamente que si viene al pa\u00eds se lo recibir\u00e1 con todos los honores de jefe de Estado y cabeza de la Iglesia cat\u00f3lica-&nbsp;<strong>no deber\u00eda tardar en normalizar los canales oficiales<\/strong>&nbsp;que llevan adelante el v\u00ednculo. M\u00e1xime considerando que Milei es el presidente que se viene mostrando como&nbsp;<strong>el m\u00e1s religioso desde la vuelta a la democracia<\/strong>, en su caso con una inclinaci\u00f3n hacia el juda\u00edsmo -l\u00ednea ortodoxa-, cuya conversi\u00f3n est\u00e1 en marcha.<\/p>\n\n\n\n<figure class=\"wp-block-image\"><img decoding=\"async\" src=\"https:\/\/tn.com.ar\/resizer\/oLbTSP-AdkJsvzP4QgeiGqlIsIk=\/767x0\/smart\/filters:format(webp)\/cloudfront-us-east-1.images.arcpublishing.com\/artear\/D6WHXVXAARG7DFL6BIQHSJEN2Q.png\" alt=\"El Presidente Javier Milei se acerca al juda\u00edsmo. (Foto: AP)\"\/><figcaption class=\"wp-element-caption\">El Presidente Javier Milei se acerca al juda\u00edsmo. (Foto: AP)<\/figcaption><\/figure>\n\n\n\n<p>A ello hay que sumar que<strong>&nbsp;la c\u00fapula del Episcopado le solicit\u00f3 a Milei una audiencia<\/strong>&nbsp;para transmitirle los saludos navide\u00f1os -tal como lo hace todos los a\u00f1os con el presidente de turno-, pero que no le fue concedida. Si bien es cierto que la reuni\u00f3n fue solicitada sobre la hora, tampoco se la otorg\u00f3 para m\u00e1s adelante. Es verdad tambi\u00e9n que&nbsp;<strong>Milei no se ve partidario de recibir delegaciones institucionales&nbsp;<\/strong>por lo que no deber\u00eda pensarse necesariamente en una falta de consideraci\u00f3n. Pero llama la atenci\u00f3n.<\/p>\n\n\n\n<p>Algo es seguro: Milei logr\u00f3 un acercamiento con el Papa por la conversaci\u00f3n telef\u00f3nica que mantuvo a los dos d\u00edas de ser elegido presidente, llamado que fue hecho por el legislador&nbsp;<strong>Ramiro Marra<\/strong>. Fue una&nbsp;<strong>charla nada protocolar, directa y cordial<\/strong>, que posibilit\u00f3 dejar atr\u00e1s las descalificaciones y hasta los insultos que el libertario le propin\u00f3 en el pasado al pont\u00edfice y algunas alusiones impl\u00edcitas muy cr\u00edticas de Francisco hacia \u00e9l.&nbsp;<strong>Pero Milei no deber\u00eda descuidar la relaci\u00f3n con la Iglesia local<\/strong>.<\/p>\n\n\n\n<p>Habr\u00e1 que ver si se producen pronto los nombramientos en el \u00e1rea de Culto y se establece un nuevo v\u00ednculo institucional. Y si la conflictividad no escala y termina habiendo un\u00a0<strong>cierto nivel de di\u00e1logo<\/strong>. Mientras tanto, la concreci\u00f3n del viaje del Papa a la Argentina parece el cuento de nunca acabar.<\/p>\n\n\n\n<p>FUENTE: tn<\/p>\n","protected":false},"excerpt":{"rendered":"<div class=\"mh-excerpt\"><p>La mentada&nbsp;visita del Papa Francisco a la Argentina&nbsp;hab\u00eda entrado virtualmente en la cuenta regresiva. Parec\u00eda que estaba encaminada para que se concretara en&nbsp;abril o comienzos de mayo de 2024. Pero hacia el final del a\u00f1o empezaron a llegar desde Roma se\u00f1ales de que&nbsp;el viaje podr\u00eda postergarse al segundo semestre. La demora se deber\u00eda a la\u00a0falta de di\u00e1logo del Gobierno con la oposici\u00f3n\u00a0y los diversos sectores, que aumenta la conflictividad y ahonda la incertidumbre respecto del futuro del pa\u00eds. Pero sobre todo tendr\u00eda que ver con\u00a0actitudes del propio Presidente, Javier Milei\u00a0que -a juicio de Roma- denotar\u00edan una falta de consideraci\u00f3n hacia <a class=\"mh-excerpt-more\" href=\"http:\/\/dsrmedios.com.ar\/diario\/archivos\/42393\" title=\"Se demora el viaje del Papa a la Argentina: los motivos detr\u00e1s del retraso de la visita de Francisco al pa\u00eds\">[Leer m\u00e1s]<\/a><\/p>\n<\/div>","protected":false},"author":8,"featured_media":4561,"comment_status":"open","ping_status":"closed","sticky":false,"template":"","format":"standard","meta":{"_jetpack_newsletter_access":""},"categories":[6],"tags":[],"jetpack_featured_media_url":"http:\/\/dsrmedios.com.ar\/diario\/wp-content\/uploads\/2018\/03\/papa.jpg","jetpack_sharing_enabled":true,"jetpack_shortlink":"https:\/\/wp.me\/p9fihK-b1L","_links":{"self":[{"href":"http:\/\/dsrmedios.com.ar\/diario\/wp-json\/wp\/v2\/posts\/42393"}],"collection":[{"href":"http:\/\/dsrmedios.com.ar\/diario\/wp-json\/wp\/v2\/posts"}],"about":[{"href":"http:\/\/dsrmedios.com.ar\/diario\/wp-json\/wp\/v2\/types\/post"}],"author":[{"embeddable":true,"href":"http:\/\/dsrmedios.com.ar\/diario\/wp-json\/wp\/v2\/users\/8"}],"replies":[{"embeddable":true,"href":"http:\/\/dsrmedios.com.ar\/diario\/wp-json\/wp\/v2\/comments?post=42393"}],"version-history":[{"count":1,"href":"http:\/\/dsrmedios.com.ar\/diario\/wp-json\/wp\/v2\/posts\/42393\/revisions"}],"predecessor-version":[{"id":42394,"href":"http:\/\/dsrmedios.com.ar\/diario\/wp-json\/wp\/v2\/posts\/42393\/revisions\/42394"}],"wp:featuredmedia":[{"embeddable":true,"href":"http:\/\/dsrmedios.com.ar\/diario\/wp-json\/wp\/v2\/media\/4561"}],"wp:attachment":[{"href":"http:\/\/dsrmedios.com.ar\/diario\/wp-json\/wp\/v2\/media?parent=42393"}],"wp:term":[{"taxonomy":"category","embeddable":true,"href":"http:\/\/dsrmedios.com.ar\/diario\/wp-json\/wp\/v2\/categories?post=42393"},{"taxonomy":"post_tag","embeddable":true,"href":"http:\/\/dsrmedios.com.ar\/diario\/wp-json\/wp\/v2\/tags?post=42393"}],"curies":[{"name":"wp","href":"https:\/\/api.w.org\/{rel}","templated":true}]}}