{"id":42390,"date":"2023-12-29T10:27:40","date_gmt":"2023-12-29T13:27:40","guid":{"rendered":"http:\/\/dsrmedios.com.ar\/diario\/?p=42390"},"modified":"2023-12-29T10:28:39","modified_gmt":"2023-12-29T13:28:39","slug":"milei-defendio-la-ley-omnibus-y-presiono-al-congreso-el-pais-va-rumbo-a-una-catastrofe-de-tamano-biblico","status":"publish","type":"post","link":"http:\/\/dsrmedios.com.ar\/diario\/archivos\/42390","title":{"rendered":"Milei defendi\u00f3 la Ley \u00d3mnibus y presion\u00f3 al Congreso: \u201cEl pa\u00eds va rumbo a una cat\u00e1strofe de tama\u00f1o b\u00edblico\u201d"},"content":{"rendered":"\n<p>En un mensaje grabado,&nbsp;<a href=\"https:\/\/tn.com.ar\/opinion\/2023\/12\/30\/expertos-advierten-que-ante-un-eventual-referendum-javier-milei-debera-mejorar-mucho-su-comunicacion\/\" target=\"_blank\" rel=\"noreferrer noopener\"><strong>Javier Milei&nbsp;<\/strong><\/a>les pidi\u00f3 a los diputados y senadores que respalden el proyecto de Ley \u00d3mnibus que envi\u00f3 al Congreso para afrontar la emergencia econ\u00f3mica.&nbsp;<strong>Adem\u00e1s, consider\u00f3 que si esa iniciativa no se aprueba en el parlamento, el pa\u00eds afrontar\u00e1 \u201cuna cat\u00e1strofe de proporciones b\u00edblicas\u201d<\/strong>.<\/p>\n\n\n\n<p>El Presidente insisti\u00f3 en remarcar que \u201cel problema heredado es demasiado profundo y condena a la mitad de los argentinos a la pobreza\u201d. Adem\u00e1s, el jefe de Estado dese\u00f3 \u201cun feliz a\u00f1o para todos\u201d, y manifest\u00f3 su deseo de que \u201cpodamos dar vuelta un siglo de fracasos\u201d.<\/p>\n\n\n\n<figure class=\"wp-block-image\"><img decoding=\"async\" src=\"https:\/\/tn.com.ar\/resizer\/o1Lng-oYmYoqce4TMvYknytIzE4=\/767x0\/smart\/filters:format(webp)\/thumbs.vodgc.net\/71DC9CFFDAE147B42AD718462EB259BE849_1080P.jpg\" alt=\"Video Placeholder\"\/><\/figure>\n\n\n\n<p>Javier Milei mand\u00f3 un mensaje de fin de a\u00f1o para todos los argentinos. (Video: YouTube\/Casa Rosada)<\/p>\n\n\n\n<p>\u201cQuiero desearle a los argentinos un feliz a\u00f1o.&nbsp;<strong>Este puede ser el a\u00f1o que debemos vuelta un siglo de fracaso<\/strong>, en el que dejemos atr\u00e1s el modelo colectivista que nos hizo pobres y abracemos nuevamente el modelo de la libertad que nos hizo el pa\u00eds m\u00e1s rico del mundo\u201d, asegur\u00f3.<\/p>\n\n\n\n<p>En esta l\u00ednea agreg\u00f3: \u201c<strong>Mi deseo para este a\u00f1o que viene es que la dirigencia pol\u00edtica abandone sus anteojeras ideol\u00f3gicas&nbsp;<\/strong>e intereses personales y est\u00e9 a la altura de las circunstancias para poder avanzar m\u00e1s r\u00e1pido en las modificaciones que el pa\u00eds necesita\u201d.<\/p>\n\n\n\n<p>\u201c<strong>Si nos apoyan habr\u00e1 luz al final del camino\u201d<\/strong>, concluy\u00f3 Javier Milei antes de su habitual pedido de acompa\u00f1amiento a \u201c<strong>las fuerzas del cielo<\/strong>\u201d.<\/p>\n\n\n\n<h2><strong>Qu\u00e9 dice la Ley \u00d3mnibus que Javier Milei env\u00edo al Congreso<\/strong><\/h2>\n\n\n\n<p><a href=\"https:\/\/tn.com.ar\/tags\/javier-milei\/?gclid=Cj0KCQiA1rSsBhDHARIsANB4EJaI0lnwP_AYyboxWQ1Hm44da8BQ3lWt74xBntAhuRajvFgHhQGrDgsaAgdrEALw_wcB\"><strong>Javier Milei<\/strong><\/a>&nbsp;present\u00f3 en el Congreso el proyecto de&nbsp;<strong>Ley \u00d3mnibus<\/strong>, en el que pide al Congreso declarar la emergencia p\u00fablica en materia econ\u00f3mica, financiera, fiscal, previsional, de seguridad, de defensa, tarifaria, energ\u00e9tica, sanitaria, administrativa y social hasta el 31 de diciembre de 2025.<\/p>\n\n\n\n<p>La iniciativa consta de&nbsp;<strong>183 p\u00e1ginas y 664 art\u00edculos<\/strong>&nbsp;y est\u00e1 firmada por el presidente, el jefe de Gabinete&nbsp;<strong>Nicolas Posse<\/strong>, y los ministros del Poder Ejecutivo.<\/p>\n\n\n\n<p>A lo largo de este proyecto, se proponen reformas fiscales, la suspensi\u00f3n de la aplicaci\u00f3n de la f\u00f3rmula de actualizaci\u00f3n de las jubilaciones, la posibilidad de privatizar m\u00e1s de 40 empresas estatales, cambios en el sistema electoral y la autorizaci\u00f3n para aplicar sanciones a las manifestaciones, entre otras medidas.<\/p>\n\n\n\n<p>Estas reformas se consideran un complemento al&nbsp;<a href=\"https:\/\/tn.com.ar\/politica\/2023\/12\/20\/los-30-puntos-del-dnu-de-javier-milei-sobre-la-desregulacion-de-la-economia\/\"><strong>Decreto de Necesidad y Urgencia (DNU)<\/strong><\/a>, y tienen como objetivo principal promover la libertad de todos los ciudadanos argentinos.<\/p>\n\n\n\n<p>FUENTE: tn<\/p>\n","protected":false},"excerpt":{"rendered":"<div class=\"mh-excerpt\"><p>En un mensaje grabado,&nbsp;Javier Milei&nbsp;les pidi\u00f3 a los diputados y senadores que respalden el proyecto de Ley \u00d3mnibus que envi\u00f3 al Congreso para afrontar la emergencia econ\u00f3mica.&nbsp;Adem\u00e1s, consider\u00f3 que si esa iniciativa no se aprueba en el parlamento, el pa\u00eds afrontar\u00e1 \u201cuna cat\u00e1strofe de proporciones b\u00edblicas\u201d. El Presidente insisti\u00f3 en remarcar que \u201cel problema heredado es demasiado profundo y condena a la mitad de los argentinos a la pobreza\u201d. Adem\u00e1s, el jefe de Estado dese\u00f3 \u201cun feliz a\u00f1o para todos\u201d, y manifest\u00f3 su deseo de que \u201cpodamos dar vuelta un siglo de fracasos\u201d. Javier Milei mand\u00f3 un mensaje de fin <a class=\"mh-excerpt-more\" href=\"http:\/\/dsrmedios.com.ar\/diario\/archivos\/42390\" title=\"Milei defendi\u00f3 la Ley \u00d3mnibus y presion\u00f3 al Congreso: \u201cEl pa\u00eds va rumbo a una cat\u00e1strofe de tama\u00f1o b\u00edblico\u201d\">[Leer m\u00e1s]<\/a><\/p>\n<\/div>","protected":false},"author":8,"featured_media":42170,"comment_status":"open","ping_status":"closed","sticky":false,"template":"","format":"standard","meta":{"_jetpack_newsletter_access":""},"categories":[6],"tags":[],"jetpack_featured_media_url":"http:\/\/dsrmedios.com.ar\/diario\/wp-content\/uploads\/2023\/12\/MILEI.jpg","jetpack_sharing_enabled":true,"jetpack_shortlink":"https:\/\/wp.me\/p9fihK-b1I","_links":{"self":[{"href":"http:\/\/dsrmedios.com.ar\/diario\/wp-json\/wp\/v2\/posts\/42390"}],"collection":[{"href":"http:\/\/dsrmedios.com.ar\/diario\/wp-json\/wp\/v2\/posts"}],"about":[{"href":"http:\/\/dsrmedios.com.ar\/diario\/wp-json\/wp\/v2\/types\/post"}],"author":[{"embeddable":true,"href":"http:\/\/dsrmedios.com.ar\/diario\/wp-json\/wp\/v2\/users\/8"}],"replies":[{"embeddable":true,"href":"http:\/\/dsrmedios.com.ar\/diario\/wp-json\/wp\/v2\/comments?post=42390"}],"version-history":[{"count":2,"href":"http:\/\/dsrmedios.com.ar\/diario\/wp-json\/wp\/v2\/posts\/42390\/revisions"}],"predecessor-version":[{"id":42392,"href":"http:\/\/dsrmedios.com.ar\/diario\/wp-json\/wp\/v2\/posts\/42390\/revisions\/42392"}],"wp:featuredmedia":[{"embeddable":true,"href":"http:\/\/dsrmedios.com.ar\/diario\/wp-json\/wp\/v2\/media\/42170"}],"wp:attachment":[{"href":"http:\/\/dsrmedios.com.ar\/diario\/wp-json\/wp\/v2\/media?parent=42390"}],"wp:term":[{"taxonomy":"category","embeddable":true,"href":"http:\/\/dsrmedios.com.ar\/diario\/wp-json\/wp\/v2\/categories?post=42390"},{"taxonomy":"post_tag","embeddable":true,"href":"http:\/\/dsrmedios.com.ar\/diario\/wp-json\/wp\/v2\/tags?post=42390"}],"curies":[{"name":"wp","href":"https:\/\/api.w.org\/{rel}","templated":true}]}}