{"id":42386,"date":"2023-12-29T10:22:16","date_gmt":"2023-12-29T13:22:16","guid":{"rendered":"http:\/\/dsrmedios.com.ar\/diario\/?p=42386"},"modified":"2023-12-29T10:22:19","modified_gmt":"2023-12-29T13:22:19","slug":"patricia-bullrich-critico-a-la-cgt-y-dijo-que-con-los-paros-y-manifestaciones-quieren-voltear-al-gobierno","status":"publish","type":"post","link":"http:\/\/dsrmedios.com.ar\/diario\/archivos\/42386","title":{"rendered":"Patricia Bullrich critic\u00f3 a la CGT y dijo que con los paros y manifestaciones quieren \u201cvoltear al gobierno\u201d"},"content":{"rendered":"\n<p>La ministra de seguridad,&nbsp;<a href=\"https:\/\/tn.com.ar\/politica\/2023\/12\/27\/patricia-bullrich-sobre-la-marcha-de-la-cgt-los-comerciantes-que-cerraron-podran-pedir-un-seguro-de-caucion\/\" target=\"_blank\" rel=\"noreferrer noopener\"><strong>Patricia Bullrich<\/strong><\/a>, acus\u00f3 este s\u00e1bado a un sector de la poblaci\u00f3n de impulsar manifestaciones y paros para \u201cvoltear\u201d al gobierno del presidente<a href=\"https:\/\/tn.com.ar\/politica\/2023\/12\/30\/javier-milei-dnu-ley-omnibus-y-nuevas-medidas-en-vivo-ultimas-noticias-y-la-agenda-del-30-de-diciembre\/\" target=\"_blank\" rel=\"noreferrer noopener\">&nbsp;<strong>Javier Milei<\/strong><\/a>.<\/p>\n\n\n\n<p>En alusi\u00f3n al<strong>\u00a0paro anunciado por la CGT\u00a0<\/strong>para el 24 de enero, la funcionaria consider\u00f3 que<strong>\u00a0\u201cocurre cada vez que no gobiernan los gremios y las corporaciones\u201d<\/strong>, y agrego: \u201cLa actual administraci\u00f3n nacional tiene por delante el gran desaf\u00edo de<strong>\u00a0vencer al pa\u00eds del imposible<\/strong>, con gente que no quiere que haya ning\u00fan cambio en la Argentina\u201d.<\/p>\n\n\n\n<p>\u201cSi un gobierno gana las elecciones y lo \u00fanico que tiene son&nbsp;<strong>paros y manifestaciones,<\/strong>&nbsp;es evidente que el objetivo es voltearlo.&nbsp;<strong>No lo van a lograr<\/strong>, pero es su objetivo. Los que hoy est\u00e1n tomando la calle son los que no quieren que haya ning\u00fan cambio.&nbsp;<strong>Son el status quo y los que mantienen los privilegios<\/strong>\u201d, expres\u00f3 Bullrich en declaraciones a&nbsp;<em>CNN Radio.<\/em><\/p>\n\n\n\n<figure class=\"wp-block-image\"><img decoding=\"async\" src=\"https:\/\/tn.com.ar\/resizer\/08zGd3LMclbLDVNZ9ejmblwTXFI=\/767x0\/smart\/filters:format(webp)\/cloudfront-us-east-1.images.arcpublishing.com\/artear\/GP7NKIJQX5HG5MVIERIQPUJKSQ.jpg\" alt=\"La CGT anunci\u00f3 un paro para el 24 de enero. (Foto: Leandro Heredia \/ TN)\"\/><figcaption class=\"wp-element-caption\">La CGT anunci\u00f3 un paro para el 24 de enero. (Foto: Leandro Heredia \/ TN)<\/figcaption><\/figure>\n\n\n\n<p>\u201cLa verdad es que es el pa\u00eds del imposible y lo tenemos que vencer. Ese es un gran desaf\u00edo. La mayor\u00eda de la gente vot\u00f3 por un cambio. Hoy se est\u00e1n llevando adelante proyectos de transformaci\u00f3n.&nbsp;<strong>El DNU y el proyecto de Ley \u00d3mnibus son de transformaci\u00f3n.&nbsp;<\/strong>Hay sectores que ponen palos en la rueda desde el primer momento\u201d, enfatiz\u00f3.<\/p>\n\n\n\n<p>Por otro lado, la titular de la cartera de Seguridad calific\u00f3 como una<strong>&nbsp;\u201cmentira\u201d<\/strong>&nbsp;que en el proyecto de la \u201cLey \u00d3mnibus\u201d, presentado la semana pasada, se contemple el requisito de&nbsp;<strong>pedir permiso para hacer reuniones de tres personas&nbsp;<\/strong>en espacios p\u00fablicos.<\/p>\n\n\n\n<p>\u201cEn ning\u00fan lado dice eso. Hay una\u00a0<strong>modificaci\u00f3n a la ley de tr\u00e1nsito\u00a0<\/strong>que dice que si tres personas o m\u00e1s est\u00e1n cortando una ruta, interrumpiendo el tr\u00e1nsito, se tienen que despejar. Pero es la ley de tr\u00e1nsito\u201d, afirm\u00f3.<\/p>\n\n\n\n<p>En paralelo, sobre el protocolo para el mantenimiento del orden p\u00fablico,&nbsp;<strong>Bullrich evalu\u00f3 que su aplicaci\u00f3n \u201cviene muy bien\u201d<\/strong>&nbsp;y destac\u00f3 que la CGT \u201ctuvo un actitud bastante prolija en la marcha\u201d aunque posteriormente \u201chubo un grupo que se desband\u00f3\u201d.<\/p>\n\n\n\n<p>\u201cHemos logrado que todas las marchas se encaucen de una manera organizada y cuando se quisieron desorganizar hubo una intervenci\u00f3n policial inmediata. Argentina hace 20 a\u00f1os que sufre de una enfermedad que es el corte permanente, el piquete diario en todas las provincias de nuestro pa\u00eds y no podemos seguir as\u00ed.\u00a0<strong>El orden y la convivencia tienen que reinar<\/strong>\u201d, concluy\u00f3.<\/p>\n\n\n\n<p>Fuente: tn<\/p>\n","protected":false},"excerpt":{"rendered":"<div class=\"mh-excerpt\"><p>La ministra de seguridad,&nbsp;Patricia Bullrich, acus\u00f3 este s\u00e1bado a un sector de la poblaci\u00f3n de impulsar manifestaciones y paros para \u201cvoltear\u201d al gobierno del presidente&nbsp;Javier Milei. En alusi\u00f3n al\u00a0paro anunciado por la CGT\u00a0para el 24 de enero, la funcionaria consider\u00f3 que\u00a0\u201cocurre cada vez que no gobiernan los gremios y las corporaciones\u201d, y agrego: \u201cLa actual administraci\u00f3n nacional tiene por delante el gran desaf\u00edo de\u00a0vencer al pa\u00eds del imposible, con gente que no quiere que haya ning\u00fan cambio en la Argentina\u201d. \u201cSi un gobierno gana las elecciones y lo \u00fanico que tiene son&nbsp;paros y manifestaciones,&nbsp;es evidente que el objetivo es voltearlo.&nbsp;No <a class=\"mh-excerpt-more\" href=\"http:\/\/dsrmedios.com.ar\/diario\/archivos\/42386\" title=\"Patricia Bullrich critic\u00f3 a la CGT y dijo que con los paros y manifestaciones quieren \u201cvoltear al gobierno\u201d\">[Leer m\u00e1s]<\/a><\/p>\n<\/div>","protected":false},"author":8,"featured_media":36596,"comment_status":"open","ping_status":"closed","sticky":false,"template":"","format":"standard","meta":{"_jetpack_newsletter_access":""},"categories":[6],"tags":[],"jetpack_featured_media_url":"http:\/\/dsrmedios.com.ar\/diario\/wp-content\/uploads\/2023\/07\/patricia-bullrichjpg.webp","jetpack_sharing_enabled":true,"jetpack_shortlink":"https:\/\/wp.me\/p9fihK-b1E","_links":{"self":[{"href":"http:\/\/dsrmedios.com.ar\/diario\/wp-json\/wp\/v2\/posts\/42386"}],"collection":[{"href":"http:\/\/dsrmedios.com.ar\/diario\/wp-json\/wp\/v2\/posts"}],"about":[{"href":"http:\/\/dsrmedios.com.ar\/diario\/wp-json\/wp\/v2\/types\/post"}],"author":[{"embeddable":true,"href":"http:\/\/dsrmedios.com.ar\/diario\/wp-json\/wp\/v2\/users\/8"}],"replies":[{"embeddable":true,"href":"http:\/\/dsrmedios.com.ar\/diario\/wp-json\/wp\/v2\/comments?post=42386"}],"version-history":[{"count":1,"href":"http:\/\/dsrmedios.com.ar\/diario\/wp-json\/wp\/v2\/posts\/42386\/revisions"}],"predecessor-version":[{"id":42387,"href":"http:\/\/dsrmedios.com.ar\/diario\/wp-json\/wp\/v2\/posts\/42386\/revisions\/42387"}],"wp:featuredmedia":[{"embeddable":true,"href":"http:\/\/dsrmedios.com.ar\/diario\/wp-json\/wp\/v2\/media\/36596"}],"wp:attachment":[{"href":"http:\/\/dsrmedios.com.ar\/diario\/wp-json\/wp\/v2\/media?parent=42386"}],"wp:term":[{"taxonomy":"category","embeddable":true,"href":"http:\/\/dsrmedios.com.ar\/diario\/wp-json\/wp\/v2\/categories?post=42386"},{"taxonomy":"post_tag","embeddable":true,"href":"http:\/\/dsrmedios.com.ar\/diario\/wp-json\/wp\/v2\/tags?post=42386"}],"curies":[{"name":"wp","href":"https:\/\/api.w.org\/{rel}","templated":true}]}}