{"id":42353,"date":"2023-12-15T19:25:49","date_gmt":"2023-12-15T22:25:49","guid":{"rendered":"http:\/\/dsrmedios.com.ar\/diario\/?p=42353"},"modified":"2023-12-15T19:25:52","modified_gmt":"2023-12-15T22:25:52","slug":"kicillof-alerto-sobre-la-quita-de-fondos-y-su-impacto-en-la-seguridad-en-la-provincia-de-buenos-aires","status":"publish","type":"post","link":"http:\/\/dsrmedios.com.ar\/diario\/archivos\/42353","title":{"rendered":"Kicillof alert\u00f3 sobre la quita de fondos y su impacto en la seguridad en la provincia de Buenos Aires"},"content":{"rendered":"\n<p>En medio de la discusi\u00f3n por el recorte en las transferencias del gobierno nacional hacia las provincias, el mandatario bonaerense,\u00a0<a rel=\"noreferrer noopener\" href=\"https:\/\/www.infobae.com\/tag\/axel-kicillof\/\" target=\"_blank\"><em><strong>Axel Kicillof<\/strong><\/em><\/a>, alert\u00f3 por\u00a0<strong>el impacto que puede tener la decisi\u00f3n en el marco de la pol\u00edtica de seguridad para su segundo mandato de gobierno<\/strong>. Lo hizo rodeado de efectivos y autoridades policiales en el marco del D\u00eda del Polic\u00eda, donde tambi\u00e9n se \u201cpresent\u00f3 en sociedad\u201d al nuevo ministro de Seguridad,<strong>\u00a0Javier Alonso,\u00a0<\/strong>que asumi\u00f3 esta semana en lugar de<strong>\u00a0Sergio Berni<\/strong>\u00a0y\u00a0<strong>le pidi\u00f3 mayor compromiso a jueces y fiscales.<\/strong>\u00a0Tambi\u00e9n debut\u00f3 la nueva c\u00fapula de la fuerza policial.<a rel=\"noreferrer noopener\" href=\"https:\/\/www.infobae.com\/politica\/2023\/12\/15\/el-gobierno-de-kicillof-espera-por-un-encuentro-con-bullrich-en-medio-de-los-anuncios-del-protocolo-antipiquete\/\" target=\"_blank\"><\/a><\/p>\n\n\n\n<p>\u201c<strong>No vamos a permitir que montados vaya a saber sobre qu\u00e9 argumentos de \u00edndole pol\u00edtica no real ni hist\u00f3rica, de corto plazo, arrebaten los recursos que son de nuestra polic\u00eda<\/strong>\u201d, plante\u00f3 el gobernador al cerrar su discurso este lunes desde la Escuela Juan Vucetich.<\/p>\n\n\n\n<p>El mensaje ratific\u00f3 lo que desde hace d\u00edas viene planteando el gobernador provincial y tiene en vilo a su gesti\u00f3n: la quita de recursos de parte de la administraci\u00f3n de\u00a0<a rel=\"noreferrer noopener\" href=\"https:\/\/www.infobae.com\/tag\/javier-milei\/\" target=\"_blank\"><em><strong>Javier Milei.<\/strong><\/em><\/a><a rel=\"noreferrer noopener\" href=\"https:\/\/www.infobae.com\/politica\/2023\/12\/15\/quienes-acompanaron-a-javier-milei-en-su-primera-transmision-en-vivo-como-presidente\/\" target=\"_blank\"><\/a><\/p>\n\n\n\n<p>Es que en el marco de los anuncios que realiz\u00f3 el ministro de Econom\u00eda,<strong>&nbsp;Luis \u201cToto\u201d Caputo<\/strong>, aparecen<strong>&nbsp;la reducci\u00f3n al m\u00ednimo de las transferencias discrecionales a provincias.<\/strong>&nbsp;Esos recursos, se\u00f1al\u00f3 Caputo, \u201clamentablemente en nuestra historia reciente se han usado como moneda de cambio para intercambiar favores pol\u00edticos\u201d.&nbsp;<strong>En la provincia de Buenos Aires encendieron alarmas.<\/strong>&nbsp;En los \u00faltimos d\u00edas, ante al argumento de que Buenos Aires es uno de los&nbsp;<em>Subestados<\/em>&nbsp;m\u00e1s beneficiados por la transferencia v\u00eda Aportes del Tesoro Nacional (ATN),&nbsp;<strong>Kicillof contesta que la administraci\u00f3n provincial aporta el equivalente al 40% de los fondos coparticipables, pero recibe el 22 por ciento.<\/strong><\/p>\n\n\n\n<p>En el acto por el D\u00eda de la Polic\u00eda, el gobernador hizo un detallado repaso de la gesti\u00f3n del ministerio de Seguridad durante estos cuatro a\u00f1os. Entre ellos habl\u00f3 de la mejora salarial de los efectivos de la bonaerense que se materializ\u00f3 tras lo que hab\u00eda sido la revuelta de efectivos en agosto del 2020. En ese orden advirti\u00f3: \u201cR<strong>ecuerden que las mejoras salariales que tuvo la provincia de Buenos Aires vinieron de la mano de nuevos recursos que nos otorg\u00f3 el gobierno nacional&nbsp;<\/strong>comprendiendo las diferencias, las desigualdades, los desbalances y desequilibrio entre las distintas jurisdicciones\u201d, refiri\u00e9ndose impl\u00edcitamente -tambi\u00e9n- a la Ciudad de Buenos Aires.<\/p>\n\n\n\n<p><img decoding=\"async\" loading=\"lazy\" alt=\"El gobernador junto a Javier Alonso (Gobierno PBA)\" height=\"1080\" width=\"1920\" src=\"https:\/\/www.infobae.com\/new-resizer\/d0_Rergs6OG90wkoKrEg6Nns0B0=\/420x236\/filters:format(webp):quality(85)\/cloudfront-us-east-1.images.arcpublishing.com\/infobae\/44FGDN7MQRBX5G4MRUIVIPDNQI.jpg%20420w\" srcset=\"https:\/\/www.infobae.com\/new-resizer\/d0_Rergs6OG90wkoKrEg6Nns0B0=\/420x236\/filters:format(webp):quality(85)\/cloudfront-us-east-1.images.arcpublishing.com\/infobae\/44FGDN7MQRBX5G4MRUIVIPDNQI.jpg 420w,https:\/\/www.infobae.com\/new-resizer\/Qpimue_HvAZCKYZRZQQacwN6xVs=\/768x432\/filters:format(webp):quality(85)\/cloudfront-us-east-1.images.arcpublishing.com\/infobae\/44FGDN7MQRBX5G4MRUIVIPDNQI.jpg 768w,https:\/\/www.infobae.com\/new-resizer\/56RJZ6KTTyEdGz3qPr7ufx6FiTE=\/992x558\/filters:format(webp):quality(85)\/cloudfront-us-east-1.images.arcpublishing.com\/infobae\/44FGDN7MQRBX5G4MRUIVIPDNQI.jpg 992w,https:\/\/www.infobae.com\/new-resizer\/Q9iqOywRrHRkGjXyO7hIzxoYiZw=\/1200x675\/filters:format(webp):quality(85)\/cloudfront-us-east-1.images.arcpublishing.com\/infobae\/44FGDN7MQRBX5G4MRUIVIPDNQI.jpg 1200w,https:\/\/www.infobae.com\/new-resizer\/eMgsUknDfu52C5vwYsO2XTj4ubc=\/1440x810\/filters:format(webp):quality(85)\/cloudfront-us-east-1.images.arcpublishing.com\/infobae\/44FGDN7MQRBX5G4MRUIVIPDNQI.jpg 1440w\">El gobernador junto a Javier Alonso (Gobierno PBA)<\/p>\n\n\n\n<p>La discusi\u00f3n por la distribuci\u00f3n de recursos en materia de Seguridad no es nueva. Durante el gobierno de<strong>&nbsp;Alberto Fern\u00e1ndez&nbsp;<\/strong>y a pedido del gobierno bonaerense -adem\u00e1s del empuje de los intendentes y la intervenci\u00f3n de la entonces vicepresidenta Cristina Kirchner- se plasm\u00f3 el Plan Integral de Seguridad que permiti\u00f3 entre otras cosas equiparar el salario de los efectivos bonaerenses con los de las fuerzas federales. \u201cLo dice la Constituci\u00f3n: a igual trabajo, igual remuneraci\u00f3n\u201d, parafrase\u00f3 el gobernador este viernes al recordar aquel episodio.<\/p>\n\n\n\n<p>Tambi\u00e9n le envi\u00f3 un mensaje a la Legislatura al reclamar por el tratamiento del proyecto de ley del r\u00e9gimen de personal policial, que permite jerarquizar los ascensos. \u201cNecesitamos que en este per\u00edodo, luego de haber sido elegidos, la Legislatura apruebe la ley que envi\u00f3 el Ejecutivo\u201d.<\/p>\n\n\n\n<p>El acto por el D\u00eda de la Polic\u00eda sirvi\u00f3 tambi\u00e9n para presentar ante la c\u00fapula policial y algunos efectivos al nuevo ministro de Seguridad,&nbsp;<strong>Javier Alonso.<\/strong>&nbsp;Si bien el funcionario ya se desempe\u00f1aba en el ministerio y es conocedor de las acciones de gesti\u00f3n de lo que fue la administraci\u00f3n de<strong>&nbsp;Sergio Berni<\/strong>&nbsp;-que ahora es senador provincial y rector del instituto universitario policial Juan Vucetich- en su discurso dio algunas se\u00f1ales del rumbo que buscar\u00e1 darle. \u201cHoy la Polic\u00eda est\u00e1 de pie, activa, llega antes y acude cuando los vecinos y vecinas est\u00e1n bajo amenaza. Todo esto fue posible gracias a que recuperamos la disciplina, el mando y el comando\u201d. Dijo tambi\u00e9n que&nbsp;<strong>recibir\u00e1 una Polic\u00eda mejor que la recibi\u00f3 Berni en 2019.<\/strong><\/p>\n\n\n\n<p>Sin embargo, el nuevo ministro reconoci\u00f3 que \u201cnos queda mucho por hacer\u201d, y que en materia de seguridad \u201cla principal preocupaci\u00f3n de los bonaerenses tiene que ver con el narcotr\u00e1fico y la violencia m\u00e1s lesiva\u201d. Fue all\u00ed cuando le pidi\u00f3 a la Justicia Federal y a las fuerzas federales que \u201ccumplan con su deber y cumplan con el combate al narcotr\u00e1fico con la provincia de Buenos Aires\u201d.<\/p>\n\n\n\n<p><img decoding=\"async\" loading=\"lazy\" alt=\"El flamante ministro de Seguridad bonaerense, Javier Alonso \" height=\"1080\" width=\"1920\" src=\"https:\/\/www.infobae.com\/new-resizer\/KzfcU2QZKK-h6klx0KuwkWNwNcQ=\/420x236\/filters:format(webp):quality(85)\/cloudfront-us-east-1.images.arcpublishing.com\/infobae\/3WBZ2NR345E4HF2OT3V3E4Y6IU.jpg%20420w\" srcset=\"https:\/\/www.infobae.com\/new-resizer\/KzfcU2QZKK-h6klx0KuwkWNwNcQ=\/420x236\/filters:format(webp):quality(85)\/cloudfront-us-east-1.images.arcpublishing.com\/infobae\/3WBZ2NR345E4HF2OT3V3E4Y6IU.jpg 420w,https:\/\/www.infobae.com\/new-resizer\/BjICVqyWHmDWKZMJNtGq8Hgb5-g=\/768x432\/filters:format(webp):quality(85)\/cloudfront-us-east-1.images.arcpublishing.com\/infobae\/3WBZ2NR345E4HF2OT3V3E4Y6IU.jpg 768w,https:\/\/www.infobae.com\/new-resizer\/X49sfc31Chh7OIZyEMIGrod7sw8=\/992x558\/filters:format(webp):quality(85)\/cloudfront-us-east-1.images.arcpublishing.com\/infobae\/3WBZ2NR345E4HF2OT3V3E4Y6IU.jpg 992w,https:\/\/www.infobae.com\/new-resizer\/Q8feiZ4pUQSl4hzqEeINOUCho7U=\/1200x675\/filters:format(webp):quality(85)\/cloudfront-us-east-1.images.arcpublishing.com\/infobae\/3WBZ2NR345E4HF2OT3V3E4Y6IU.jpg 1200w,https:\/\/www.infobae.com\/new-resizer\/-vcCgbv8xRJApc4uY7fQdXv8d0M=\/1440x810\/filters:format(webp):quality(85)\/cloudfront-us-east-1.images.arcpublishing.com\/infobae\/3WBZ2NR345E4HF2OT3V3E4Y6IU.jpg 1440w\">El flamante ministro de Seguridad bonaerense, Javier Alonso<\/p>\n\n\n\n<p>\u201cFundamentalmente<strong>&nbsp;tambi\u00e9n necesitamos que los fiscales y los jueces cumplan con su parte&nbsp;<\/strong>en toda esta situaci\u00f3n porque cuando la polic\u00eda identifica y detiene a un sospechoso<strong>, si a las pocas horas queda libre se cristaliza la impunidad en los barrios y se corroe la convivencia democr\u00e1tica<\/strong>\u201d, agreg\u00f3.<\/p>\n\n\n\n<p>Durante el acto, tanto Kicillof como Berni saludaron al nuevo jefe de la fuerza. Se trata de&nbsp;<strong>Carlos Villar<\/strong>, que estaba a cargo de la Regi\u00f3n AMBA SUR I (Avellaneda, Lomas, Quilmes, Lan\u00fas) y ahora reemplazar\u00e1 a&nbsp;<strong>Daniel \u201cEl Fino\u201d Garc\u00eda<\/strong>. \u201cMe permito saludar a quienes se van, a nuestro jefe de polic\u00eda que se van como los que entran\u201d, dijo Kicillof. Habl\u00f3 de \u201cuna primera etapa que se ha cerrado Sergio y&nbsp;<strong>quiero decirte misi\u00f3n cumplida.<\/strong>&nbsp;Y hoy Javier (Alonso) asume la continuidad y una etapa de profundizaci\u00f3n\u201d.<\/p>\n\n\n\n<p>Tambi\u00e9n participaron del acto los ministros de Gobierno,\u00a0<strong>Carlos Bianco<\/strong>; de Justicia y Derechos Humanos,\u00a0<strong>Juan Mart\u00edn Mena<\/strong>; y de Trabajo,<strong>\u00a0Walter Correa<\/strong>; el asesor general de Gobierno,\u00a0<strong>Santiago P\u00e9rez Teruel<\/strong>; el jefe de la Polic\u00eda provincial,\u00a0<strong>Javier Villar<\/strong>; y el subjefe,\u00a0<strong>H\u00e9ctor Cisneros<\/strong>; intendentes bonaerenses; funcionarios del Ministerio de Seguridad; legisladores y legisladoras.<\/p>\n\n\n\n<p>Fuente: INFOBAE<\/p>\n","protected":false},"excerpt":{"rendered":"<div class=\"mh-excerpt\"><p>En medio de la discusi\u00f3n por el recorte en las transferencias del gobierno nacional hacia las provincias, el mandatario bonaerense,\u00a0Axel Kicillof, alert\u00f3 por\u00a0el impacto que puede tener la decisi\u00f3n en el marco de la pol\u00edtica de seguridad para su segundo mandato de gobierno. Lo hizo rodeado de efectivos y autoridades policiales en el marco del D\u00eda del Polic\u00eda, donde tambi\u00e9n se \u201cpresent\u00f3 en sociedad\u201d al nuevo ministro de Seguridad,\u00a0Javier Alonso,\u00a0que asumi\u00f3 esta semana en lugar de\u00a0Sergio Berni\u00a0y\u00a0le pidi\u00f3 mayor compromiso a jueces y fiscales.\u00a0Tambi\u00e9n debut\u00f3 la nueva c\u00fapula de la fuerza policial. \u201cNo vamos a permitir que montados vaya a <a class=\"mh-excerpt-more\" href=\"http:\/\/dsrmedios.com.ar\/diario\/archivos\/42353\" title=\"Kicillof alert\u00f3 sobre la quita de fondos y su impacto en la seguridad en la provincia de Buenos Aires\">[Leer m\u00e1s]<\/a><\/p>\n<\/div>","protected":false},"author":8,"featured_media":33910,"comment_status":"open","ping_status":"closed","sticky":false,"template":"","format":"standard","meta":{"_jetpack_newsletter_access":""},"categories":[6],"tags":[],"jetpack_featured_media_url":"http:\/\/dsrmedios.com.ar\/diario\/wp-content\/uploads\/2023\/05\/p14-axel-kicillof-n_optjpeg.jpeg","jetpack_sharing_enabled":true,"jetpack_shortlink":"https:\/\/wp.me\/p9fihK-b17","_links":{"self":[{"href":"http:\/\/dsrmedios.com.ar\/diario\/wp-json\/wp\/v2\/posts\/42353"}],"collection":[{"href":"http:\/\/dsrmedios.com.ar\/diario\/wp-json\/wp\/v2\/posts"}],"about":[{"href":"http:\/\/dsrmedios.com.ar\/diario\/wp-json\/wp\/v2\/types\/post"}],"author":[{"embeddable":true,"href":"http:\/\/dsrmedios.com.ar\/diario\/wp-json\/wp\/v2\/users\/8"}],"replies":[{"embeddable":true,"href":"http:\/\/dsrmedios.com.ar\/diario\/wp-json\/wp\/v2\/comments?post=42353"}],"version-history":[{"count":1,"href":"http:\/\/dsrmedios.com.ar\/diario\/wp-json\/wp\/v2\/posts\/42353\/revisions"}],"predecessor-version":[{"id":42354,"href":"http:\/\/dsrmedios.com.ar\/diario\/wp-json\/wp\/v2\/posts\/42353\/revisions\/42354"}],"wp:featuredmedia":[{"embeddable":true,"href":"http:\/\/dsrmedios.com.ar\/diario\/wp-json\/wp\/v2\/media\/33910"}],"wp:attachment":[{"href":"http:\/\/dsrmedios.com.ar\/diario\/wp-json\/wp\/v2\/media?parent=42353"}],"wp:term":[{"taxonomy":"category","embeddable":true,"href":"http:\/\/dsrmedios.com.ar\/diario\/wp-json\/wp\/v2\/categories?post=42353"},{"taxonomy":"post_tag","embeddable":true,"href":"http:\/\/dsrmedios.com.ar\/diario\/wp-json\/wp\/v2\/tags?post=42353"}],"curies":[{"name":"wp","href":"https:\/\/api.w.org\/{rel}","templated":true}]}}