{"id":42349,"date":"2023-12-15T19:22:33","date_gmt":"2023-12-15T22:22:33","guid":{"rendered":"http:\/\/dsrmedios.com.ar\/diario\/?p=42349"},"modified":"2023-12-15T19:22:36","modified_gmt":"2023-12-15T22:22:36","slug":"senado-los-libertarios-quieren-armar-un-interbloque-con-el-pro-y-la-ucr-para-sostener-la-mayoria-frente-al-kirchnerismo","status":"publish","type":"post","link":"http:\/\/dsrmedios.com.ar\/diario\/archivos\/42349","title":{"rendered":"Senado: los libertarios quieren armar un interbloque con el PRO y la UCR para sostener la mayor\u00eda frente al kirchnerismo"},"content":{"rendered":"\n<p><strong>La Libertad Avanza, la UCR, el PRO\u00a0<\/strong>y los senadores de los\u00a0<strong>partidos provinciales\u00a0<\/strong>lograron un\u00a0<strong>acuerdo\u00a0<\/strong>para avanzar en el\u00a0<strong>nombramiento<\/strong>\u00a0de las autoridades de la\u00a0<a rel=\"noreferrer noopener\" href=\"https:\/\/www.infobae.com\/tag\/camara-de-senadores-de-la-nacion\/\" target=\"_blank\"><strong>C\u00e1mara de Senadores de la Naci\u00f3n\u00a0<\/strong><\/a>y bloquear cualquier intento del bloque de Uni\u00f3n por la Patria de acceder a la presidencia provisional.<a rel=\"noreferrer noopener\" href=\"https:\/\/www.infobae.com\/politica\/2023\/12\/15\/martin-lousteau-fue-elegido-como-presidente-de-la-ucr-por-amplia-mayoria\/\" target=\"_blank\"><\/a><\/p>\n\n\n\n<p>Esta victoria signific\u00f3 que algunos senadores empiecen a&nbsp;<strong>pensar que la \u00fanica opci\u00f3n de lograr controlar el recinto&nbsp;<\/strong>es que el acuerdo se convierta en algo lo m\u00e1s establecido. M\u00e1s precisamente, que todos los sectores confluyan en un&nbsp;<strong>interbloque<\/strong>.<\/p>\n\n\n\n<p>As\u00ed, el grupo que hoy se denomina como\u00a0<strong>\u201clos 39\u2033\u00a0<\/strong>pasar\u00eda a manejarse como un\u00a0<strong>interbloque con el n\u00famero suficiente\u00a0<\/strong>para tener una\u00a0<strong>mayor\u00eda propia\u00a0<\/strong>que le permita abrir o cerrar el recinto as\u00ed como tambi\u00e9n aprobar o no los proyectos de leyes sin la\u00a0<strong>\u201camenaza\u201d de Uni\u00f3n por la Patria<\/strong>.<a rel=\"noreferrer noopener\" href=\"https:\/\/www.infobae.com\/politica\/2023\/12\/15\/martin-lousteau-fue-elegido-como-presidente-de-la-ucr-por-amplia-mayoria\/\" target=\"_blank\"><\/a><\/p>\n\n\n\n<p>Luego de la sesi\u00f3n de esta semana en la que se eligieron las autoridades, la titular del Senado,&nbsp;<a rel=\"noreferrer noopener\" href=\"https:\/\/www.infobae.com\/tag\/victoria-villarruel\/\" target=\"_blank\"><strong>Victoria Villarruel<\/strong><\/a>, les agradeci\u00f3 el gesto a los diferentes bloques que acompa\u00f1aron a LLA y los inst\u00f3 a&nbsp;<strong>seguir trabajando todos juntos<\/strong>. En ese momento fue que surgi\u00f3 de parte de algunos sectores la idea de conformar un interbloque.<\/p>\n\n\n\n<p><img decoding=\"async\" loading=\"lazy\" alt=\"La Libertad Avanza junto a la oposici\u00f3n dialoguista se impone en la votaci\u00f3n \" height=\"2000\" width=\"3000\" src=\"https:\/\/www.infobae.com\/new-resizer\/HTOEVQqYYkgyTxOgsM0Kq2MVOT0=\/420x280\/filters:format(webp):quality(85)\/cloudfront-us-east-1.images.arcpublishing.com\/infobae\/GVMPD5JX5ZC2BKX2NDSKH3BYVY.JPG%20420w\" srcset=\"https:\/\/www.infobae.com\/new-resizer\/HTOEVQqYYkgyTxOgsM0Kq2MVOT0=\/420x280\/filters:format(webp):quality(85)\/cloudfront-us-east-1.images.arcpublishing.com\/infobae\/GVMPD5JX5ZC2BKX2NDSKH3BYVY.JPG 420w,https:\/\/www.infobae.com\/new-resizer\/p8pK0We5wfUttvZRPRiN9dedLag=\/768x512\/filters:format(webp):quality(85)\/cloudfront-us-east-1.images.arcpublishing.com\/infobae\/GVMPD5JX5ZC2BKX2NDSKH3BYVY.JPG 768w,https:\/\/www.infobae.com\/new-resizer\/U6OS3yyenpvYqgvZ5KYHQBD7Krg=\/992x661\/filters:format(webp):quality(85)\/cloudfront-us-east-1.images.arcpublishing.com\/infobae\/GVMPD5JX5ZC2BKX2NDSKH3BYVY.JPG 992w,https:\/\/www.infobae.com\/new-resizer\/1KaT4GgdVX07WGmfqDV3GUZpGcw=\/1200x800\/filters:format(webp):quality(85)\/cloudfront-us-east-1.images.arcpublishing.com\/infobae\/GVMPD5JX5ZC2BKX2NDSKH3BYVY.JPG 1200w,https:\/\/www.infobae.com\/new-resizer\/kxdsMZTT4ZKC44_Yl-Wlm_JeVsE=\/1440x960\/filters:format(webp):quality(85)\/cloudfront-us-east-1.images.arcpublishing.com\/infobae\/GVMPD5JX5ZC2BKX2NDSKH3BYVY.JPG 1440w\">La Libertad Avanza junto a la oposici\u00f3n dialoguista se impone en la votaci\u00f3n<\/p>\n\n\n\n<p><strong>\u201cSi estamos todos juntos, con nuestras diferencias pero todos juntos tenemos m\u00e1s chances de frenar al kirchnerismo<\/strong>. Ellos -por la LLA- tienen que saber que nosotros vamos a acompa\u00f1ar pero tambi\u00e9n que hay diferencias. Si lo entienden y lo aceptan, hay chances\u201d, explic\u00f3 un fuente del bloque del PRO. A los amarillos les convendr\u00eda porque su capacidad qued\u00f3 menguada porque son solo 6 senadores y, adem\u00e1s, porque dej\u00f3 de existir Juntos por el Cambio como un interbloque propio.<\/p>\n\n\n\n<p>En el radicalismo tambi\u00e9n conviven los que buscan un interbloque con los que quieren ir&nbsp;<strong>\u201cley por ley\u201d,&nbsp;<\/strong>y mientras no se defina a las autoridades del partido costar\u00e1 a\u00fan m\u00e1s poder avanzar en uno u otro sentido.<\/p>\n\n\n\n<p>\u201cHay algunos que quieren el interbloque, otros que preferimos&nbsp;<strong>conversar tema por tema<\/strong>. Hoy no sabemos muy bien qu\u00e9 es lo que van a mandar porque ni ellos lo saben.&nbsp;<strong>Estamos todos a la espera pero sin detalles&nbsp;<\/strong>entonces&nbsp;<strong>avanzar en una idea como esa ser\u00eda innecesaria<\/strong>. Hay tiempo\u201d, explic\u00f3 un radical m\u00e1s proclive a mantener la&nbsp;<strong>autonom\u00eda del bloque.<\/strong><\/p>\n\n\n\n<p>El desconocimiento de los proyectos que van a enviar al Congreso es uno de los principales escollos que enfrentan los sectores que buscan formalizar la uni\u00f3n. Saben que buena parte de los 39 senadores no quieren comprometerse a tener que debatir algo que los lleve a una ruptura.<\/p>\n\n\n\n<p>\u201cSi ellos mandan proyectos que significa, por ejemplo, privatizar el Conicet, la educaci\u00f3n, nosotros no los vamos a acompa\u00f1ar, por lo que ir\u00edamos a una ruptura que ser\u00eda peor porque no solo implicar\u00eda que un grupo de senadores se vaya de un interbloque, sino que expone a los gobernadores de las provincias de esos legisladores\u201d.<\/p>\n\n\n\n<p>Un punto que divide es la posibilidad cierta de que el gobierno de&nbsp;<strong>Javier Mieli&nbsp;<\/strong>env\u00ede al Congreso un proyecto para que se declare la&nbsp;<strong>\u201cemergencia econ\u00f3mica\u201d&nbsp;<\/strong>que delegue en el Poder Ejecutivo facultades del Poder Legislativo.<\/p>\n\n\n\n<p>\u201cHay algunos que pensamos que si lo mandan&nbsp;<strong>hay que d\u00e1rselo&nbsp;<\/strong>porque la verdad es que la situaci\u00f3n econ\u00f3mica es compleja. Pero con el&nbsp;<strong>condicionamiento<\/strong>&nbsp;que, aunque tenga facultades delegadas,&nbsp;<strong>mande las cosas al Congreso porque est\u00e1 funcionando&nbsp;<\/strong>y entendiendo que hay temas que nos preocupan\u201d, se explaya desde un sector del radicalismo.<\/p>\n\n\n\n<p>Frente a la consulta de por d\u00f3nde pasan esas\u00a0<strong>preocupaciones<\/strong>, los senadores consultados fueron en todos los casos al mismo punto: las\u00a0<strong>transferencias a las provincias<\/strong>. \u201cNos preocupa este punto en particular. En el Senado hay trabajos realizados que muestran c\u00f3mo se puede reducir el d\u00e9ficit sin ahorcar a las provincias, hay opciones. Lo mismo sucede con el tema de Ganancias. Est\u00e1 el proyecto para coparticipar el 50% del impuesto al cheque, s\u00f3lo hace falta que nos pongamos de acuerdo\u201d.<\/p>\n\n\n\n<p>Fuente: Infobae<\/p>\n","protected":false},"excerpt":{"rendered":"<div class=\"mh-excerpt\"><p>La Libertad Avanza, la UCR, el PRO\u00a0y los senadores de los\u00a0partidos provinciales\u00a0lograron un\u00a0acuerdo\u00a0para avanzar en el\u00a0nombramiento\u00a0de las autoridades de la\u00a0C\u00e1mara de Senadores de la Naci\u00f3n\u00a0y bloquear cualquier intento del bloque de Uni\u00f3n por la Patria de acceder a la presidencia provisional. Esta victoria signific\u00f3 que algunos senadores empiecen a&nbsp;pensar que la \u00fanica opci\u00f3n de lograr controlar el recinto&nbsp;es que el acuerdo se convierta en algo lo m\u00e1s establecido. M\u00e1s precisamente, que todos los sectores confluyan en un&nbsp;interbloque. As\u00ed, el grupo que hoy se denomina como\u00a0\u201clos 39\u2033\u00a0pasar\u00eda a manejarse como un\u00a0interbloque con el n\u00famero suficiente\u00a0para tener una\u00a0mayor\u00eda propia\u00a0que le permita abrir <a class=\"mh-excerpt-more\" href=\"http:\/\/dsrmedios.com.ar\/diario\/archivos\/42349\" title=\"Senado: los libertarios quieren armar un interbloque con el PRO y la UCR para sostener la mayor\u00eda frente al kirchnerismo\">[Leer m\u00e1s]<\/a><\/p>\n<\/div>","protected":false},"author":8,"featured_media":16286,"comment_status":"open","ping_status":"closed","sticky":false,"template":"","format":"standard","meta":{"_jetpack_newsletter_access":""},"categories":[6],"tags":[],"jetpack_featured_media_url":"http:\/\/dsrmedios.com.ar\/diario\/wp-content\/uploads\/2019\/12\/senadojura.jpg","jetpack_sharing_enabled":true,"jetpack_shortlink":"https:\/\/wp.me\/p9fihK-b13","_links":{"self":[{"href":"http:\/\/dsrmedios.com.ar\/diario\/wp-json\/wp\/v2\/posts\/42349"}],"collection":[{"href":"http:\/\/dsrmedios.com.ar\/diario\/wp-json\/wp\/v2\/posts"}],"about":[{"href":"http:\/\/dsrmedios.com.ar\/diario\/wp-json\/wp\/v2\/types\/post"}],"author":[{"embeddable":true,"href":"http:\/\/dsrmedios.com.ar\/diario\/wp-json\/wp\/v2\/users\/8"}],"replies":[{"embeddable":true,"href":"http:\/\/dsrmedios.com.ar\/diario\/wp-json\/wp\/v2\/comments?post=42349"}],"version-history":[{"count":1,"href":"http:\/\/dsrmedios.com.ar\/diario\/wp-json\/wp\/v2\/posts\/42349\/revisions"}],"predecessor-version":[{"id":42350,"href":"http:\/\/dsrmedios.com.ar\/diario\/wp-json\/wp\/v2\/posts\/42349\/revisions\/42350"}],"wp:featuredmedia":[{"embeddable":true,"href":"http:\/\/dsrmedios.com.ar\/diario\/wp-json\/wp\/v2\/media\/16286"}],"wp:attachment":[{"href":"http:\/\/dsrmedios.com.ar\/diario\/wp-json\/wp\/v2\/media?parent=42349"}],"wp:term":[{"taxonomy":"category","embeddable":true,"href":"http:\/\/dsrmedios.com.ar\/diario\/wp-json\/wp\/v2\/categories?post=42349"},{"taxonomy":"post_tag","embeddable":true,"href":"http:\/\/dsrmedios.com.ar\/diario\/wp-json\/wp\/v2\/tags?post=42349"}],"curies":[{"name":"wp","href":"https:\/\/api.w.org\/{rel}","templated":true}]}}