{"id":42336,"date":"2023-12-15T09:55:45","date_gmt":"2023-12-15T12:55:45","guid":{"rendered":"http:\/\/dsrmedios.com.ar\/diario\/?p=42336"},"modified":"2023-12-15T09:55:48","modified_gmt":"2023-12-15T12:55:48","slug":"los-sindicatos-quieren-apurar-la-revision-de-las-paritarias-mientras-esperan-senales-del-gobierno","status":"publish","type":"post","link":"http:\/\/dsrmedios.com.ar\/diario\/archivos\/42336","title":{"rendered":"Los sindicatos quieren apurar la revisi\u00f3n de las paritarias, mientras esperan se\u00f1ales del Gobierno"},"content":{"rendered":"\n<p>La fuerte suba inflacionaria que provocar\u00e1 la devaluaci\u00f3n y la liberaci\u00f3n de los precios ya activ\u00f3 las&nbsp;<strong>alarmas sindicales:<\/strong>&nbsp;una veintena de organizaciones gremiales se apresta a&nbsp;<strong>revisar&nbsp;<\/strong>entre este mes y enero de 2024&nbsp;<strong>las paritarias ya firmadas,<\/strong>&nbsp;pero la mayor\u00eda espera que las variables econ\u00f3micas se&nbsp;<strong>reacomoden&nbsp;<\/strong>para definir&nbsp;<strong>qu\u00e9 porcentaje de aumento<\/strong>&nbsp;le reclamar\u00e1 a los empresarios.<\/p>\n\n\n\n<p>Pero la expectativa, adem\u00e1s, est\u00e1 puesta en las&nbsp;<strong>se\u00f1ales&nbsp;<\/strong>que dar\u00e1 el gobierno de Javier Milei para&nbsp;<strong>encarrilar la negociaci\u00f3n salarial.<\/strong>&nbsp;Hasta ahora, seg\u00fan los sindicalistas, ning\u00fan funcionario habl\u00f3 de&nbsp;<strong>poner topes<\/strong>&nbsp;para las paritarias.&nbsp;<strong>\u201cQueremos que las paritarias sigan siendo libres\u201d,<\/strong>&nbsp;dijo este jueves el vocero presidencial&nbsp;<strong>Manuel Adorni,<\/strong>&nbsp;quien admiti\u00f3 que&nbsp;<strong>\u201clos trabajadores est\u00e1n mal&nbsp;<\/strong>y no se puede seguir en esta Argentina de decadencia con estos niveles inflacionarios<strong>&nbsp;descontrolados\u201d.<\/strong><\/p>\n\n\n\n<p>En los contactos reservados que sostiene con la dirigencia gremial, el ministro del Interior,&nbsp;<strong>Guillermo Francos,&nbsp;<\/strong>asegur\u00f3 que&nbsp;<strong>no tocar\u00e1n<\/strong>&nbsp;el sistema de paritarias libres y que el Gobierno buscar\u00e1 la&nbsp;<strong>modernizaci\u00f3n&nbsp;<\/strong>de los convenios laborales&nbsp;<strong>sin meterse en la negociaci\u00f3n salarial<\/strong>&nbsp;que mantienen empresarios y sindicalistas seg\u00fan lo establece la Ley 14.250 de convenios colectivos de trabajo.<\/p>\n\n\n\n<p><img decoding=\"async\" loading=\"lazy\" alt=\"El gobierno de Javier Milei est\u00e1 a favor de las paritarias libres, seg\u00fan destac\u00f3 el vocero presidencial Manuel Adorni (Foto Reuters)\n\" height=\"533\" width=\"800\" src=\"https:\/\/www.infobae.com\/new-resizer\/7NGJdJmloMol9ra8UGIRDodMqCE=\/420x280\/filters:format(webp):quality(85)\/cloudfront-us-east-1.images.arcpublishing.com\/infobae\/OFZW7OOVIXPIIFCQD4ZYTFVNFE.jpg%20420w\" srcset=\"https:\/\/www.infobae.com\/new-resizer\/7NGJdJmloMol9ra8UGIRDodMqCE=\/420x280\/filters:format(webp):quality(85)\/cloudfront-us-east-1.images.arcpublishing.com\/infobae\/OFZW7OOVIXPIIFCQD4ZYTFVNFE.jpg 420w,https:\/\/www.infobae.com\/new-resizer\/4CjNm0ZqIOrpKBRtOvx33-_g6wA=\/768x512\/filters:format(webp):quality(85)\/cloudfront-us-east-1.images.arcpublishing.com\/infobae\/OFZW7OOVIXPIIFCQD4ZYTFVNFE.jpg 768w,https:\/\/www.infobae.com\/new-resizer\/5LROLJfwqOStv8rLPruMhVY-kOQ=\/992x661\/filters:format(webp):quality(85)\/cloudfront-us-east-1.images.arcpublishing.com\/infobae\/OFZW7OOVIXPIIFCQD4ZYTFVNFE.jpg 992w,https:\/\/www.infobae.com\/new-resizer\/SXlxVS3BVJNO8FN65JQpaqUNHZc=\/1200x800\/filters:format(webp):quality(85)\/cloudfront-us-east-1.images.arcpublishing.com\/infobae\/OFZW7OOVIXPIIFCQD4ZYTFVNFE.jpg 1200w,https:\/\/www.infobae.com\/new-resizer\/NaH4G424nsraeff8l0VDABiOPPU=\/1440x960\/filters:format(webp):quality(85)\/cloudfront-us-east-1.images.arcpublishing.com\/infobae\/OFZW7OOVIXPIIFCQD4ZYTFVNFE.jpg 1440w\">El gobierno de Javier Milei est\u00e1 a favor de las paritarias libres, seg\u00fan destac\u00f3 el vocero presidencial Manuel Adorni (Foto Reuters)<\/p>\n\n\n\n<p>La\u00a0<strong>Asociaci\u00f3n Bancaria,<\/strong>\u00a0que encabeza\u00a0<strong>Sergio Palazzo,<\/strong>\u00a0se acaba de convertir en el primer sindicato que renegoci\u00f3 su paritaria luego de las medidas econ\u00f3micas que anunci\u00f3 el Gobierno. Este jueves cerr\u00f3 un\u00a0<strong>acuerdo\u00a0<\/strong>con las c\u00e1maras del sector que le permitir\u00e1 sumar un aumento del\u00a0<strong>6,2%<\/strong>\u00a0retroactivo a noviembre, base diciembre 2022, por la aplicaci\u00f3n de la\u00a0<strong>cl\u00e1usula gatillo<\/strong>, m\u00e1s un\u00a0<strong>adelanto del 40%<\/strong>\u00a0para diciembre con la misma base 2022. Eso significa un total acumulado del\u00a0<strong>188,2%\u00a0<\/strong>entre enero y diciembre de 2023, que se actualizar\u00e1 autom\u00e1ticamente y retroactivo al \u00faltimo mes de este a\u00f1o.<\/p>\n\n\n\n<p>De esta forma, el&nbsp;<strong>sueldo inicial<\/strong>&nbsp;de los bancarios se elevar\u00e1 a 697.484,16 pesos. Las cifras pactadas llaman la atenci\u00f3n por la realidad econ\u00f3mica del pa\u00eds, pero, m\u00e1s all\u00e1 de las fuertes tensiones por la negociaci\u00f3n salarial, la Asociaci\u00f3n Bancaria tiene una&nbsp;<strong>aceitada relaci\u00f3n<\/strong>&nbsp;con las c\u00e1maras empresariales y eso le permiti\u00f3 firmar paritarias que est\u00e1n&nbsp;<strong>por encima&nbsp;<\/strong>del promedio de los acuerdos salariales.<\/p>\n\n\n\n<p><strong>Luis Campos,<\/strong>&nbsp;coordinador del Observatorio del Derecho Social de la CTA Aut\u00f3noma, uno de los mayores especialistas del pa\u00eds en el tema salarial, public\u00f3 en X: \u201cEl impacto de la devaluaci\u00f3n superior al 50% en los precios&nbsp;<strong>ya se est\u00e1 sintiendo.<\/strong>&nbsp;La pregunta es qu\u00e9 va a pasar con los salarios. Si las partes cumplen con los compromisos ya asumidos, estamos entrando en&nbsp;<strong>temporada alta de paritarias\u201d.<\/strong><\/p>\n\n\n\n<p><img decoding=\"async\" loading=\"lazy\" alt=\"Sergio Palazzo y Kelly Olmos firman la \u00faltima paritaria de los bancarios\" height=\"1478\" width=\"1920\" src=\"https:\/\/www.infobae.com\/new-resizer\/SK3ZZmp7bXtOWbcHohsaN7dLQKw=\/420x315\/filters:format(webp):quality(85)\/cloudfront-us-east-1.images.arcpublishing.com\/infobae\/VV6JSTQJMZGS3FLEYWCGQMSZEA.jpg%20420w\" srcset=\"https:\/\/www.infobae.com\/new-resizer\/SK3ZZmp7bXtOWbcHohsaN7dLQKw=\/420x315\/filters:format(webp):quality(85)\/cloudfront-us-east-1.images.arcpublishing.com\/infobae\/VV6JSTQJMZGS3FLEYWCGQMSZEA.jpg 420w,https:\/\/www.infobae.com\/new-resizer\/AIAU-j1Nwhbt1MMyGvektcJgsSA=\/768x576\/filters:format(webp):quality(85)\/cloudfront-us-east-1.images.arcpublishing.com\/infobae\/VV6JSTQJMZGS3FLEYWCGQMSZEA.jpg 768w,https:\/\/www.infobae.com\/new-resizer\/MTby-5pmS5cHwvZM1Sq3e2SOVl8=\/992x744\/filters:format(webp):quality(85)\/cloudfront-us-east-1.images.arcpublishing.com\/infobae\/VV6JSTQJMZGS3FLEYWCGQMSZEA.jpg 992w,https:\/\/www.infobae.com\/new-resizer\/u6Ko2Ag8GaSa1_d5sZnbUkcGXU4=\/1200x900\/filters:format(webp):quality(85)\/cloudfront-us-east-1.images.arcpublishing.com\/infobae\/VV6JSTQJMZGS3FLEYWCGQMSZEA.jpg 1200w,https:\/\/www.infobae.com\/new-resizer\/lcNmO3zE5uTKgwiMgwCiEJWwi-k=\/1440x1080\/filters:format(webp):quality(85)\/cloudfront-us-east-1.images.arcpublishing.com\/infobae\/VV6JSTQJMZGS3FLEYWCGQMSZEA.jpg 1440w\">Sergio Palazzo y Kelly Olmos firman la \u00faltima paritaria de los bancarios<\/p>\n\n\n\n<p>Seg\u00fan Campos, adem\u00e1s de bancarios, para&nbsp;<strong>este mes<\/strong>&nbsp;est\u00e1 prevista la aplicaci\u00f3n de la&nbsp;<strong>cl\u00e1usula de revisi\u00f3n salarial&nbsp;<\/strong>de metal\u00fargicos, transporte automotor de pasajeros, pl\u00e1sticos, molineros, cuero, el sector p\u00fablico bonaerense, qu\u00edmicos y textiles, entre otros, mientras que en&nbsp;<strong>enero&nbsp;<\/strong>deber\u00e1n renegociar sus aumentos Comercio, Sanidad, jaboneros y entidades civiles y deportivas. Tambi\u00e9n deber\u00edan hacerlo la UOCRA, SMATA y trabajadoras de casas particulares ya que sus acuerdos&nbsp;<strong>vencen<\/strong>&nbsp;el 31 de diciembre.<\/p>\n\n\n\n<p>En el caso de la\u00a0<strong>Federaci\u00f3n de Trabajadores de la Sanidad (FATSA)<\/strong>, su l\u00edder,\u00a0<strong>H\u00e9ctor Daer,\u00a0<\/strong>cotitular de la CGT,firm\u00f3 hace un mes un aumento del\u00a0<strong>17,5%<\/strong>\u00a0sobre los salarios de octubre y noviembre, con lo cual el total acumulado en el per\u00edodo abril-diciembre de 2023 alcanz\u00f3 el\u00a0<strong>137%\u00a0<\/strong>para los convenios correspondientes a hospitales y colectividades; institutos, laboratorios de an\u00e1lisis cl\u00ednicos; consultorios y cl\u00ednicas sin internaci\u00f3n; sanatorios y geri\u00e1tricos; mutuales y atenci\u00f3n e internaci\u00f3n domiciliaria<\/p>\n\n\n\n<p>Ahora, en el sindicato admitieron que a\u00fan&nbsp;<strong>no tienen precisiones<\/strong>&nbsp;de c\u00f3mo afrontar\u00e1n la nueva etapa de negociaciones salariales. \u201cEstamos discutiendo todos&nbsp;<strong>mes a mes o cada dos meses\u201d,&nbsp;<\/strong>dijo un directivo de FATSA, que reconoci\u00f3 que con el Gobierno&nbsp;<strong>\u201cno se habl\u00f3 nada\u201d<\/strong>&nbsp;del tema paritarias.<\/p>\n\n\n\n<p><img decoding=\"async\" loading=\"lazy\" alt=\"Armando Cavalieri y Carlos P\u00e9rez, secretario adjunto del Sindicato de Comercio, durante la firma de las paritarias de este a\u00f1o\" height=\"1080\" width=\"1920\" src=\"https:\/\/www.infobae.com\/new-resizer\/PN8H-VNX3vA6myzdXl8Qcaw1RkU=\/420x236\/filters:format(webp):quality(85)\/cloudfront-us-east-1.images.arcpublishing.com\/infobae\/6USXTQFQCNDT3IQMT3SEURW5RA.jpg%20420w\" srcset=\"https:\/\/www.infobae.com\/new-resizer\/PN8H-VNX3vA6myzdXl8Qcaw1RkU=\/420x236\/filters:format(webp):quality(85)\/cloudfront-us-east-1.images.arcpublishing.com\/infobae\/6USXTQFQCNDT3IQMT3SEURW5RA.jpg 420w,https:\/\/www.infobae.com\/new-resizer\/U5sO1T1aqx6dZljWoPapx9bCR6g=\/768x432\/filters:format(webp):quality(85)\/cloudfront-us-east-1.images.arcpublishing.com\/infobae\/6USXTQFQCNDT3IQMT3SEURW5RA.jpg 768w,https:\/\/www.infobae.com\/new-resizer\/IXeyZvNU1f-vMFPnlZEGstr7j2E=\/992x558\/filters:format(webp):quality(85)\/cloudfront-us-east-1.images.arcpublishing.com\/infobae\/6USXTQFQCNDT3IQMT3SEURW5RA.jpg 992w,https:\/\/www.infobae.com\/new-resizer\/JwffCasfXSIE2Pttg4wJw1oNTTU=\/1200x675\/filters:format(webp):quality(85)\/cloudfront-us-east-1.images.arcpublishing.com\/infobae\/6USXTQFQCNDT3IQMT3SEURW5RA.jpg 1200w,https:\/\/www.infobae.com\/new-resizer\/Bs2Uncrr80wTj_37oSE96X5Dq0M=\/1440x810\/filters:format(webp):quality(85)\/cloudfront-us-east-1.images.arcpublishing.com\/infobae\/6USXTQFQCNDT3IQMT3SEURW5RA.jpg 1440w\">Armando Cavalieri y Carlos P\u00e9rez, secretario adjunto del Sindicato de Comercio, durante la firma de las paritarias de este a\u00f1o<\/p>\n\n\n\n<p>En la&nbsp;<strong>Federaci\u00f3n Argentina de Empleados de Comercio y Servicios (FAECYS),<\/strong>&nbsp;que conduce&nbsp;<strong>Armando Cavalieri,&nbsp;<\/strong>vencer\u00e1 a fines de mes el acuerdo trimestral (octubre-diciembre 2023) que fij\u00f3 un&nbsp;<strong>incremento del 47% en tres tramos&nbsp;<\/strong>(20% en octubre, 13,5% en noviembre y 13,5% diciembre), lo que permiti\u00f3 que el salario b\u00e1sico del sector alcanzara el piso de $397.400 m\u00e1s adicionales.<\/p>\n\n\n\n<p>En realidad, ese acuerdo entre el sindicato y los empresarios fue una&nbsp;<strong>revisi\u00f3n&nbsp;<\/strong>de la paritaria de Comercio que va de abril 2023 a marzo 2024. Lo pactado para&nbsp;<strong>1.200.000 trabajadores&nbsp;<\/strong>tiene vigencia desde el 1\u00b0 de octubre de 2023 y hasta el 31 de marzo de 2024, sin perjuicio de lo cual las partes se comprometieron a reunirse nuevamente para analizar las posibles&nbsp;<strong>variaciones econ\u00f3micas.<\/strong><\/p>\n\n\n\n<p>Ahora, en el gremio de Cavalieri se\u00f1alaron a&nbsp;<strong>Infobae&nbsp;<\/strong>que se reunir\u00e1n con las c\u00e1maras antes de fin de a\u00f1o o en enero, una vez que est\u00e9n claros los \u00edndices de diciembre, para \u201cdeterminar<strong>&nbsp;si se perdi\u00f3 algo de lo pactado<\/strong>&nbsp;frente a la inflaci\u00f3n y&nbsp;<strong>negociar el trimestre enero, febrero y marzo de 2024\u2033.<\/strong><\/p>\n\n\n\n<p><img decoding=\"async\" loading=\"lazy\" alt=\"H\u00e9ctor Morcillo, titular de la Federaci\u00f3n de Trabajadores de la Alimentaci\u00f3n \" height=\"1080\" width=\"1920\" src=\"https:\/\/www.infobae.com\/new-resizer\/6wn3_25IdMd2GyBGQPUjSTXTRHc=\/420x236\/filters:format(webp):quality(85)\/cloudfront-us-east-1.images.arcpublishing.com\/infobae\/TLP7YSR43BFD7GRRK2M4BWQKDM.jpg%20420w\" srcset=\"https:\/\/www.infobae.com\/new-resizer\/6wn3_25IdMd2GyBGQPUjSTXTRHc=\/420x236\/filters:format(webp):quality(85)\/cloudfront-us-east-1.images.arcpublishing.com\/infobae\/TLP7YSR43BFD7GRRK2M4BWQKDM.jpg 420w,https:\/\/www.infobae.com\/new-resizer\/5fDuGz5viSCRXVnHZPzukgomrT8=\/768x432\/filters:format(webp):quality(85)\/cloudfront-us-east-1.images.arcpublishing.com\/infobae\/TLP7YSR43BFD7GRRK2M4BWQKDM.jpg 768w,https:\/\/www.infobae.com\/new-resizer\/7IBom-oKzocI6vDLNa1D4x6TLdE=\/992x558\/filters:format(webp):quality(85)\/cloudfront-us-east-1.images.arcpublishing.com\/infobae\/TLP7YSR43BFD7GRRK2M4BWQKDM.jpg 992w,https:\/\/www.infobae.com\/new-resizer\/w3ls8pB4t16eWjzM8LUPG3Rie10=\/1200x675\/filters:format(webp):quality(85)\/cloudfront-us-east-1.images.arcpublishing.com\/infobae\/TLP7YSR43BFD7GRRK2M4BWQKDM.jpg 1200w,https:\/\/www.infobae.com\/new-resizer\/oPsRCrM3lgk7T5VT4mfqcBZx2gE=\/1440x810\/filters:format(webp):quality(85)\/cloudfront-us-east-1.images.arcpublishing.com\/infobae\/TLP7YSR43BFD7GRRK2M4BWQKDM.jpg 1440w\">H\u00e9ctor Morcillo, titular de la Federaci\u00f3n de Trabajadores de la Alimentaci\u00f3n<\/p>\n\n\n\n<p>Todav\u00eda<strong>&nbsp;no hay movimientos&nbsp;<\/strong>en materia salarial en el&nbsp;<strong>Sindicato de Camioneros,&nbsp;<\/strong>encabezado por<strong>&nbsp;Hugo Moyano&nbsp;<\/strong>que ante la devaluaci\u00f3n dispuesta por Sergio Massa luego de las PASO pidi\u00f3 un&nbsp;<strong>140%<\/strong>&nbsp;de aumento y ante la negativa empresarial acept\u00f3 un&nbsp;<strong>61% por seis meses,&nbsp;<\/strong>a pagarse en 3 cuotas no acumulativas: 25% en septiembre, 18% en noviembre y 18% en enero de 2024. Fuentes cercanas a las c\u00e1maras aseguraron a&nbsp;<strong>Infobae&nbsp;<\/strong>que<strong>&nbsp;a\u00fan no hubo reclamos del gremio,&nbsp;<\/strong>aunque los trabajadores del sector cobrar\u00e1n un<strong>&nbsp;bono anual<\/strong>&nbsp;complementario, no remunerativo, de&nbsp;<strong>240.000 pesos:<\/strong>&nbsp;ser\u00e1 pagado en 4 cuotas mensuales de $60.000 con los salarios de febrero, marzo, abril y mayo de 2024.<\/p>\n\n\n\n<p>La&nbsp;<strong>Federaci\u00f3n de Trabajadores de Industrias de la Alimentaci\u00f3n (FTIA),&nbsp;<\/strong>liderada por&nbsp;<strong>H\u00e9ctor Morcillo,<\/strong>&nbsp;est\u00e1 en pleno proceso de renegociaciones salariales con los empresarios: \u201cEste mes firmamos la revisi\u00f3n de 7 convenios nacionales, as\u00ed que la semana que viene ya comenzamos con las discusiones y&nbsp;<strong>tendremos en cuenta la devaluaci\u00f3n y el aumentos de los precios\u201d,<\/strong>&nbsp;dijo a&nbsp;<strong>Infobae.<\/strong><\/p>\n\n\n\n<p>Sobre el porcentaje de aumento que reclamar\u00e1n, el sindicalista enfatiz\u00f3 que \u201cla semana que viene lo vamos a definir, cuando tengamos&nbsp;<strong>m\u00e1s precisiones<\/strong>&nbsp;del terrible ajuste que est\u00e1n haciendo\u201d, pero dio un dato sugestivo:&nbsp;<strong>\u201cLos precios todav\u00eda se est\u00e1n acomodando y se viene otra remarcaci\u00f3n\u201d.<\/strong><\/p>\n\n\n\n<p><img decoding=\"async\" loading=\"lazy\" alt=\"Sergio Romero, secretario general de UDA:  \u201cLa paritaria nacional docente se debe mantener\u201d\" height=\"1080\" width=\"1920\" src=\"https:\/\/www.infobae.com\/new-resizer\/s_5pgVviZJZXnrGxqxA9A7GXEjA=\/420x236\/filters:format(webp):quality(85)\/cloudfront-us-east-1.images.arcpublishing.com\/infobae\/7SABVCOF35DPPPMQLB2VIQ6OZQ.jpg%20420w\" srcset=\"https:\/\/www.infobae.com\/new-resizer\/s_5pgVviZJZXnrGxqxA9A7GXEjA=\/420x236\/filters:format(webp):quality(85)\/cloudfront-us-east-1.images.arcpublishing.com\/infobae\/7SABVCOF35DPPPMQLB2VIQ6OZQ.jpg 420w,https:\/\/www.infobae.com\/new-resizer\/hLek1hmlQBKpGQXDxVberTe2xk8=\/768x432\/filters:format(webp):quality(85)\/cloudfront-us-east-1.images.arcpublishing.com\/infobae\/7SABVCOF35DPPPMQLB2VIQ6OZQ.jpg 768w,https:\/\/www.infobae.com\/new-resizer\/H0NyQ5a4paJPD8uWgQ07GNH83zY=\/992x558\/filters:format(webp):quality(85)\/cloudfront-us-east-1.images.arcpublishing.com\/infobae\/7SABVCOF35DPPPMQLB2VIQ6OZQ.jpg 992w,https:\/\/www.infobae.com\/new-resizer\/vSK00vf3_SM4XWJr2Ow1GCpM2Mc=\/1200x675\/filters:format(webp):quality(85)\/cloudfront-us-east-1.images.arcpublishing.com\/infobae\/7SABVCOF35DPPPMQLB2VIQ6OZQ.jpg 1200w,https:\/\/www.infobae.com\/new-resizer\/ahpT7LoLw_Vl5mcgfejGwbySy0M=\/1440x810\/filters:format(webp):quality(85)\/cloudfront-us-east-1.images.arcpublishing.com\/infobae\/7SABVCOF35DPPPMQLB2VIQ6OZQ.jpg 1440w\">Sergio Romero, secretario general de UDA: \u201cLa paritaria nacional docente se debe mantener\u201d<\/p>\n\n\n\n<p>Para dar una idea de la dificultad de discutir aumentos salariales con alta inflaci\u00f3n, Morcillo dijo que est\u00e1n negociando acuerdos bimestrales y alert\u00f3: \u201cHay que ver si ahora ser\u00e1 en forma&nbsp;<strong>mensual\u201d.<\/strong><\/p>\n\n\n\n<p>Mientras, el titular de la&nbsp;<strong>Uni\u00f3n Docentes Argentinos (UDA), Sergio Romero,<\/strong>&nbsp;tambi\u00e9n se sum\u00f3 al pedido de recomposici\u00f3n salarial: \u201cEstamos esperando iniciar la&nbsp;<strong>mejor b\u00fasqueda de recuperaci\u00f3n de los salarios<\/strong>&nbsp;en las negociaciones con el Estado empleador\u201d, dijo, luego de lo cual advirti\u00f3, en un mensaje al gobierno de Javier Milei, que<strong>&nbsp;\u201cla paritaria nacional docente se debe mantener\u201d.<\/strong><\/p>\n\n\n\n<p>Para Romero, secretario de Pol\u00edticas Educativas de la CGT, lo ideal es que las autoridades \u201chagan una convocatoria en un plazo prudente para\u00a0<strong>garantizar el inicio de las clases<\/strong>\u00a0en 2024\u2033.<\/p>\n\n\n\n<p>Fuente: Infobae<\/p>\n","protected":false},"excerpt":{"rendered":"<div class=\"mh-excerpt\"><p>La fuerte suba inflacionaria que provocar\u00e1 la devaluaci\u00f3n y la liberaci\u00f3n de los precios ya activ\u00f3 las&nbsp;alarmas sindicales:&nbsp;una veintena de organizaciones gremiales se apresta a&nbsp;revisar&nbsp;entre este mes y enero de 2024&nbsp;las paritarias ya firmadas,&nbsp;pero la mayor\u00eda espera que las variables econ\u00f3micas se&nbsp;reacomoden&nbsp;para definir&nbsp;qu\u00e9 porcentaje de aumento&nbsp;le reclamar\u00e1 a los empresarios. Pero la expectativa, adem\u00e1s, est\u00e1 puesta en las&nbsp;se\u00f1ales&nbsp;que dar\u00e1 el gobierno de Javier Milei para&nbsp;encarrilar la negociaci\u00f3n salarial.&nbsp;Hasta ahora, seg\u00fan los sindicalistas, ning\u00fan funcionario habl\u00f3 de&nbsp;poner topes&nbsp;para las paritarias.&nbsp;\u201cQueremos que las paritarias sigan siendo libres\u201d,&nbsp;dijo este jueves el vocero presidencial&nbsp;Manuel Adorni,&nbsp;quien admiti\u00f3 que&nbsp;\u201clos trabajadores est\u00e1n mal&nbsp;y no se puede seguir <a class=\"mh-excerpt-more\" href=\"http:\/\/dsrmedios.com.ar\/diario\/archivos\/42336\" title=\"Los sindicatos quieren apurar la revisi\u00f3n de las paritarias, mientras esperan se\u00f1ales del Gobierno\">[Leer m\u00e1s]<\/a><\/p>\n<\/div>","protected":false},"author":8,"featured_media":42338,"comment_status":"open","ping_status":"closed","sticky":false,"template":"","format":"standard","meta":{"_jetpack_newsletter_access":""},"categories":[6],"tags":[],"jetpack_featured_media_url":"http:\/\/dsrmedios.com.ar\/diario\/wp-content\/uploads\/2023\/12\/images-9.jpeg","jetpack_sharing_enabled":true,"jetpack_shortlink":"https:\/\/wp.me\/p9fihK-b0Q","_links":{"self":[{"href":"http:\/\/dsrmedios.com.ar\/diario\/wp-json\/wp\/v2\/posts\/42336"}],"collection":[{"href":"http:\/\/dsrmedios.com.ar\/diario\/wp-json\/wp\/v2\/posts"}],"about":[{"href":"http:\/\/dsrmedios.com.ar\/diario\/wp-json\/wp\/v2\/types\/post"}],"author":[{"embeddable":true,"href":"http:\/\/dsrmedios.com.ar\/diario\/wp-json\/wp\/v2\/users\/8"}],"replies":[{"embeddable":true,"href":"http:\/\/dsrmedios.com.ar\/diario\/wp-json\/wp\/v2\/comments?post=42336"}],"version-history":[{"count":1,"href":"http:\/\/dsrmedios.com.ar\/diario\/wp-json\/wp\/v2\/posts\/42336\/revisions"}],"predecessor-version":[{"id":42339,"href":"http:\/\/dsrmedios.com.ar\/diario\/wp-json\/wp\/v2\/posts\/42336\/revisions\/42339"}],"wp:featuredmedia":[{"embeddable":true,"href":"http:\/\/dsrmedios.com.ar\/diario\/wp-json\/wp\/v2\/media\/42338"}],"wp:attachment":[{"href":"http:\/\/dsrmedios.com.ar\/diario\/wp-json\/wp\/v2\/media?parent=42336"}],"wp:term":[{"taxonomy":"category","embeddable":true,"href":"http:\/\/dsrmedios.com.ar\/diario\/wp-json\/wp\/v2\/categories?post=42336"},{"taxonomy":"post_tag","embeddable":true,"href":"http:\/\/dsrmedios.com.ar\/diario\/wp-json\/wp\/v2\/tags?post=42336"}],"curies":[{"name":"wp","href":"https:\/\/api.w.org\/{rel}","templated":true}]}}