{"id":42311,"date":"2023-12-15T09:29:43","date_gmt":"2023-12-15T12:29:43","guid":{"rendered":"http:\/\/dsrmedios.com.ar\/diario\/?p=42311"},"modified":"2023-12-15T09:29:46","modified_gmt":"2023-12-15T12:29:46","slug":"bullrich-presento-un-protocolo-antipiquetes-que-incluye-a-todas-las-fuerzas-federales","status":"publish","type":"post","link":"http:\/\/dsrmedios.com.ar\/diario\/archivos\/42311","title":{"rendered":"Bullrich present\u00f3 un protocolo antipiquetes que incluye a todas las fuerzas federales"},"content":{"rendered":"\n<p>La ministra de Seguridad, Patricia Bullrich, present\u00f3 este jueves &#8220;<strong>un protocolo para el mantenimiento del orden p\u00fablico<\/strong>&#8221; con el fin de asegurar la libre circulaci\u00f3n ante la organizaci\u00f3n de piquetes o bloqueos, lo cual deriv\u00f3 en el repudio de agrupaciones sociales y dirigentes pol\u00edticos que consideraron a la medida como &#8220;inconstitucional&#8221; y una &#8220;amenaza&#8221; ante una posible conflictividad social tras las medidas del Gobierno.<\/p>\n\n\n\n<p>Bullrich anunci\u00f3 que<strong>&nbsp;&#8220;las cuatro fuerzas federales&#8221; podr\u00e1n intervenir &#8220;si hay un delito flagrante&#8221; durante las manifestaciones en la v\u00eda p\u00fablica<\/strong>&nbsp;y que el nuevo protocolo incluir\u00e1 la identificaci\u00f3n de quienes corten arterias, la aplicaci\u00f3n de las leyes que contemplan hasta penas de prisi\u00f3n y el cobro de los gastos que demande la intervenci\u00f3n de las fuerzas de seguridad a las organizaciones que violen la normativa.<\/p>\n\n\n\n<p>&#8220;<strong>Las cuatro fuerzas federales y el Servicio Penitenciario Federal van a intervenir frente a cortes, piquetes o bloqueos, sean parciales o totales. La ley no se cumple a medias, se cumple o no se cumple<\/strong>&#8220;, dijo Bullrich durante una presentaci\u00f3n ante la prensa en la sede de la cartera de Seguridad, en Gelly y Obes 2289, en el barrio porte\u00f1o de Recoleta.<\/p>\n\n\n\n<blockquote class=\"wp-block-quote\">\n<p>Bullrich remarc\u00f3 que el Gobierno tiene &#8220;una decisi\u00f3n tomada&#8221; de que &#8220;la forma de pedir o buscar un beneficio social&#8221; ya no es &#8220;por la v\u00eda del corte&#8221;<\/p>\n<\/blockquote>\n\n\n\n<p>La funcionaria indic\u00f3 que &#8220;si hay un delito flagrante&#8221; las fuerzas federales podr\u00e1n intervenir &#8220;de manera inmediata&#8221; de acuerdo con &#8220;los c\u00f3digos procesales vigentes&#8221; y que utilizar\u00e1n &#8220;la m\u00ednima fuerza necesaria y suficiente&#8221;, la cual ser\u00e1 &#8220;graduada en proporci\u00f3n a la resistencia&#8221; que se oponga.<\/p>\n\n\n\n<p>&#8220;<strong>Ser\u00e1n determinados los delitos hasta una nueva ley que se va a presentar a corto plazo de acuerdo al art\u00edculo 194 del C\u00f3digo Penal&#8221;,<\/strong>&nbsp;agreg\u00f3.<\/p>\n\n\n\n<p>Ese art\u00edculo establece que &#8220;el que, sin crear una situaci\u00f3n de peligro com\u00fan, impidiere, estorbare o entorpeciere el normal funcionamiento de los transportes por tierra, agua o aire o los servicios p\u00fablicos de comunicaci\u00f3n, de provisi\u00f3n de agua, de electricidad o de sustancias energ\u00e9ticas, ser\u00e1 reprimido con prisi\u00f3n de tres meses a dos a\u00f1os&#8221;.<\/p>\n\n\n\n<figure class=\"wp-block-image\"><a href=\"javascript:void(0);\"><img decoding=\"async\" src=\"https:\/\/www.telam.com.ar\/thumbs\/bluesteel\/advf\/imagenes\/2023\/12\/657b69095af11_1200.jpg\" alt=\"Foto Eliana Obregn\"\/><\/a><figcaption class=\"wp-element-caption\">Foto: Eliana Obreg\u00f3n<\/figcaption><\/figure>\n\n\n\n<p>Bullrich remarc\u00f3 que el Gobierno tiene &#8220;una decisi\u00f3n tomada&#8221; de que &#8220;la forma de pedir o buscar un beneficio social&#8221; ya no es &#8220;por la v\u00eda del corte&#8221;.<\/p>\n\n\n\n<p>&#8220;Sepan que si se toma la calle va a haber consecuencias. Vamos a ordenar el pa\u00eds para que la gente pueda vivir en paz&#8221;, se\u00f1al\u00f3.<\/p>\n\n\n\n<p>Al conocerse el anuncio, distintos dirigentes y organizaciones pol\u00edticas repudiaron el protocolo al calificarlo de &#8220;inconstitucional&#8221;, una &#8220;amenaza&#8221; a gremios y movimientos sociales y advirtieron que &#8220;cuando hay semejante nivel de agresi\u00f3n&#8221; contra los sectores populares &#8220;inevitablemente se producen protestas sociales&#8221;.<\/p>\n\n\n\n<p>En una conferencia de prensa convocada para responder los planteos de Bullrich, los referentes del Partido Obrero, Vanina Biasi y Gabriel Solano, junto al dirigente del Polo Obrero, Eduardo Belliboni, reivindicaron el &#8220;derecho a la manifestaci\u00f3n&#8221; y reclamaron que la ministra de Seguridad &#8220;no tiene facultad legal&#8221; para impedirlo.<\/p>\n\n\n\n<p><strong>&#8220;Nosotros consideramos realmente una provocaci\u00f3n los anuncios que ha hecho la ministra Patricia Bullrich&#8221;,<\/strong>&nbsp;reproch\u00f3 Solano en el local porte\u00f1o del Polo Obrero, ubicado en Mitre 2162, donde fue convocada la prensa.<\/p>\n\n\n\n<figure class=\"wp-block-image\"><a href=\"javascript:void(0);\"><img decoding=\"async\" src=\"https:\/\/www.telam.com.ar\/thumbs\/bluesteel\/advf\/imagenes\/2023\/12\/657b690946e0f_1200.jpg\" alt=\"Foto Eliana Obregn\"\/><\/a><figcaption class=\"wp-element-caption\">Foto: Eliana Obreg\u00f3n<\/figcaption><\/figure>\n\n\n\n<p>Por su parte, la diputada del Frente de Izquierda y de los Trabajadores (FIT), Myriam Bregman, critic\u00f3 la medida al afirmar que &#8220;lo que les molesta es que protesten contra las medidas de su gobierno&#8221;.<\/p>\n\n\n\n<p><strong>&#8220;En Juntos por el Cambio algunos llegaron a senadores por cortar rutas. Otros, de La Libertad Avanza, marchaban felices contra la cuarentena<\/strong>&#8220;, indic\u00f3 Bregman en su cuenta de Twitter.<br>En tanto, la conducci\u00f3n nacional de la Asociaci\u00f3n Trabajadores del Estado (ATE), que lidera Rodolfo Aguiar, repudi\u00f3 por &#8220;inconstitucional&#8221; el protocolo de movilizaci\u00f3n.<\/p>\n\n\n\n<p>&#8220;Los conflictos sindicales y sociales no deben ser resueltos por la polic\u00eda o la justicia sino por aquellos que gobiernan, porque para eso fueron elegidos. La medida anunciada por la ministra se orienta a atacar las consecuencias y no las causas de las protestas. Si no quiere conflictos que pare ya el ajuste e incremente los salarios&#8221;, dijo el gremialista.<\/p>\n\n\n\n<p>Luego de su anuncio, Bullrich se reuni\u00f3 con el ministro de Seguridad de la ciudad de Buenos Aires, Waldo Wolff; el nuevo jefe de la Polic\u00eda de la ciudad de Buenos Aires, Diego Kravetz; y el secretario de Seguridad de Naci\u00f3n, Vicente Ventura Barreiro.<\/p>\n\n\n\n<figure class=\"wp-block-image\"><a href=\"javascript:void(0);\"><img decoding=\"async\" src=\"https:\/\/www.telam.com.ar\/thumbs\/bluesteel\/advf\/imagenes\/2023\/08\/64d25c7990182_1200.jpg\" alt=\"La medida prev severas multas Foto Leo Vaca \"\/><\/a><figcaption class=\"wp-element-caption\">La medida prev\u00e9 severas multas \/ Foto: Leo Vaca.<\/figcaption><\/figure>\n\n\n\n<p>Este nuevo protocolo se conoce luego de que la conducci\u00f3n nacional de las organizaciones de izquierda nucleadas en la Unidad Piquetera (UP) confirmara esta semana que el pr\u00f3ximo mi\u00e9rcoles realizar\u00e1n un &#8220;paro activo&#8221; en la Plaza de Mayo, como respuesta a&nbsp;<a href=\"https:\/\/www.telam.com.ar\/notas\/202312\/649205-milei-luis-caputo-economia-medidas.html\" target=\"_blank\" rel=\"noreferrer noopener\">&#8220;los anuncios&#8221; del ministro de Econom\u00eda, Nicol\u00e1s Caputo<\/a>.<\/p>\n\n\n\n<p>La jornada de protesta coincidir\u00e1 con el 22 aniversario de las jornadas del 19 y 20 de diciembre del 2001 cuando el gobierno de Fernando de la R\u00faa reprimi\u00f3 una protesta social, que culmin\u00f3 con 38 muertos y finalmente la renuncia del exmandatario radical.<\/p>\n\n\n\n<h3>WOLFF DIJO QUE HAR\u00c1 RESPETAR &#8220;EL MANDATO POPULAR Y CONSTITUCIONAL&#8221; EN MATERIA DE SEGURIDAD<\/h3>\n\n\n\n<p>El ministro de Seguridad de la ciudad de Buenos Aires, Waldo Wolff, celebr\u00f3 el trabajo &#8220;mancomunado&#8221; entre las fuerzas de seguridad porte\u00f1as y federales que se llevar\u00e1 a cabo seg\u00fan el nuevo protocolo anunciado por la ministra de Seguridad nacional, Patricia Bullrich, y afirm\u00f3 que har\u00e1n cumplir el &#8220;mandato popular y de la Constituci\u00f3n&#8221; en esta materia.<br><br>&#8220;Tengan paciencia, tenemos el mandato popular pero adem\u00e1s tenemos el mandato de la Constituci\u00f3n y los distintos c\u00f3digos y los vamos a hacer cumplir&#8221;, asever\u00f3 Wolff tras mantener una reuni\u00f3n con Bullrich junto a otras autoridades de la cartera.<br><br>De la reuni\u00f3n llevada a cabo en el Ministerio de Seguridad de la Naci\u00f3n ubicado en el barrio porte\u00f1o de Recoleta participaron tambi\u00e9n el jefe de Gabinete porte\u00f1o, N\u00e9stor Grindetti, y el secretario de Seguridad nacional, Vicente Ventura Barreiro.<br><br><strong>&#8220;Tengan paciencia y nos van a ver actuar&#8221;<\/strong>, insisti\u00f3 Wolff ante la pregunta de los periodistas acerca de c\u00f3mo se implementar\u00e1 el protocolo anunciado por Bullrich.<br><br>Tambi\u00e9n sostuvo que se trata de &#8220;la primera mesa conjunta de muchas&#8221; porque de aqu\u00ed en m\u00e1s trabajar\u00e1n &#8220;en forma mancomunada en todos los sucesos que tienen injerencia federal y en la ciudad de Buenos Aires&#8221;.<br><br><strong>&#8220;La reuni\u00f3n con Bullrich fue excelente, me he comunicado con el jefe de Gobierno, Jorge Macri, y estamos muy satisfechos con lo que viene&#8221;,<\/strong>&nbsp;expres\u00f3 el ministro de Seguridad porte\u00f1o.<br><br>Consider\u00f3 &#8220;muy bueno para la ciudad de Buenos Aires despu\u00e9s de los \u00faltimos cuatro a\u00f1os de hostilidad por parte del (anterior) Gobierno nacional saber, como transmiti\u00f3 la ministra y sus funcionarios, que van a acompa\u00f1ar cuando hagan falta fuerzas federales tanto en accesos como en la ciudad de Buenos Aires&#8221;.<br><br>&#8220;Las protestas de car\u00e1cter federal ser\u00e1n trabajadas de manera conjunta, cuando se trate por ejemplo de accesos desde provincia de Buenos Aires o inmediaciones&#8221;, detall\u00f3 al respecto luego de la reuni\u00f3n de hora y media compartida con la titular de la cartera de Seguridad Nacional.<br><br>Y agreg\u00f3: &#8220;Es bueno para nosotros como gobierno y para los ciudadanos saber que no estamos solos en la ciudad de Buenos Aires&#8221;.<br><br>Wolff insisti\u00f3 en que ante una protesta en la v\u00eda p\u00fablica &#8220;la Polic\u00eda de la Ciudad va a actuar&#8221; porque &#8220;la ley es una sola&#8221;.<br><br><strong>&#8220;Hay cuestiones conceptuales y otras t\u00e1cticas. Nosotros no hacemos predicci\u00f3n, no voy a dar un manual contraf\u00e1ctico de qu\u00e9 va a ocurrir, vamos a hacer cumplir la ley<\/strong>&#8220;, se\u00f1al\u00f3.<br><br>En tanto, Ventura Barreiro remarc\u00f3 que &#8220;la protesta es una garant\u00eda constitucional consagrada en la Constituci\u00f3n Nacional y as\u00ed va a ser respetada como corresponde, siempre dentro del marco de la ley&#8221;.<br><br>Sostuvo que &#8220;no aceptamos ning\u00fan tipo de violencia&#8221; y puntualiz\u00f3 que &#8220;hay derechos y convivencia ciudadana&#8221; a respetar.<br><br>&#8220;Siempre se tendr\u00e1 en consideraci\u00f3n que existen derechos y convivencia ciudadana para respetar, dentro de la ley todo, fuera de la ley nada&#8221;, complet\u00f3 el funcionario.<br><\/p>\n\n\n\n<h3>EL CELS ACUSA A BULLRICH DE PRETENDER &#8220;IMPEDIR CON REPRESI\u00d3N LA PROTESTA SOCIAL&#8221;<\/h3>\n\n\n\n<p><\/p>\n\n\n\n<p>El Centro de Estudios Legales y Sociales (CELS) afirm\u00f3 que el protocolo antipiquetes anunciado por la ministra de Seguridad, Patricia Bullrich, busca &#8220;impedir con represi\u00f3n la protesta social&#8221; y alert\u00f3 que se &#8220;criminaliza a quienes se manifiestan&#8221; y se persigue&#8221; a las organizaciones porque &#8220;cortar las calles no es delito&#8221;.<br><br>&#8220;Ahora, m\u00e1s que una limitaci\u00f3n del uso de la fuerza policial hay una habilitaci\u00f3n para ejercer violencia contra los manifestantes&#8221;, destac\u00f3 el CELS, y consider\u00f3 que las medidas &#8220;atacan el derecho a la protesta, criminalizan a quienes se manifiestan y persiguen a la organizaci\u00f3n social y pol\u00edtica&#8221;.<br><br>Adem\u00e1s,<strong>\u00a0&#8220;pretenden saltarse la intervenci\u00f3n judicial, lo que limita derechos y garant\u00edas, y en medio de un brutal ajuste con graves consecuencias sociales y bajo la promesa de orden busca suprimir las manifestaciones p\u00fablicas contra los efectos de las medidas oficiales&#8221;<\/strong>, a\u00f1adi\u00f3 la organizaci\u00f3n.<br><br>La coordinadora de Seguridad democr\u00e1tica y violencia institucional del CELS, Victoria Darraidou, en di\u00e1logo con T\u00e9lam estim\u00f3 &#8220;alarmantes y preocupantes&#8221; los anuncios porque se &#8220;plantea una falsa idea de orden para abordar la conflictividad a trav\u00e9s de la represi\u00f3n de la protesta social como \u00e9sta fuera un delito&#8221;.<br><br>Remarc\u00f3 que &#8220;el derecho a la protesta est\u00e1 en la Constituci\u00f3n y en los est\u00e1ndares internacionales de protecci\u00f3n de los Derechos Humanos y hoy la ministra de Seguridad los se\u00f1al\u00f3 como prohibiciones&#8221;.<br><br>Asimismo, explic\u00f3 que en el criterio oficial &#8220;hay una grave ponderaci\u00f3n que entiende que el derecho a circular anula el derecho a usar el espacio publico para manifestarse&#8221;.<br><br>Sobre la presencia de ni\u00f1os y adolescentes en las manifestaciones, Darraidou consider\u00f3 &#8220;grav\u00edsimo no solo la persecuci\u00f3n de las personas que deciden manifestarse con su familia sino la criminalizaci\u00f3n de las organizaciones pol\u00edticas y sociales que termina por desalentar a la vida pol\u00edtica&#8221; en referencia a lo que Bullrich anunci\u00f3 como un &#8220;registro de organizaciones&#8221;.<br><br>Tambi\u00e9n cuestion\u00f3 la posibilidad de impedir la llegada de manifestantes mediante controles en estaciones de trenes, porque &#8220;ser\u00eda simplemente una persona que se est\u00e1 trasladando en tren a una protesta y no habr\u00eda flagrancia&#8221;.<br><br>Sobre posibles enfrentamientos entre manifestantes y fuerzas de seguridad, Darraidou puntualiz\u00f3 que &#8220;las armas que el gobierno de Bullrich llama &#8216;no letales&#8217; y que nosotros llamamos &#8216;menos&#8217; letales, (como las balas de goma o las pistolas Taser) pueden generar graves da\u00f1os e incluso hay registros de muertes en contextos de protestas sociales recientes&#8221;.<br><br>El CELS alert\u00f3 en un comunicado que\u00a0<strong>&#8220;es muy riesgoso enviar un mensaje pol\u00edtico como este hacia las fuerzas policiales&#8221;.<\/strong><br><br>&#8220;Cuando el poder pol\u00edtico habilit\u00f3 la represi\u00f3n de las manifestaciones, el resultado fue una enorme crisis pol\u00edtica y termin\u00f3 con muertes en las calles&#8221;, record\u00f3. Y advirti\u00f3 que &#8220;ahora, m\u00e1s que una limitaci\u00f3n del uso de la fuerza policial hay una habilitaci\u00f3n para ejercer violencia contra los manifestantes&#8221;.<\/p>\n\n\n\n<p>Fuente: TELAM<\/p>\n","protected":false},"excerpt":{"rendered":"<div class=\"mh-excerpt\"><p>La ministra de Seguridad, Patricia Bullrich, present\u00f3 este jueves &#8220;un protocolo para el mantenimiento del orden p\u00fablico&#8221; con el fin de asegurar la libre circulaci\u00f3n ante la organizaci\u00f3n de piquetes o bloqueos, lo cual deriv\u00f3 en el repudio de agrupaciones sociales y dirigentes pol\u00edticos que consideraron a la medida como &#8220;inconstitucional&#8221; y una &#8220;amenaza&#8221; ante una posible conflictividad social tras las medidas del Gobierno. Bullrich anunci\u00f3 que&nbsp;&#8220;las cuatro fuerzas federales&#8221; podr\u00e1n intervenir &#8220;si hay un delito flagrante&#8221; durante las manifestaciones en la v\u00eda p\u00fablica&nbsp;y que el nuevo protocolo incluir\u00e1 la identificaci\u00f3n de quienes corten arterias, la aplicaci\u00f3n de las leyes <a class=\"mh-excerpt-more\" href=\"http:\/\/dsrmedios.com.ar\/diario\/archivos\/42311\" title=\"Bullrich present\u00f3 un protocolo antipiquetes que incluye a todas las fuerzas federales\">[Leer m\u00e1s]<\/a><\/p>\n<\/div>","protected":false},"author":8,"featured_media":36596,"comment_status":"open","ping_status":"closed","sticky":false,"template":"","format":"standard","meta":{"_jetpack_newsletter_access":""},"categories":[6],"tags":[],"jetpack_featured_media_url":"http:\/\/dsrmedios.com.ar\/diario\/wp-content\/uploads\/2023\/07\/patricia-bullrichjpg.webp","jetpack_sharing_enabled":true,"jetpack_shortlink":"https:\/\/wp.me\/p9fihK-b0r","_links":{"self":[{"href":"http:\/\/dsrmedios.com.ar\/diario\/wp-json\/wp\/v2\/posts\/42311"}],"collection":[{"href":"http:\/\/dsrmedios.com.ar\/diario\/wp-json\/wp\/v2\/posts"}],"about":[{"href":"http:\/\/dsrmedios.com.ar\/diario\/wp-json\/wp\/v2\/types\/post"}],"author":[{"embeddable":true,"href":"http:\/\/dsrmedios.com.ar\/diario\/wp-json\/wp\/v2\/users\/8"}],"replies":[{"embeddable":true,"href":"http:\/\/dsrmedios.com.ar\/diario\/wp-json\/wp\/v2\/comments?post=42311"}],"version-history":[{"count":1,"href":"http:\/\/dsrmedios.com.ar\/diario\/wp-json\/wp\/v2\/posts\/42311\/revisions"}],"predecessor-version":[{"id":42312,"href":"http:\/\/dsrmedios.com.ar\/diario\/wp-json\/wp\/v2\/posts\/42311\/revisions\/42312"}],"wp:featuredmedia":[{"embeddable":true,"href":"http:\/\/dsrmedios.com.ar\/diario\/wp-json\/wp\/v2\/media\/36596"}],"wp:attachment":[{"href":"http:\/\/dsrmedios.com.ar\/diario\/wp-json\/wp\/v2\/media?parent=42311"}],"wp:term":[{"taxonomy":"category","embeddable":true,"href":"http:\/\/dsrmedios.com.ar\/diario\/wp-json\/wp\/v2\/categories?post=42311"},{"taxonomy":"post_tag","embeddable":true,"href":"http:\/\/dsrmedios.com.ar\/diario\/wp-json\/wp\/v2\/tags?post=42311"}],"curies":[{"name":"wp","href":"https:\/\/api.w.org\/{rel}","templated":true}]}}