{"id":42285,"date":"2023-12-14T10:36:27","date_gmt":"2023-12-14T13:36:27","guid":{"rendered":"http:\/\/dsrmedios.com.ar\/diario\/?p=42285"},"modified":"2023-12-15T09:27:37","modified_gmt":"2023-12-15T12:27:37","slug":"rivera-abierta-la-inscripcion-para-el-programa-de-vivienda-cuidemos-a-los-abuelos","status":"publish","type":"post","link":"http:\/\/dsrmedios.com.ar\/diario\/archivos\/42285","title":{"rendered":"Rivera: abierta la inscripci\u00f3n para el Programa de Vivienda \u201cCuidemos a los Abuelos\u201d"},"content":{"rendered":"\n<p>Se encuentra abierta la inscripci\u00f3n, hasta el d\u00eda 3 de enero de 2024, para toda persona interesada en acceder a una vivienda, a trav\u00e9s del Programa \u201cCuidemos a los Abuelos\u201d, en la localidad de Rivera.<\/p>\n\n\n\n<p><br>Los interesados deber\u00e1n inscribirse personalmente en la Delegaci\u00f3n Municipal, en el \u00c1rea de Desarrollo Humano de lunes a viernes de 8:00 a 12:00 hs.&nbsp;hasta el d\u00eda 3 de enero de 2024.-<\/p>\n\n\n\n<p>Los mismos deber\u00e1n reunir los requisitos estipulados por el Decreto N\u00ba 2303:<\/p>\n\n\n\n<p><strong>C<\/strong><strong>ondiciones de Inscripci\u00f3n.<\/strong>&nbsp;Podr\u00e1n acceder a la vivienda del &#8220;Plan Cuidemos los Abuelos&#8221; en la ciudad de Rivera, todas aquellas&nbsp;personas&nbsp;que re\u00fanan las siguientes condiciones: tener como edad m\u00ednima 60 a\u00f1os,&nbsp;poseer ingresos m\u00ednimos, no poseer vivienda o tenerla en estado de inhabilitabilidad, ser residente de la localidad de Rivera con un m\u00ednimo de seis a\u00f1os,&nbsp;no deber\u00e1 ser titular de cr\u00e9dito oficial.<br><br><strong>S<\/strong><strong>orteo.<\/strong>Una vez concluida la inscripci\u00f3n, el acto de<br>designaci\u00f3n de los pre-adjudicatarios, se llevar\u00e1 a cabo mediante sorteo<br>a realizar en acto p\u00fablico ante la presencia de Escribano P\u00fablico que<br>constate la realizaci\u00f3n del acto y los resultados del sorteo, labrando<br>acta.- En ella se consignar\u00e1 su titular y sus respectivos suplentes.-<\/p>\n\n\n\n<p><br><strong>Impugnaciones.<\/strong>\u00a0El listado final con la n\u00f3mina de<br>pre-adjudicatarios ser\u00e1 remitido con datos completos a la oficina de<br>Asesor\u00eda Letrada Municipal; quien girar\u00e1 la informaci\u00f3n al Registro de<br>la Propiedad de la Provincia de Buenos Aires para la averiguaci\u00f3n de los<br>antecedentes dominiales de los inscriptos.-<br><br><strong>Adjudicaci\u00f3n.<\/strong>\u00a0Aprobado el listado, se resolver\u00e1 la<br>adjudicaci\u00f3n del inmueble disponible y sus respectivos suplentes,<br>mediante Ordenanza.\u00a0 En ella se consignar\u00e1\u00a0 la\u00a0persona\u00a0favorecida a la<br>vivienda disponible. Promulgada \u00e9sta, se remitir\u00e1 a la Subsecretar\u00eda de<br>Gobierno a efectos de la confecci\u00f3n del contrato de comodato.-<\/p>\n\n\n\n<p><\/p>\n","protected":false},"excerpt":{"rendered":"<div class=\"mh-excerpt\"><p>Se encuentra abierta la inscripci\u00f3n, hasta el d\u00eda 3 de enero de 2024, para toda persona interesada en acceder a una vivienda, a trav\u00e9s del Programa \u201cCuidemos a los Abuelos\u201d, en la localidad de Rivera. Los interesados deber\u00e1n inscribirse personalmente en la Delegaci\u00f3n Municipal, en el \u00c1rea de Desarrollo Humano de lunes a viernes de 8:00 a 12:00 hs.&nbsp;hasta el d\u00eda 3 de enero de 2024.- Los mismos deber\u00e1n reunir los requisitos estipulados por el Decreto N\u00ba 2303: Condiciones de Inscripci\u00f3n.&nbsp;Podr\u00e1n acceder a la vivienda del &#8220;Plan Cuidemos los Abuelos&#8221; en la ciudad de Rivera, todas aquellas&nbsp;personas&nbsp;que re\u00fanan las siguientes <a class=\"mh-excerpt-more\" href=\"http:\/\/dsrmedios.com.ar\/diario\/archivos\/42285\" title=\"Rivera: abierta la inscripci\u00f3n para el Programa de Vivienda \u201cCuidemos a los Abuelos\u201d\">[Leer m\u00e1s]<\/a><\/p>\n<\/div>","protected":false},"author":8,"featured_media":42301,"comment_status":"open","ping_status":"closed","sticky":false,"template":"","format":"standard","meta":{"_jetpack_newsletter_access":""},"categories":[18,31,5],"tags":[],"jetpack_featured_media_url":"http:\/\/dsrmedios.com.ar\/diario\/wp-content\/uploads\/2023\/12\/Techo-digno-768x432-1.webp","jetpack_sharing_enabled":true,"jetpack_shortlink":"https:\/\/wp.me\/p9fihK-b01","_links":{"self":[{"href":"http:\/\/dsrmedios.com.ar\/diario\/wp-json\/wp\/v2\/posts\/42285"}],"collection":[{"href":"http:\/\/dsrmedios.com.ar\/diario\/wp-json\/wp\/v2\/posts"}],"about":[{"href":"http:\/\/dsrmedios.com.ar\/diario\/wp-json\/wp\/v2\/types\/post"}],"author":[{"embeddable":true,"href":"http:\/\/dsrmedios.com.ar\/diario\/wp-json\/wp\/v2\/users\/8"}],"replies":[{"embeddable":true,"href":"http:\/\/dsrmedios.com.ar\/diario\/wp-json\/wp\/v2\/comments?post=42285"}],"version-history":[{"count":2,"href":"http:\/\/dsrmedios.com.ar\/diario\/wp-json\/wp\/v2\/posts\/42285\/revisions"}],"predecessor-version":[{"id":42310,"href":"http:\/\/dsrmedios.com.ar\/diario\/wp-json\/wp\/v2\/posts\/42285\/revisions\/42310"}],"wp:featuredmedia":[{"embeddable":true,"href":"http:\/\/dsrmedios.com.ar\/diario\/wp-json\/wp\/v2\/media\/42301"}],"wp:attachment":[{"href":"http:\/\/dsrmedios.com.ar\/diario\/wp-json\/wp\/v2\/media?parent=42285"}],"wp:term":[{"taxonomy":"category","embeddable":true,"href":"http:\/\/dsrmedios.com.ar\/diario\/wp-json\/wp\/v2\/categories?post=42285"},{"taxonomy":"post_tag","embeddable":true,"href":"http:\/\/dsrmedios.com.ar\/diario\/wp-json\/wp\/v2\/tags?post=42285"}],"curies":[{"name":"wp","href":"https:\/\/api.w.org\/{rel}","templated":true}]}}