{"id":42281,"date":"2023-12-13T10:37:06","date_gmt":"2023-12-13T13:37:06","guid":{"rendered":"http:\/\/dsrmedios.com.ar\/diario\/?p=42281"},"modified":"2023-12-13T10:37:09","modified_gmt":"2023-12-13T13:37:09","slug":"el-papa-francisco-hablo-de-su-relacion-con-javier-milei-y-puso-en-duda-su-posible-viaje-a-argentina-el-ano-proximo","status":"publish","type":"post","link":"http:\/\/dsrmedios.com.ar\/diario\/archivos\/42281","title":{"rendered":"El papa Francisco habl\u00f3 de su relaci\u00f3n con Javier Milei y puso en duda su posible viaje a Argentina el a\u00f1o pr\u00f3ximo"},"content":{"rendered":"\n<p>El<a rel=\"noreferrer noopener\" href=\"https:\/\/www.infobae.com\/tag\/papa-francisco\/\" target=\"_blank\">&nbsp;papa Francisco<\/a>&nbsp;dej\u00f3 ratific\u00f3 en las \u00faltimas horas que es buena su relaci\u00f3n con el presidente argentino,&nbsp;<a rel=\"noreferrer noopener\" href=\"https:\/\/www.infobae.com\/tag\/javier-milei\/\" target=\"_blank\">Javier Milei<\/a>, y asegur\u00f3 que los ataques que el libertario le hizo meses atr\u00e1s son cosas que se dicen \u201cen campa\u00f1a\u201d, pero que la realidad es otra.<\/p>\n\n\n\n<p>Asimismo, confirm\u00f3 que el a\u00f1o pr\u00f3ximo viajar\u00e1 a B\u00e9lgica, pero que otros dos viajes que aparecen en su agenda, uno de ellos a la Argentina, deben ser repensados por su estado de saludo.<\/p>\n\n\n\n<p>Durante la campa\u00f1a electora, Milei hab\u00eda sido muy duro con Francisco, a quien hab\u00eda calificado como&nbsp;<strong>\u201cel representante del maligno en la Tierra<\/strong>\u201d y un \u201cjesuita que promueve el comunismo\u201d y un \u201cpersonaje impresentable y nefasto\u201d.<\/p>\n\n\n\n<p>Sin embargo, m\u00e1s tarde, el ahora presidente\u00a0<a rel=\"noreferrer noopener\" href=\"https:\/\/www.infobae.com\/politica\/2023\/10\/02\/javier-milei-le-pidio-perdon-al-papa-francisco-por-haberlo-criticado-estoy-arrepentido\/\" target=\"_blank\">hab\u00eda pedido disculpas<\/a>: \u201cParece que est\u00e1s poco informado, porque<strong>\u00a0ya hab\u00eda pedido perd\u00f3n por eso, y lo volver\u00eda a hacer, porque no tengo problema en eso, porque si me equivoco, no tengo problema en repetir que estoy arrepentido por eso\u201d<\/strong>, le contest\u00f3 Milei a Sergio Massa durante el debate presidencial antes del balotaje que finalmente gan\u00f3.<\/p>\n\n\n\n<p>\u201cAdem\u00e1s,\u00a0<strong>una de las cosas que dije es que si el Papa quer\u00eda venir a la Argentina, se lo iba a respetar no solo como jefe de Estado, sino como l\u00edder de la Iglesia Cat\u00f3lica<\/strong>, por lo tanto, dale, dej\u00e1 de chicanear y dedicate a bajar la inflaci\u00f3n y a\u00a0<strong>terminar el gobierno de manera decorosa<\/strong>, dale\u201d, agreg\u00f3 Milei<\/p>\n\n\n\n<p>En las \u00faltimas horas, durante una entrevista con la periodista mexicana Valentina Alazraki, el papa explic\u00f3: \u201c<strong>En la campa\u00f1a electoral se dicen cosas en broma<\/strong>, digo entre comillas, se dicen seriamente, pero son cosas provisorias. Cosas que se usan para crear un poco de atenci\u00f3n, pero que despu\u00e9s caen solas\u201d.<\/p>\n\n\n\n<p>\u201cHay que distinguir mucho entre lo que dice un pol\u00edtico en la campa\u00f1a electoral y lo que realmente va a hacer despu\u00e9s, porque despu\u00e9s viene el momento de lo concreto, de las decisiones, de esas cosas\u201d, dijo el Papa.<\/p>\n\n\n\n<p>Y sobre si se aclararon en la&nbsp;<a rel=\"noreferrer noopener\" href=\"https:\/\/www.infobae.com\/politica\/2023\/11\/21\/el-papa-francisco-llamo-a-javier-milei-para-felicitarlo-por-su-victoria-en-el-balotaje\/\" target=\"_blank\">conversaci\u00f3n telef\u00f3nica que mantuvieron tras la victoria en las elecciones de Milei<\/a>, el papa dijo que \u201csi\u201d y agreg\u00f3: \u201cYo le hago fe siempre a los pol\u00edticos. Le hago fe&#8230; porque creo que la pol\u00edtica, no lo dije yo, lo dijo un papa anterior, es la forma m\u00e1s elevada de la caridad, el amor al pueblo, el amor pol\u00edtico\u201d.<\/p>\n\n\n\n<p>Dos d\u00edas despu\u00e9s del balotaje, el papa Francisco llam\u00f3 a Javier Milei y mantuvieron un di\u00e1logo \u201c<strong>ameno y muy bueno<\/strong>\u201d. En la charla, el mandatario electo ratific\u00f3 la invitaci\u00f3n para que el Pont\u00edfice visite la Argentina el pr\u00f3ximo a\u00f1o \u201ccomo jefe de Estado y l\u00edder de la Iglesia\u201d, precisaron allegados al ahora presidente. Durante todo el di\u00e1logo se dirigi\u00f3 al obispo de Roma como \u201csu santidad\u201d, seg\u00fan trascendi\u00f3.<\/p>\n\n\n\n<p>Durante la entrevista con el canal N+, Francisco tambi\u00e9n hizo referencia a sus pr\u00f3ximos viajes internacionales y destac\u00f3 que \u201cest\u00e1 asegurado uno a B\u00e9lgica\u201d y \u201chay dos claros pendientes, uno a la Polinesia y otro a Argentina, que est\u00e1n ah\u00ed pendientes, veremos c\u00f3mo se da la cosa, pero con el tiempo voy a ir retomando las cosas\u201d.<\/p>\n\n\n\n<p>La posibilidad de un viaje de Francisco a Argentina tom\u00f3 fuerza durante el \u00faltimo tramo de la campa\u00f1a electoral, cuando incluso surgi\u00f3 la versi\u00f3n de que llegar\u00eda al pa\u00eds solo si se daba un triunfo de Massa en los comicios, cosa que f<a rel=\"noreferrer noopener\" href=\"https:\/\/www.infobae.com\/politica\/2023\/11\/14\/el-papa-francisco-desmintio-que-su-visita-a-la-argentina-este-vinculada-con-el-proceso-electoral\/\" target=\"_blank\">ue desmentida por el propio Papa<\/a>.&nbsp;<strong>\u201cMi visita a la Argentina no depende del triunfo de ning\u00fan partido o derrota\u201d,<\/strong>&nbsp;dijo, tajante, en aquel momento ante sus interlocutores. Y agreg\u00f3 que ni \u00e9l ni su agenda est\u00e1n condicionados por algo partidario. \u201cNada me condiciona para decidir\u201d, afirm\u00f3.<\/p>\n\n\n\n<p><img decoding=\"async\" loading=\"lazy\" alt=\"El papa Francisco, durante su entrevista con el canal N+ de M\u00e9xico.\" height=\"1080\" width=\"1920\" src=\"https:\/\/www.infobae.com\/new-resizer\/gDTLLSWLZ1gYRfXBelHd2GruXZM=\/420x236\/filters:format(webp):quality(85)\/cloudfront-us-east-1.images.arcpublishing.com\/infobae\/2VD6AWHDGNHVXL6DH5OS77LKRA.jpg%20420w\" srcset=\"https:\/\/www.infobae.com\/new-resizer\/gDTLLSWLZ1gYRfXBelHd2GruXZM=\/420x236\/filters:format(webp):quality(85)\/cloudfront-us-east-1.images.arcpublishing.com\/infobae\/2VD6AWHDGNHVXL6DH5OS77LKRA.jpg 420w,https:\/\/www.infobae.com\/new-resizer\/ZLB1ZsCO6OLcUISPJHXScSBxrvg=\/768x432\/filters:format(webp):quality(85)\/cloudfront-us-east-1.images.arcpublishing.com\/infobae\/2VD6AWHDGNHVXL6DH5OS77LKRA.jpg 768w,https:\/\/www.infobae.com\/new-resizer\/LN2YfojJzQBxc7U3noEI0szAAbE=\/992x558\/filters:format(webp):quality(85)\/cloudfront-us-east-1.images.arcpublishing.com\/infobae\/2VD6AWHDGNHVXL6DH5OS77LKRA.jpg 992w,https:\/\/www.infobae.com\/new-resizer\/EqM_5ItyADqdDShB_bCV_ES06FE=\/1200x675\/filters:format(webp):quality(85)\/cloudfront-us-east-1.images.arcpublishing.com\/infobae\/2VD6AWHDGNHVXL6DH5OS77LKRA.jpg 1200w,https:\/\/www.infobae.com\/new-resizer\/JP23C133GKl0ffEsl8r2QKgMC2E=\/1440x810\/filters:format(webp):quality(85)\/cloudfront-us-east-1.images.arcpublishing.com\/infobae\/2VD6AWHDGNHVXL6DH5OS77LKRA.jpg 1440w\">El papa Francisco, durante su entrevista con el canal N+ de M\u00e9xico.<\/p>\n\n\n\n<p>Tambi\u00e9n revel\u00f3 que no ser\u00e1 enterrado en las grutas vaticanas como el resto de pont\u00edfices sino en la bas\u00edlica de Santa Mar\u00eda la Mayor, en Roma, donde ya se ha preparado la capilla.<\/p>\n\n\n\n<p>Explic\u00f3 que se lo ha prometido a la Virgen y que ya est\u00e1 preparado el lugar en Santa Mar\u00eda Mayor, la bas\u00edlica papal a la que acude frecuentemente para rezar y tambi\u00e9n antes y despu\u00e9s de cada viaje ante el icono de la virgen &#8216;Salus Populi Romani&#8217;, patrona de Roma.<\/p>\n\n\n\n<p>En la entrevista, el papa tambi\u00e9n adelant\u00f3 que, como ya sucedi\u00f3 con el funeral del papa Benedicto XVI, el suyo tambi\u00e9n ser\u00e1 unas exequias de car\u00e1cter sencillo y con un nueva ceremonia a\u00fan m\u00e1s simple.<\/p>\n\n\n\n<p>Adem\u00e1s, sobre su salud, despu\u00e9s de haber pasado una bronquitis, asegur\u00f3 que se encuentra \u201cbastante bien\u201d: \u201cMe siento bien, me siento mejorado. A veces me dicen que soy imprudente porque tengo ganas de hacer y de moverse. \u00bfEntonces son buenas se\u00f1ales?\u201d.<\/p>\n\n\n\n<p>Por \u00faltimo, destac\u00f3 que, por el momento, no ha pensado en la renuncia y que ser\u00e1 lo dir\u00e1 \u201cel Se\u00f1or, cuando \u00c9l quiera\u201d.<\/p>\n\n\n\n<p>Fuente: infobae<\/p>\n","protected":false},"excerpt":{"rendered":"<div class=\"mh-excerpt\"><p>El&nbsp;papa Francisco&nbsp;dej\u00f3 ratific\u00f3 en las \u00faltimas horas que es buena su relaci\u00f3n con el presidente argentino,&nbsp;Javier Milei, y asegur\u00f3 que los ataques que el libertario le hizo meses atr\u00e1s son cosas que se dicen \u201cen campa\u00f1a\u201d, pero que la realidad es otra. Asimismo, confirm\u00f3 que el a\u00f1o pr\u00f3ximo viajar\u00e1 a B\u00e9lgica, pero que otros dos viajes que aparecen en su agenda, uno de ellos a la Argentina, deben ser repensados por su estado de saludo. Durante la campa\u00f1a electora, Milei hab\u00eda sido muy duro con Francisco, a quien hab\u00eda calificado como&nbsp;\u201cel representante del maligno en la Tierra\u201d y un \u201cjesuita <a class=\"mh-excerpt-more\" href=\"http:\/\/dsrmedios.com.ar\/diario\/archivos\/42281\" title=\"El papa Francisco habl\u00f3 de su relaci\u00f3n con Javier Milei y puso en duda su posible viaje a Argentina el a\u00f1o pr\u00f3ximo\">[Leer m\u00e1s]<\/a><\/p>\n<\/div>","protected":false},"author":8,"featured_media":4561,"comment_status":"open","ping_status":"closed","sticky":false,"template":"","format":"standard","meta":{"_jetpack_newsletter_access":""},"categories":[6],"tags":[],"jetpack_featured_media_url":"http:\/\/dsrmedios.com.ar\/diario\/wp-content\/uploads\/2018\/03\/papa.jpg","jetpack_sharing_enabled":true,"jetpack_shortlink":"https:\/\/wp.me\/p9fihK-aZX","_links":{"self":[{"href":"http:\/\/dsrmedios.com.ar\/diario\/wp-json\/wp\/v2\/posts\/42281"}],"collection":[{"href":"http:\/\/dsrmedios.com.ar\/diario\/wp-json\/wp\/v2\/posts"}],"about":[{"href":"http:\/\/dsrmedios.com.ar\/diario\/wp-json\/wp\/v2\/types\/post"}],"author":[{"embeddable":true,"href":"http:\/\/dsrmedios.com.ar\/diario\/wp-json\/wp\/v2\/users\/8"}],"replies":[{"embeddable":true,"href":"http:\/\/dsrmedios.com.ar\/diario\/wp-json\/wp\/v2\/comments?post=42281"}],"version-history":[{"count":1,"href":"http:\/\/dsrmedios.com.ar\/diario\/wp-json\/wp\/v2\/posts\/42281\/revisions"}],"predecessor-version":[{"id":42282,"href":"http:\/\/dsrmedios.com.ar\/diario\/wp-json\/wp\/v2\/posts\/42281\/revisions\/42282"}],"wp:featuredmedia":[{"embeddable":true,"href":"http:\/\/dsrmedios.com.ar\/diario\/wp-json\/wp\/v2\/media\/4561"}],"wp:attachment":[{"href":"http:\/\/dsrmedios.com.ar\/diario\/wp-json\/wp\/v2\/media?parent=42281"}],"wp:term":[{"taxonomy":"category","embeddable":true,"href":"http:\/\/dsrmedios.com.ar\/diario\/wp-json\/wp\/v2\/categories?post=42281"},{"taxonomy":"post_tag","embeddable":true,"href":"http:\/\/dsrmedios.com.ar\/diario\/wp-json\/wp\/v2\/tags?post=42281"}],"curies":[{"name":"wp","href":"https:\/\/api.w.org\/{rel}","templated":true}]}}