{"id":42271,"date":"2023-12-13T10:26:30","date_gmt":"2023-12-13T13:26:30","guid":{"rendered":"http:\/\/dsrmedios.com.ar\/diario\/?p=42271"},"modified":"2023-12-13T10:26:33","modified_gmt":"2023-12-13T13:26:33","slug":"todas-las-exportaciones-de-economias-regionales-carne-maiz-industria-servicios-y-petroleo-comenzaran-a-pagar-el-15-de-retenciones","status":"publish","type":"post","link":"http:\/\/dsrmedios.com.ar\/diario\/archivos\/42271","title":{"rendered":"Todas las exportaciones de econom\u00edas regionales, carne, ma\u00edz, industria, servicios y petr\u00f3leo comenzar\u00e1n a pagar el 15% de retenciones"},"content":{"rendered":"\n<p>El Gobierno aplicar\u00e1 un plan econ\u00f3mico inmediato que incluir\u00e1 un\u00a0<strong>recorte de subsidios desde febrero<\/strong>\u00a0para luz y gas, la\u00a0<strong>eliminaci\u00f3n r\u00e1pida del sistema SIRA<\/strong>\u00a0de autorizaci\u00f3n de importaciones, y una\u00a0<strong>suba generalizada de retenciones<\/strong>, que pasar\u00e1n a tener una\u00a0<strong>al\u00edcuota de 15%<\/strong>\u00a0para todos los productos salvo la soja que pagar\u00e1 30 por ciento. El Poder Ejecutivo reconoce que el impacto de las medidas ser\u00e1\u00a0<strong>fuertemente contractivo<\/strong>\u00a0para la actividad econ\u00f3mica y que habr\u00e1\u00a0<strong>dos o tres meses de \u00edndices inflacionarios mucho m\u00e1s altos<\/strong>\u00a0que el actual.<a rel=\"noreferrer noopener\" href=\"https:\/\/www.infobae.com\/economia\/2023\/12\/13\/medidas-economicas-los-economistas-esperan-un-fuerte-salto-de-la-inflacion-tras-los-anuncios\/\" target=\"_blank\"><\/a><\/p>\n\n\n\n<p>Uno de las medidas que le dar\u00e1 ingresos fundamentales al fisco ser\u00e1 la suba generalizada de derechos de exportaci\u00f3n, que quedar\u00e1 simplificado en dos al\u00edcuotas:&nbsp;<strong>30% para la soja y 15% para el resto<\/strong>. Es decir, aquellas econom\u00edas regionales que no pagaban retenciones pasar\u00e1n a hacerlo en esa magnitud. Es una contrapartida, dicen en Econom\u00eda, de la fuerte devaluaci\u00f3n del tipo de cambio que, esperan, acelerar\u00e1 exportaciones y liquidaci\u00f3n de divisas hasta fin de a\u00f1o. Creen que podr\u00eda haber unos&nbsp;<strong>USD 5.000 millones<\/strong>, que est\u00e1n en conversaciones con las cerealeras.<\/p>\n\n\n\n<p>En el campo, claro, no lo ven con buenos ojos. \u201cCon el 50-50 que hab\u00eda hasta una semanas (liquidaciones 50% al MULC y 50% al contado con liqui) ofrec\u00edan unos $240.000 por toneladas. Eso mismo ma\u00f1ana va a valar unos 256.000 pesos. Con la suba que habr\u00e1 en los fletes e insumos m\u00e1s inflaci\u00f3n vamos a salir hechos o empezaremos a perder plata\u201d, calcul\u00f3 un hombre de campo luego de los anuncios.<\/p>\n\n\n\n<p>El comercio exterior pasar\u00e1 a tener tipos de cambio diferenciados. Las exportaciones, por ejemplo, pasar\u00e1n a ser liquidadas, en todos los casos, con un\u00a0<strong>esquema de 80-20<\/strong>: la mayor parte a valor del d\u00f3lar oficial ($800) y el 20% restante, a contado con liquidaci\u00f3n. Dar\u00eda as\u00ed un\u00a0<strong>d\u00f3lar a $860<\/strong>. Al contar las retenciones, se ir\u00eda a $760.<\/p>\n\n\n\n<p>Las compras al exterior, por su parte, pagar\u00e1n en la mayor parte un&nbsp;<strong>17,5% de al\u00edcuota de impuesto PAIS<\/strong>, ya sea para importaciones de bienes como de servicios. Tendr\u00e1n un tipo de cambio de&nbsp;<strong>$940<\/strong>, confirmaron fuentes oficiales.<\/p>\n\n\n\n<p><img decoding=\"async\" loading=\"lazy\" alt=\"Todas las exportaciones pagar\u00e1n 15% de retenciones, salvo la soja que quedar\u00e1 en 30%. REUTERS \" height=\"492\" width=\"800\" src=\"https:\/\/www.infobae.com\/new-resizer\/pCIEgFrkCN_GPOJBPvbWy9mOf_g=\/992x606\/filters:format(webp):quality(85)\/cloudfront-us-east-1.images.arcpublishing.com\/infobae\/UFKYQWPGUYA3NWXXTJMSUFNYG4.jpg%20992w\" srcset=\"https:\/\/www.infobae.com\/new-resizer\/pCIEgFrkCN_GPOJBPvbWy9mOf_g=\/992x606\/filters:format(webp):quality(85)\/cloudfront-us-east-1.images.arcpublishing.com\/infobae\/UFKYQWPGUYA3NWXXTJMSUFNYG4.jpg 992w\">Todas las exportaciones pagar\u00e1n 15% de retenciones, salvo la soja que quedar\u00e1 en 30%. REUTERS<\/p>\n\n\n\n<p>El plan que empezar\u00e1 a aplicar el ministro de Econom\u00eda\u00a0<strong>Luis Caputo\u00a0<\/strong>incluir\u00e1 medidas m\u00e1s all\u00e1 de las 10 que anunci\u00f3 este martes por la tarde. El objetivo de fondo ser\u00e1 llegar a un equilibrio fiscal en el primer a\u00f1o de Gobierno mediante medidas de shock, con una devaluaci\u00f3n que lleve el tipo de cambio oficial a 800 pesos con\u00a0<strong>dos \u201canclas\u201d<\/strong>: la fuerte poda de gastos y un precio del d\u00f3lar que se mover\u00e1 muy lentamente tras ese salto, a ritmo de\u00a0<strong>2% mensual<\/strong>. El equipo econ\u00f3mico prev\u00e9 una aceleraci\u00f3n de los precios inicial para que desde el tercer o cuarto mes del programa, la carrera nominal empiece a frenar.<\/p>\n\n\n\n<p>Para ese programa fiscal agresivo el Gobierno piensa un esquema de tenaza compuesto por un baja dr\u00e1stica de algunos gastos y la suba de ingresos fiscales. Hay una distinci\u00f3n entre las dos patas de ese programa: la parte de la poda no requiere autorizaci\u00f3n del Congreso y podr\u00e1 ser operada directamente por el Ministerio de Econom\u00eda, mientras que las medidas para reforzar la recaudaci\u00f3n necesitar\u00e1n, en su mayor\u00eda, el visto bueno del parlamento.<\/p>\n\n\n\n<h2>El plan \u201ctenaza\u201d para borrar el d\u00e9ficit<\/h2>\n\n\n\n<p>El ajuste del primer a\u00f1o del Gobierno de<strong>&nbsp;Javier Milei&nbsp;<\/strong>se estima en 5,2% del PBI, de manera tal de llegar pr\u00e1cticamente a equilibrio financiero en 2024. De ese total a ajustar hay 2,9 puntos del PBI que est\u00e1n explicados en recorte de gastos. Subsidios y obra p\u00fablica son las columnas principales de esa poda (0,7% del PBI en cada caso).<\/p>\n\n\n\n<p>Sobre subsidios, el plan de Caputo es activar un recorte a las subvenciones desde febrero -a m\u00e1s tardar en abril-, con aumentos que todav\u00eda no fueron estipulados. En t\u00e9rminos generales, buscar\u00e1n&nbsp;<strong>mantener una segmentaci\u00f3n<\/strong>&nbsp;en la que los sectores de mayores ingresos dejen de tener asistencia del Estado, un sector medio con un tope estricto de consumo y una parte m\u00e1s protegida con tarifa social. Fuentes oficiales aseguraron que sostendr\u00e1n las audiencias p\u00fablicas, un requerimiento por ley.<\/p>\n\n\n\n<p>La obra p\u00fablica sufrir\u00e1 un corte abrupto para el financiamiento con fondos p\u00fablicos de proyectos que est\u00e9n aprobados pero no est\u00e9n iniciados. Esos quedar\u00e1n completamente descartados. Entre los que ya est\u00e9n iniciados, Econom\u00eda&nbsp;<strong>\u201cbajar\u00e1\u201d cu\u00e1l es el presupuesto<\/strong>&nbsp;a disposici\u00f3n del Ministerio de Infraestructura y&nbsp;<strong>Guillermo Ferraro<\/strong>&nbsp;deber\u00e1 elegir qu\u00e9 obras se terminan y cu\u00e1les quedar\u00e1n truncas. Y por \u00faltimo, aquellos proyectos con financiamiento externo, continuar\u00e1n funcionando con ese fondeo.<\/p>\n\n\n\n<p>Otros dos elementos centrales de ese ajuste ser\u00e1n los 0,5% del PBI que dar\u00e1n la disminuci\u00f3n \u201cal m\u00ednimo\u201d de las&nbsp;<strong>transferencias discrecionales<\/strong>&nbsp;a provincias y un 0,5% adicional de \u201cgastos de funcionamiento\u201d del Estado, que t\u00edpicamente representa las erogaciones en salarios del sector p\u00fablico. En el equipo econ\u00f3mico distinguen el&nbsp;<strong>gasto social \u201ccon intermediarios\u201d<\/strong>&nbsp;con los que no lo tienen. Para ese caso, que podr\u00eda incluir por ejemplo Potenciar Trabajo, habr\u00eda un ahorro de 0,4%, mientras que el rubro Jubilaciones y pensiones tambi\u00e9n tendr\u00e1 un recorte de 0,4 por ciento.<\/p>\n\n\n\n<p><img decoding=\"async\" loading=\"lazy\" alt=\"El Gobierno de Milei descongelar\u00e1 tarifas desde febrero (Adri\u00e1n Escandar)\" height=\"1080\" width=\"1920\" src=\"https:\/\/www.infobae.com\/new-resizer\/upyk5REfMrv-RQsi3d6OivXl1Lc=\/420x236\/filters:format(webp):quality(85)\/cloudfront-us-east-1.images.arcpublishing.com\/infobae\/DUU5SHC5VJGVVKMA722F6LWLHE.jpg%20420w\" srcset=\"https:\/\/www.infobae.com\/new-resizer\/upyk5REfMrv-RQsi3d6OivXl1Lc=\/420x236\/filters:format(webp):quality(85)\/cloudfront-us-east-1.images.arcpublishing.com\/infobae\/DUU5SHC5VJGVVKMA722F6LWLHE.jpg 420w,https:\/\/www.infobae.com\/new-resizer\/qy0W_gq3iIE9f1xzX36xixVU3bg=\/768x432\/filters:format(webp):quality(85)\/cloudfront-us-east-1.images.arcpublishing.com\/infobae\/DUU5SHC5VJGVVKMA722F6LWLHE.jpg 768w,https:\/\/www.infobae.com\/new-resizer\/2-f41DqiKMpcF047u4GiIAMoy_4=\/992x558\/filters:format(webp):quality(85)\/cloudfront-us-east-1.images.arcpublishing.com\/infobae\/DUU5SHC5VJGVVKMA722F6LWLHE.jpg 992w,https:\/\/www.infobae.com\/new-resizer\/ekix3f3XFNl7xOntGimMRBs48rY=\/1200x675\/filters:format(webp):quality(85)\/cloudfront-us-east-1.images.arcpublishing.com\/infobae\/DUU5SHC5VJGVVKMA722F6LWLHE.jpg 1200w,https:\/\/www.infobae.com\/new-resizer\/jZBfRscqyJsW2oU5c888LS3ypC0=\/1440x810\/filters:format(webp):quality(85)\/cloudfront-us-east-1.images.arcpublishing.com\/infobae\/DUU5SHC5VJGVVKMA722F6LWLHE.jpg 1440w\">El Gobierno de Milei descongelar\u00e1 tarifas desde febrero (Adri\u00e1n Escandar)<\/p>\n\n\n\n<p>El \u00fanico gasto que subir\u00e1 durante el 2024 es el de la Asignaci\u00f3n Universal por Hijo y Tarjeta Alimentar, que tendr\u00e1n<strong>&nbsp;subas de 100% y 50%<\/strong>&nbsp;respectivamente de manera inmediata para amortiguar el impacto inicial del plan econ\u00f3mico de Milei. \u201c<strong>Sobreexageramos el ajuste<\/strong>&nbsp;en otras partidas para tener este colch\u00f3n de ayuda social\u201d, explic\u00f3 una fuente oficial.<\/p>\n\n\n\n<p>Un asterisco interesante es que habr\u00eda, en esa hoja de ruta de Caputo y compa\u00f1\u00eda, una reversi\u00f3n del cambio en el impuesto a las Ganancias que hizo Sergio Massa durante la campa\u00f1a, que eximi\u00f3 del pago de ese tributo sobre los salarios de la mayor\u00eda de los que estaban alcanzados. Si eso prosperara, representar\u00eda ingresos extra por 0,4% del PBI.<\/p>\n\n\n\n<h2>Importaciones, deuda comercial y Leliq<\/h2>\n\n\n\n<p>Otro paso inmediato del plan Milei\/Caputo tiene que ver con las importaciones. El equipo econ\u00f3mico&nbsp;<strong>eliminar\u00e1 las SIRAs&nbsp;<\/strong>del sistema de autorizaci\u00f3n anterior, las habilitaciones pasar\u00e1n a ser&nbsp;<strong>enteramente autom\u00e1ticas&nbsp;<\/strong>-hab\u00eda dudas sobre si se mantendr\u00edan una porci\u00f3n de licencias no autom\u00e1ticas- aunque sostendr\u00e1n un plazo de giro de divisas para el pago a los proveedores.<\/p>\n\n\n\n<p>Respecto a la&nbsp;<strong>deuda comercial<\/strong>&nbsp;de importadores, que fuentes privadas estiman por encima de los&nbsp;<strong>USD 40.000 millones<\/strong>, la Secretar\u00eda de Comercio iniciar\u00e1 un registro para pasar en limpio si parte de esa deuda corresponde a importadores que en realidad ya saldaron ese pasivo y buscaron pulsear por d\u00f3lares baratos a precio oficial o si es deuda intrafirma.<\/p>\n\n\n\n<p>Para los casos que superen ese filtro, el Banco Central anunciar\u00e1 que emitir\u00e1&nbsp;<strong>bonos a suscribir en pesos<\/strong>&nbsp;por el monto de su deuda para que los deudores puedan ir a accediendo a divisas para cancelarlos. Los detalles operativos se conocer\u00e1n este mi\u00e9rcoles por parte de la autoridad monetaria.<\/p>\n\n\n\n<p>Una idea que\u00a0<strong>parece haber perdido fuerza<\/strong>\u00a0en el equipo econ\u00f3mico es si habr\u00e1 una medida espec\u00edfica para terminar los\u00a0<strong>pasivos remunerados<\/strong>\u00a0del BCRA, como las Leliq y los pases pasivos. En el Ministerio de Econom\u00eda creen que el conjunto de medidas que tomar\u00e1n en lo inmediato preparar\u00e1n el terreno para que ese stock tienda a reducirse. No habr\u00eda, a priori, una soluci\u00f3n que\u00a0<strong>involucre al Tesoro<\/strong>\u00a0como emisor de deuda.<\/p>\n\n\n\n<p>fuente:  infobae<\/p>\n","protected":false},"excerpt":{"rendered":"<div class=\"mh-excerpt\"><p>El Gobierno aplicar\u00e1 un plan econ\u00f3mico inmediato que incluir\u00e1 un\u00a0recorte de subsidios desde febrero\u00a0para luz y gas, la\u00a0eliminaci\u00f3n r\u00e1pida del sistema SIRA\u00a0de autorizaci\u00f3n de importaciones, y una\u00a0suba generalizada de retenciones, que pasar\u00e1n a tener una\u00a0al\u00edcuota de 15%\u00a0para todos los productos salvo la soja que pagar\u00e1 30 por ciento. El Poder Ejecutivo reconoce que el impacto de las medidas ser\u00e1\u00a0fuertemente contractivo\u00a0para la actividad econ\u00f3mica y que habr\u00e1\u00a0dos o tres meses de \u00edndices inflacionarios mucho m\u00e1s altos\u00a0que el actual. Uno de las medidas que le dar\u00e1 ingresos fundamentales al fisco ser\u00e1 la suba generalizada de derechos de exportaci\u00f3n, que quedar\u00e1 simplificado en <a class=\"mh-excerpt-more\" href=\"http:\/\/dsrmedios.com.ar\/diario\/archivos\/42271\" title=\"Todas las exportaciones de econom\u00edas regionales, carne, ma\u00edz, industria, servicios y petr\u00f3leo comenzar\u00e1n a pagar el 15% de retenciones\">[Leer m\u00e1s]<\/a><\/p>\n<\/div>","protected":false},"author":8,"featured_media":42272,"comment_status":"open","ping_status":"closed","sticky":false,"template":"","format":"standard","meta":{"_jetpack_newsletter_access":""},"categories":[6],"tags":[],"jetpack_featured_media_url":"http:\/\/dsrmedios.com.ar\/diario\/wp-content\/uploads\/2023\/12\/descarga-14.jpeg","jetpack_sharing_enabled":true,"jetpack_shortlink":"https:\/\/wp.me\/p9fihK-aZN","_links":{"self":[{"href":"http:\/\/dsrmedios.com.ar\/diario\/wp-json\/wp\/v2\/posts\/42271"}],"collection":[{"href":"http:\/\/dsrmedios.com.ar\/diario\/wp-json\/wp\/v2\/posts"}],"about":[{"href":"http:\/\/dsrmedios.com.ar\/diario\/wp-json\/wp\/v2\/types\/post"}],"author":[{"embeddable":true,"href":"http:\/\/dsrmedios.com.ar\/diario\/wp-json\/wp\/v2\/users\/8"}],"replies":[{"embeddable":true,"href":"http:\/\/dsrmedios.com.ar\/diario\/wp-json\/wp\/v2\/comments?post=42271"}],"version-history":[{"count":1,"href":"http:\/\/dsrmedios.com.ar\/diario\/wp-json\/wp\/v2\/posts\/42271\/revisions"}],"predecessor-version":[{"id":42273,"href":"http:\/\/dsrmedios.com.ar\/diario\/wp-json\/wp\/v2\/posts\/42271\/revisions\/42273"}],"wp:featuredmedia":[{"embeddable":true,"href":"http:\/\/dsrmedios.com.ar\/diario\/wp-json\/wp\/v2\/media\/42272"}],"wp:attachment":[{"href":"http:\/\/dsrmedios.com.ar\/diario\/wp-json\/wp\/v2\/media?parent=42271"}],"wp:term":[{"taxonomy":"category","embeddable":true,"href":"http:\/\/dsrmedios.com.ar\/diario\/wp-json\/wp\/v2\/categories?post=42271"},{"taxonomy":"post_tag","embeddable":true,"href":"http:\/\/dsrmedios.com.ar\/diario\/wp-json\/wp\/v2\/tags?post=42271"}],"curies":[{"name":"wp","href":"https:\/\/api.w.org\/{rel}","templated":true}]}}