{"id":42255,"date":"2023-12-13T10:08:59","date_gmt":"2023-12-13T13:08:59","guid":{"rendered":"http:\/\/dsrmedios.com.ar\/diario\/?p=42255"},"modified":"2023-12-13T10:09:01","modified_gmt":"2023-12-13T13:09:01","slug":"los-economistas-analizaron-el-impacto-de-las-medidas-de-caputo-con-el-foco-en-la-inflacion-y-la-recesion","status":"publish","type":"post","link":"http:\/\/dsrmedios.com.ar\/diario\/archivos\/42255","title":{"rendered":"Los economistas analizaron el impacto de las medidas de Caputo con el foco en la inflaci\u00f3n y la recesi\u00f3n"},"content":{"rendered":"\n<p>Las medidas que\u00a0<a rel=\"noreferrer noopener\" href=\"https:\/\/www.infobae.com\/economia\/2023\/12\/12\/una-por-una-las-10-medidas-que-anuncio-el-ministro-luis-caputo\/\" target=\"_blank\">anunci\u00f3 ayer el ministro de Econom\u00eda<\/a>, Luis \u201cToto\u201d Caputo, generaron r\u00e1pidamente\u00a0<strong>un gran n\u00famero reacciones\u00a0<\/strong>en todos los sectores de la econom\u00eda, ante el fuerte impacto que tendr\u00e1n no solo para macroeconom\u00eda del pa\u00eds, pero principalmente para la vida cotidiana.<\/p>\n\n\n\n<p>En ese marco, cuatro de los principales economistas del pa\u00eds dieron su visi\u00f3n respecto del anuncio de Caputo, que<a rel=\"noreferrer noopener\" href=\"https:\/\/www.infobae.com\/politica\/2023\/12\/13\/la-reduccion-de-los-subsidios-a-los-servicios-y-al-transporte-comenzara-a-regir-el-1-de-enero\/\" target=\"_blank\">&nbsp;hoy ratific\u00f3 el vocero presidencial<\/a>, Manuel Adorni, y pusieron el foco, principalmente, en la inflaci\u00f3n y la recesi\u00f3n que sufrir\u00e1 el pa\u00eds en los pr\u00f3ximos meses.<\/p>\n\n\n\n<p><strong>Mart\u00edn Redrado, Carlos Melconian, Enrique Szewach y Gabriel Rubinstein<\/strong>, reciente viceministro de Econom\u00eda, analizaron la presentaci\u00f3n general que hizo el ministro ayer, y advirtieron por los efectos que pueden producir las medidas en el corto plazo<\/p>\n\n\n\n<h2>Enrique Szewach: \u201cEs un ajuste brutal, un ajuste brutalmente ortodoxo\u201d<\/h2>\n\n\n\n<p>El exdirector del Banco Central, Enrique Szewach, asegur\u00f3 que las medidas econ\u00f3micas que anunci\u00f3 Caputo son un \u201cajuste brutal\u201d, aunque dijo que \u201chay que entender las circunstancias\u201d.<\/p>\n\n\n\n<p>\u201cEs un ajuste brutal, no es un ajuste ortodoxo. O, en todo caso, es un ajuste brutalmente ortodoxo. Hay que entender las circunstancias: el diagn\u00f3stico que dio el presidente Milei, estemos de acuerdo o no, fue \u2018heredamos una inflaci\u00f3n del 15.000% anual, tenemos que evitar la hiperinflaci\u00f3n. Y para eso, tenemos un programa de emergencia que es el que acaba de anunciar el ministro Caputo\u2019. En un programa de emergencia, cuando vos ten\u00e9s este diagn\u00f3stico, es un ajuste fiscal machazo, dec\u00eda un amigo m\u00edo\u201d, afirm\u00f3.<\/p>\n\n\n\n<p><img decoding=\"async\" loading=\"lazy\" alt=\"Enrique Szewach, ex director del Banco Central\" height=\"1079\" width=\"1920\" src=\"https:\/\/www.infobae.com\/new-resizer\/y-d8pGYxSwBZtJ58p_gPq2nYifg=\/420x236\/filters:format(webp):quality(85)\/cloudfront-us-east-1.images.arcpublishing.com\/infobae\/APSS7F3P5BBM3FQIV4FB6IMLQA.JPG%20420w\" srcset=\"https:\/\/www.infobae.com\/new-resizer\/y-d8pGYxSwBZtJ58p_gPq2nYifg=\/420x236\/filters:format(webp):quality(85)\/cloudfront-us-east-1.images.arcpublishing.com\/infobae\/APSS7F3P5BBM3FQIV4FB6IMLQA.JPG 420w,https:\/\/www.infobae.com\/new-resizer\/0IDfMJM3IqQAMT3peXJtFGBQ_dM=\/768x432\/filters:format(webp):quality(85)\/cloudfront-us-east-1.images.arcpublishing.com\/infobae\/APSS7F3P5BBM3FQIV4FB6IMLQA.JPG 768w,https:\/\/www.infobae.com\/new-resizer\/O-jnhxVAKmWbZ3vD29w1jtzKJUE=\/992x558\/filters:format(webp):quality(85)\/cloudfront-us-east-1.images.arcpublishing.com\/infobae\/APSS7F3P5BBM3FQIV4FB6IMLQA.JPG 992w,https:\/\/www.infobae.com\/new-resizer\/BMXcJhcHKPQzCjLyINMBHu5fPm4=\/1200x675\/filters:format(webp):quality(85)\/cloudfront-us-east-1.images.arcpublishing.com\/infobae\/APSS7F3P5BBM3FQIV4FB6IMLQA.JPG 1200w,https:\/\/www.infobae.com\/new-resizer\/VO_e0qBxQS75H6RF4xgmBIkGPsU=\/1440x810\/filters:format(webp):quality(85)\/cloudfront-us-east-1.images.arcpublishing.com\/infobae\/APSS7F3P5BBM3FQIV4FB6IMLQA.JPG 1440w\">Enrique Szewach, ex director del Banco Central<\/p>\n\n\n\n<p>En di\u00e1logo con Marcelo Longobardi en radio Rivadavia, Szewach advirti\u00f3 que habr\u00e1 \u201c<strong>meses de fuerte recesi\u00f3n y fuerte inflaci\u00f3n\u201d&nbsp;<\/strong>y que eso tendr\u00e1<strong>&nbsp;\u201cefectos para los importadores, para los jubilados, para los que reciben el plan Potenciar, para las empresas de obras p\u00fablicas\u201d.<\/strong><\/p>\n\n\n\n<p>Szewach revel\u00f3 que anoche particip\u00f3 de una reuni\u00f3n organizada por Caputo a la que convoo\u00f3 a varios economistas para dar detalles del plan que se implementar\u00e1 en las pr\u00f3ximas semanas. \u201cLa explicaci\u00f3n que dio el ministro fue que sus asesores p\u00fablicos le pidieron que hablara solamente para la gente, que diera solo los t\u00edtulos a la gente para no marearla\u201d, cont\u00f3 el economista al ser consultado sobre las caracter\u00edsticas del anuncio grabado de Caputo.<\/p>\n\n\n\n<h2>Melconian advierte por el aumento de la inflaci\u00f3n<\/h2>\n\n\n\n<p>Carlos Melconian, quien iba a ser ministro de Econom\u00eda en un eventual gobierno de Patricia Bullrich, advirti\u00f3 que lo m\u00e1s preocupante tras los anuncios es el tema de la inflaci\u00f3n.<\/p>\n\n\n\n<p><\/p>\n\n\n\n<p>\u201cSe ha cambiado la motosierra por la licuadora. La pregunta central que hay detr\u00e1s de lo anunciado hasta ac\u00e1 es cu\u00e1nto da la inflaci\u00f3n y cu\u00e1nto da la recesi\u00f3n. Hoy estoy m\u00e1s preocupado por el tema de la inflaci\u00f3n, porque va a venir por arriba de lo que me imaginaba, porque no me imaginaba semejante saque cambiario. No me lo imaginaba porque en nuestra estrategia ten\u00edamos un r\u00e9gimen cambiario alternativo a esto\u201d, afirm\u00f3.<\/p>\n\n\n\n<p>En declaraciones a radio Mitre. el ex titular del Banco Naci\u00f3n dijo que tras los anuncios de Caputo \u201ch<strong>a quedado abierto un conjunto de riesgos\u201d<\/strong><\/p>\n\n\n\n<p>\u201cHay un riesgo de tipo de cambio: tenemos que ver que no se escape pero que tampoco se atrase, hay un riesgo inflacionario y por supuesto ac\u00e1 falta la heterodoxia salarial. El plan israel\u00ed y cualquier plan mirar para otro lado salarialmente no alcanza\u201d, advirti\u00f3.<\/p>\n\n\n\n<p><img decoding=\"async\" loading=\"lazy\" alt=\"Carlos Melconian advirti\u00f3 por la inflaci\u00f3n. Foto: Matias Arbotto\" height=\"1280\" width=\"1920\" src=\"https:\/\/www.infobae.com\/new-resizer\/4vqf1g3zeliYk9wqd9ySUXdDFlY=\/420x280\/filters:format(webp):quality(85)\/cloudfront-us-east-1.images.arcpublishing.com\/infobae\/76WSFGEAARCX3I2LVVD6ZCLZO4.jpg%20420w\" srcset=\"https:\/\/www.infobae.com\/new-resizer\/4vqf1g3zeliYk9wqd9ySUXdDFlY=\/420x280\/filters:format(webp):quality(85)\/cloudfront-us-east-1.images.arcpublishing.com\/infobae\/76WSFGEAARCX3I2LVVD6ZCLZO4.jpg 420w,https:\/\/www.infobae.com\/new-resizer\/802pm6PQC8RNLtzQYC3OfHP77dE=\/768x512\/filters:format(webp):quality(85)\/cloudfront-us-east-1.images.arcpublishing.com\/infobae\/76WSFGEAARCX3I2LVVD6ZCLZO4.jpg 768w,https:\/\/www.infobae.com\/new-resizer\/gwLiQOjJUIXZ65cGLqoCcvyvLGQ=\/992x661\/filters:format(webp):quality(85)\/cloudfront-us-east-1.images.arcpublishing.com\/infobae\/76WSFGEAARCX3I2LVVD6ZCLZO4.jpg 992w,https:\/\/www.infobae.com\/new-resizer\/KPCQTBgkL7GMkbjx1uDkcIDcoi8=\/1200x800\/filters:format(webp):quality(85)\/cloudfront-us-east-1.images.arcpublishing.com\/infobae\/76WSFGEAARCX3I2LVVD6ZCLZO4.jpg 1200w,https:\/\/www.infobae.com\/new-resizer\/37tEoOn3LlzWSLr6sOHy_k5BWs4=\/1440x960\/filters:format(webp):quality(85)\/cloudfront-us-east-1.images.arcpublishing.com\/infobae\/76WSFGEAARCX3I2LVVD6ZCLZO4.jpg 1440w\">Carlos Melconian advirti\u00f3 por la inflaci\u00f3n. Foto: Matias Arbotto<\/p>\n\n\n\n<p>En ese sentido, dijo que el Gobierno deber\u00e1 dar alguna se\u00f1al en cuanto al tema salarial: \u201cEn el camino transitorio en el que estamos ac\u00e1 va a venir algo salarial, no tengo ninguna duda, un paliativo, algo. Todos estos programas en el durante tienen una pata heterodoxa. Si vos no ten\u00e9s verg\u00fcenza en ir para atr\u00e1s con la dolarizaci\u00f3n, si no ten\u00e9s verg\u00fcenza en cambiar motosierra por licuadora, y no ten\u00e9s verg\u00fcenza en ir por un aumento de la demanda de pesos que quer\u00edas enterrar, tampoco te tiene que temblar el pulso por la heterodoxia salarial\u201d.<\/p>\n\n\n\n<h2>Mart\u00edn Redrado: \u201cNo es un programa integral que nos d\u00e9 previsibilidad\u201d<\/h2>\n\n\n\n<p>El ex titular del Banco Central Mart\u00edn Redrado advirti\u00f3 que los anuncios de Caputo \u201cno dan previsibilidad a la Argentina\u201d y dijo que son \u201cun&nbsp;<strong>conjunto de medidas de emergencia porque no est\u00e1 dando un horizonte quiz\u00e1s hasta un a\u00f1o\u201d.<\/strong><\/p>\n\n\n\n<p>\u201cTenemos un conjunto de medidas que no le brindan previsibilidad a la Argentina. Un programa econ\u00f3mico lo que busca es darle previsibilidad en materia de precios, en materia cambiaria y se ha quedado solo en una parte que es buscar el ajuste fiscal. No es un programa integral que nos d\u00e9 previsibilidad, lo llamar\u00eda conjunto de medidas de emergencia porque no est\u00e1 dando un horizonte quiz\u00e1s hasta un a\u00f1o, no hay medidas estructurales para darle un horizonte a los sectores productivos que les permita producir y crecer\u201d, afirm\u00f3.<\/p>\n\n\n\n<p><img decoding=\"async\" loading=\"lazy\" alt=\"Latam Economic Forum: bajo el lema \u201cD\u00f3nde estamos, hacia d\u00f3nde vamos\u201d, comenz\u00f3 la novena edici\u00f3n de evento solidario\nEntre los oradores se destaca el candidato presidencial Javier Milei. Tambi\u00e9n, Jos\u00e9 Ignacio De Mendiguren, Marina Dal Poggeto, Diana Mondino, Mart\u00edn Redrado y Dar\u00edo Epstein (Adri\u00e1n Escandar)\" height=\"1080\" width=\"1920\" src=\"https:\/\/www.infobae.com\/new-resizer\/EQV_y8gNovq0LxBmWTF9hHyzRU4=\/420x236\/filters:format(webp):quality(85)\/cloudfront-us-east-1.images.arcpublishing.com\/infobae\/O5WK6BXIXVA6FLMHGOHKJL5DMA.jpg%20420w\" srcset=\"https:\/\/www.infobae.com\/new-resizer\/EQV_y8gNovq0LxBmWTF9hHyzRU4=\/420x236\/filters:format(webp):quality(85)\/cloudfront-us-east-1.images.arcpublishing.com\/infobae\/O5WK6BXIXVA6FLMHGOHKJL5DMA.jpg 420w,https:\/\/www.infobae.com\/new-resizer\/AaDpolgzPo-7OcgF-FXcu6eMOeg=\/768x432\/filters:format(webp):quality(85)\/cloudfront-us-east-1.images.arcpublishing.com\/infobae\/O5WK6BXIXVA6FLMHGOHKJL5DMA.jpg 768w,https:\/\/www.infobae.com\/new-resizer\/CKgF9m5n6_PqBRt-_-7iyX8Ujcw=\/992x558\/filters:format(webp):quality(85)\/cloudfront-us-east-1.images.arcpublishing.com\/infobae\/O5WK6BXIXVA6FLMHGOHKJL5DMA.jpg 992w,https:\/\/www.infobae.com\/new-resizer\/uAyWMrtIV0v2t9UoQKeJr3iQRYo=\/1200x675\/filters:format(webp):quality(85)\/cloudfront-us-east-1.images.arcpublishing.com\/infobae\/O5WK6BXIXVA6FLMHGOHKJL5DMA.jpg 1200w,https:\/\/www.infobae.com\/new-resizer\/aD8yoLCJEm1OeNOv1m2A_M036DM=\/1440x810\/filters:format(webp):quality(85)\/cloudfront-us-east-1.images.arcpublishing.com\/infobae\/O5WK6BXIXVA6FLMHGOHKJL5DMA.jpg 1440w\">Latam Economic Forum: bajo el lema \u201cD\u00f3nde estamos, hacia d\u00f3nde vamos\u201d, comenz\u00f3 la novena edici\u00f3n de evento solidario Entre los oradores se destaca el candidato presidencial Javier Milei. Tambi\u00e9n, Jos\u00e9 Ignacio De Mendiguren, Marina Dal Poggeto, Diana Mondino, Mart\u00edn Redrado y Dar\u00edo Epstein (Adri\u00e1n Escandar)<\/p>\n\n\n\n<p>En declaraciones con radio Urbana Play, el economista explic\u00f3 que \u201ces un ajuste de 5 puntos del producto que est\u00e1 compuesto en un 60% de un recorte del gasto y el 40% del paquete es aumento de ingresos con impuestos como retenciones, Impuesto pa\u00eds, la vuelta de ganancias que tiene que ir al Congreso. Tambi\u00e9n se plantea un blanqueo, una moratoria\u201d.<\/p>\n\n\n\n<p>\u201cHay quita de subsidios, eso quiere decir que&nbsp;<strong>el ajuste no lo est\u00e1 pagando la pol\u00edtica sino que lo est\u00e1 pagando la gente<\/strong>&nbsp;que va a pagar m\u00e1s el colectivo, la luz y el gas. Tambi\u00e9n&nbsp;<strong>hay licuaci\u00f3n por inflaci\u00f3n de los salarios del sector p\u00fablico<\/strong>, que aparentemente quedan congelados\u201d, asegur\u00f3.<\/p>\n\n\n\n<h2>Rubinstein: \u201cPrimero era la casta pero finalmente el ajuste lo paga la gente\u201d<\/h2>\n\n\n\n<p>El ex viceministro de Econom\u00eda de Sergio Massa, Gabriel Rubinstein, destac\u00f3 la \u201cracionalidad\u201d de las medidas econ\u00f3micas anunciadas ayer por el Gobierno, y apunt\u00f3 contra el discurso de campa\u00f1a de La Libertad Avanza (LLA): \u201cPrimero era la casta pero finalmente el ajuste lo paga la gente, cosa que era un poco inevitable\u201d.<\/p>\n\n\n\n<p>En sus primeras observaciones sobre el plan econ\u00f3mico, Rubinstein se\u00f1al\u00f3 que hubo \u201ccontradicciones y desprolijidades\u201d en las primeras horas del Gobierno de Javier Milei hasta que \u201cLa Realidad Avanza\u201d (sic). \u201cHubo m\u00e1s realismo en el cuadro del Ministerio de Econom\u00eda que se public\u00f3\u201d, dijo en di\u00e1logo con Urbana Play, al se\u00f1alar el impacto que tendr\u00e1n las medidas en el equilibrio fiscal, aunque advirti\u00f3 \u201cel \u00e9xito t\u00e9cnico de la devaluaci\u00f3n es que no suba el d\u00f3lar paralelo y eso no est\u00e1 muy claro\u201d.<\/p>\n\n\n\n<p>Seg\u00fan el ex n\u00famero 2 de Sergio Massa, se supo que \u201clo de la casta es completamente simb\u00f3lico\u201d. \u201cTodas las medidas de ajuste son impositivas, de baja de subsidios y jubilaciones\u201d, indic\u00f3 Rubinstein, y concluy\u00f3: \u201cSi quer\u00e9s ordenar las cuentas fiscales, era un poco inevitable tener que aumentar impuestos\u201d.<\/p>\n\n\n\n<p>Fuente: Infobae<\/p>\n","protected":false},"excerpt":{"rendered":"<div class=\"mh-excerpt\"><p>Las medidas que\u00a0anunci\u00f3 ayer el ministro de Econom\u00eda, Luis \u201cToto\u201d Caputo, generaron r\u00e1pidamente\u00a0un gran n\u00famero reacciones\u00a0en todos los sectores de la econom\u00eda, ante el fuerte impacto que tendr\u00e1n no solo para macroeconom\u00eda del pa\u00eds, pero principalmente para la vida cotidiana. En ese marco, cuatro de los principales economistas del pa\u00eds dieron su visi\u00f3n respecto del anuncio de Caputo, que&nbsp;hoy ratific\u00f3 el vocero presidencial, Manuel Adorni, y pusieron el foco, principalmente, en la inflaci\u00f3n y la recesi\u00f3n que sufrir\u00e1 el pa\u00eds en los pr\u00f3ximos meses. Mart\u00edn Redrado, Carlos Melconian, Enrique Szewach y Gabriel Rubinstein, reciente viceministro de Econom\u00eda, analizaron la presentaci\u00f3n <a class=\"mh-excerpt-more\" href=\"http:\/\/dsrmedios.com.ar\/diario\/archivos\/42255\" title=\"Los economistas analizaron el impacto de las medidas de Caputo con el foco en la inflaci\u00f3n y la recesi\u00f3n\">[Leer m\u00e1s]<\/a><\/p>\n<\/div>","protected":false},"author":8,"featured_media":42256,"comment_status":"open","ping_status":"closed","sticky":false,"template":"","format":"standard","meta":{"_jetpack_newsletter_access":""},"categories":[6],"tags":[],"jetpack_featured_media_url":"http:\/\/dsrmedios.com.ar\/diario\/wp-content\/uploads\/2023\/12\/unnamed.jpg","jetpack_sharing_enabled":true,"jetpack_shortlink":"https:\/\/wp.me\/p9fihK-aZx","_links":{"self":[{"href":"http:\/\/dsrmedios.com.ar\/diario\/wp-json\/wp\/v2\/posts\/42255"}],"collection":[{"href":"http:\/\/dsrmedios.com.ar\/diario\/wp-json\/wp\/v2\/posts"}],"about":[{"href":"http:\/\/dsrmedios.com.ar\/diario\/wp-json\/wp\/v2\/types\/post"}],"author":[{"embeddable":true,"href":"http:\/\/dsrmedios.com.ar\/diario\/wp-json\/wp\/v2\/users\/8"}],"replies":[{"embeddable":true,"href":"http:\/\/dsrmedios.com.ar\/diario\/wp-json\/wp\/v2\/comments?post=42255"}],"version-history":[{"count":1,"href":"http:\/\/dsrmedios.com.ar\/diario\/wp-json\/wp\/v2\/posts\/42255\/revisions"}],"predecessor-version":[{"id":42257,"href":"http:\/\/dsrmedios.com.ar\/diario\/wp-json\/wp\/v2\/posts\/42255\/revisions\/42257"}],"wp:featuredmedia":[{"embeddable":true,"href":"http:\/\/dsrmedios.com.ar\/diario\/wp-json\/wp\/v2\/media\/42256"}],"wp:attachment":[{"href":"http:\/\/dsrmedios.com.ar\/diario\/wp-json\/wp\/v2\/media?parent=42255"}],"wp:term":[{"taxonomy":"category","embeddable":true,"href":"http:\/\/dsrmedios.com.ar\/diario\/wp-json\/wp\/v2\/categories?post=42255"},{"taxonomy":"post_tag","embeddable":true,"href":"http:\/\/dsrmedios.com.ar\/diario\/wp-json\/wp\/v2\/tags?post=42255"}],"curies":[{"name":"wp","href":"https:\/\/api.w.org\/{rel}","templated":true}]}}