{"id":42252,"date":"2023-12-13T10:06:25","date_gmt":"2023-12-13T13:06:25","guid":{"rendered":"http:\/\/dsrmedios.com.ar\/diario\/?p=42252"},"modified":"2023-12-13T10:06:28","modified_gmt":"2023-12-13T13:06:28","slug":"javier-andres-asumio-su-segundo-mandato-como-intendente-de-adolfo-alsina","status":"publish","type":"post","link":"http:\/\/dsrmedios.com.ar\/diario\/archivos\/42252","title":{"rendered":"Javier Andres asumi\u00f3 su segundo mandato como Intendente de Adolfo Alsina"},"content":{"rendered":"\n<h3>El Lic. Javier Andres asumi\u00f3 su segundo mandato como Intendente de Adolfo Alsina ante la Asamblea Legislativa por el per\u00edodo 2023 \u2013 2027, &nbsp;en Sesi\u00f3n Especial del Honorable Concejo Deliberante.<br><br>La misma se llev\u00f3 a cabo en la Casa de la Cultura de Carhu\u00e9 a los 11 d\u00edas del mes de diciembre de 2023.&nbsp;<br><br>Acompa\u00f1aron el juramento: el ex senador provincial, David Hirtz, Consejeros Escolares, autoridades judiciales, autoridades de la polic\u00eda comunal, autoridades de educaci\u00f3n, representantes eclesi\u00e1sticos, representantes de instituciones intermedias, medios de comunicaci\u00f3n y p\u00fablico en general.<br><br>Tras la Sesi\u00f3n Especial, el intendente Javier Andres se dirigi\u00f3 a los presentes en su primer discurso como Jefe Comunal reelecto.<br><br>Posteriormente, procedi\u00f3 a tomar juramento a los Secretarios y Delegados Municipales que lo acompa\u00f1ar\u00e1n en este segundo mandato:<br><br>Secretar\u00eda de Producci\u00f3n y Desarrollo Sostenible: Ariel Oscar Barreiro<br>Secretar\u00eda de Cultura y Educaci\u00f3n: Gisele Paola Caussanel.<br>Secretar\u00eda de Hacienda: Marcos Fabi\u00e1n Ebertz.<br>Secretar\u00eda de Desarrollo Humano: Paola Soledad Freites.<br>Secretar\u00eda de Gobierno: Mart\u00edn Miguel Gavio.&nbsp;<br>Secretar\u00eda de Turismo: Nicol\u00e1s L\u00f3pez.<br>Secretar\u00eda de Seguridad: N\u00e9stor Facundo Olavarr\u00eda.<br>Secretar\u00eda de Salud: Pablo Fernando Vasser.<br>Secretar\u00eda de Obras y Servicios P\u00fablicos: Mariano Sebasti\u00e1n Viberti.<br>Delegado de San Miguel Arc\u00e1ngel: Juan Carlos Baier.<br>Delegada de Rivera: Alba Anah\u00ed Jungblut.<br>Delegado de Gasc\u00f3n: N\u00e9stor Mart\u00edn.<br>Delegada de Leubuc\u00f3: Mar\u00eda Soledad Nassini.<br>Delegado de Villa Maza: Fernando Gabriel Volpe.<\/h3>\n","protected":false},"excerpt":{"rendered":"<div class=\"mh-excerpt\"><p>El Lic. Javier Andres asumi\u00f3 su segundo mandato como Intendente de Adolfo Alsina ante la Asamblea Legislativa por el per\u00edodo 2023 \u2013 2027, &nbsp;en Sesi\u00f3n Especial del Honorable Concejo Deliberante. La misma se llev\u00f3 a cabo en la Casa de la Cultura de Carhu\u00e9 a los 11 d\u00edas del mes de diciembre de 2023.&nbsp; Acompa\u00f1aron el juramento: el ex senador provincial, David Hirtz, Consejeros Escolares, autoridades judiciales, autoridades de la polic\u00eda comunal, autoridades de educaci\u00f3n, representantes eclesi\u00e1sticos, representantes de instituciones intermedias, medios de comunicaci\u00f3n y p\u00fablico en general. Tras la Sesi\u00f3n Especial, el intendente Javier Andres se dirigi\u00f3 a los <a class=\"mh-excerpt-more\" href=\"http:\/\/dsrmedios.com.ar\/diario\/archivos\/42252\" title=\"Javier Andres asumi\u00f3 su segundo mandato como Intendente de Adolfo Alsina\">[Leer m\u00e1s]<\/a><\/p>\n<\/div>","protected":false},"author":8,"featured_media":42253,"comment_status":"open","ping_status":"closed","sticky":false,"template":"","format":"standard","meta":{"_jetpack_newsletter_access":""},"categories":[18,31,5],"tags":[],"jetpack_featured_media_url":"http:\/\/dsrmedios.com.ar\/diario\/wp-content\/uploads\/2023\/12\/2.jpeg","jetpack_sharing_enabled":true,"jetpack_shortlink":"https:\/\/wp.me\/p9fihK-aZu","_links":{"self":[{"href":"http:\/\/dsrmedios.com.ar\/diario\/wp-json\/wp\/v2\/posts\/42252"}],"collection":[{"href":"http:\/\/dsrmedios.com.ar\/diario\/wp-json\/wp\/v2\/posts"}],"about":[{"href":"http:\/\/dsrmedios.com.ar\/diario\/wp-json\/wp\/v2\/types\/post"}],"author":[{"embeddable":true,"href":"http:\/\/dsrmedios.com.ar\/diario\/wp-json\/wp\/v2\/users\/8"}],"replies":[{"embeddable":true,"href":"http:\/\/dsrmedios.com.ar\/diario\/wp-json\/wp\/v2\/comments?post=42252"}],"version-history":[{"count":1,"href":"http:\/\/dsrmedios.com.ar\/diario\/wp-json\/wp\/v2\/posts\/42252\/revisions"}],"predecessor-version":[{"id":42254,"href":"http:\/\/dsrmedios.com.ar\/diario\/wp-json\/wp\/v2\/posts\/42252\/revisions\/42254"}],"wp:featuredmedia":[{"embeddable":true,"href":"http:\/\/dsrmedios.com.ar\/diario\/wp-json\/wp\/v2\/media\/42253"}],"wp:attachment":[{"href":"http:\/\/dsrmedios.com.ar\/diario\/wp-json\/wp\/v2\/media?parent=42252"}],"wp:term":[{"taxonomy":"category","embeddable":true,"href":"http:\/\/dsrmedios.com.ar\/diario\/wp-json\/wp\/v2\/categories?post=42252"},{"taxonomy":"post_tag","embeddable":true,"href":"http:\/\/dsrmedios.com.ar\/diario\/wp-json\/wp\/v2\/tags?post=42252"}],"curies":[{"name":"wp","href":"https:\/\/api.w.org\/{rel}","templated":true}]}}