{"id":42250,"date":"2023-12-12T09:52:17","date_gmt":"2023-12-12T12:52:17","guid":{"rendered":"http:\/\/dsrmedios.com.ar\/diario\/?p=42250"},"modified":"2023-12-12T09:52:20","modified_gmt":"2023-12-12T12:52:20","slug":"congreso-el-gobierno-cree-que-la-desregulacion-economica-avanzara-pero-hay-dudas-sobre-la-reforma-laboral","status":"publish","type":"post","link":"http:\/\/dsrmedios.com.ar\/diario\/archivos\/42250","title":{"rendered":"Congreso: el Gobierno cree que la desregulaci\u00f3n econ\u00f3mica avanzar\u00e1 pero hay dudas sobre la reforma laboral"},"content":{"rendered":"\n<p>El arribo de la ley omnibus o paquete de leyes al Congreso de la Naci\u00f3n que impulsa el presidente<a href=\"https:\/\/tn.com.ar\/politica\/2023\/12\/11\/milei-ordeno-auditorias-en-la-planta-de-cada-ministerio-y-los-nombramientos-irregulares-estan-en-la-mira\/\" target=\"_blank\" rel=\"noreferrer noopener\"><strong>Javier Milei<\/strong><\/a>&nbsp;podr\u00eda darse esta misma semana. Seg\u00fan pudo saber&nbsp;<strong>TN&nbsp;<\/strong>de fuentes oficiales, este martes la titular del Senado&nbsp;<a href=\"https:\/\/tn.com.ar\/show\/famosos\/2023\/12\/11\/el-pedido-de-madrugada-que-cinthia-fernandez-les-hizo-a-javier-milei-y-victoria-villarruel-tras-la-asuncion\/\" target=\"_blank\" rel=\"noreferrer noopener\"><strong>Victoria Villaruel<\/strong><\/a>&nbsp;y el presidente de la C\u00e1mara de Diputados&nbsp;<strong>Mart\u00edn Menem<\/strong>&nbsp;acceder\u00e1n al contenido o parte de este para comenzar a iniciar las negociaciones con otros bloques y espacios.<\/p>\n\n\n\n<p>En sesiones extraordinarias Milei quiere tratar las reformas estructurales que dise\u00f1\u00f3 junto a su equipo de trabajo. Se trata de iniciativas vinculadas a una desregulaci\u00f3n del Estado y reformas econ\u00f3micas y pol\u00edticas. La propia Villaruel sostuvo en Casa Rosada tras la primera reuni\u00f3n de gabinete que a\u00fan \u201cno saben si ser\u00e1n paquetes separados\u201d o una sola ley omnibus.<\/p>\n\n\n\n<p>Este medio pudo saber que por las negociaciones previas\u00a0<strong>la reforma pol\u00edtica tendr\u00eda consenso entre la mayor\u00eda de las espacios<\/strong>. Este tramo del paquete contempla reducci\u00f3n de asesores, choferes, vi\u00e1ticos, la quita del financiamiento de los partidos pol\u00edticos y la posible eliminaci\u00f3n de las PASO. Al igual que habr\u00eda un apoyo de buena parte del PRO respecto de la mayor\u00eda de los \u00edtems que forman parte de la\u00a0<strong>desregulaci\u00f3n econ\u00f3mica<\/strong>, esto es una simplificaci\u00f3n impositiva, quita de subsidios a las tarifas de luz y gas, entre otros puntos.<\/p>\n\n\n\n<figure class=\"wp-block-image\"><img decoding=\"async\" src=\"https:\/\/tn.com.ar\/resizer\/jDv4GaXS5DbKGB3rWiE8V6U72Dw=\/767x0\/smart\/filters:format(webp)\/cloudfront-us-east-1.images.arcpublishing.com\/artear\/GUINFZOFHYIKXBKR34WSV3CDXQ.jpg\" alt=\"Congreso: el Gobierno cree que la desregulacion econ\u00f3mica avanzar\u00e1 pero hay dudas por la reforma laboral. Foto: REUTERS\/Martin Cossarini.\"\/><figcaption class=\"wp-element-caption\">Congreso: el Gobierno cree que la desregulacion econ\u00f3mica avanzar\u00e1 pero hay dudas por la reforma laboral. Foto: REUTERS\/Martin Cossarini.Por:&nbsp;<strong>REUTERS<\/strong><\/figcaption><\/figure>\n\n\n\n<p>Pero lo que trabar\u00eda las negociaciones o en lo que al menos se descarta que<strong>&nbsp;no habr\u00e1 acuerdo es en la reforma laboral&nbsp;<\/strong>bajo el sistema de desempleo de la UOCRA, que modificar\u00eda la forma en la que se pagan las indemnizaciones. Se trata de un esquema de<strong>&nbsp;seguros de desempleo&nbsp;<\/strong>que se nutre de un fondo que paga las indemnizaciones por despido. El empleador deposita un monto del salario en un fondo que no se puede embargar y que luego se accionar\u00eda en caso de que esa persona sea echada.<\/p>\n\n\n\n<p><\/p>\n\n\n\n<p>\u201cEs un punto de conflicto en el que todos dudan y nadie quiere hacerse cargo de semejante peso\u201d, le hab\u00eda dicho a este medio el domingo un dirigente de LLA en el Congreso. Advirti\u00f3, adem\u00e1s, que la medida podr\u00eda generar una fuerte tensi\u00f3n con las organizaciones sindicales y un revuelo social m\u00e1s que considerable.<\/p>\n\n\n\n<p><strong>\u201cMa\u00f1ana se va a discutir todo y ah\u00ed nos van a informar\u201d<\/strong>, sostuvo Villarruel el lunes al retirarse de la Casa Rosada, sitio en el que se la podr\u00e1 ver de manera habitual ya que confirm\u00f3 que trasladar\u00e1 sus oficinas del Senado a la Casa de Gobierno.<\/p>\n\n\n\n<figure class=\"wp-block-image\"><img decoding=\"async\" src=\"https:\/\/tn.com.ar\/resizer\/uIG15epHX-8C7u-nhhu48pvQykE=\/767x0\/smart\/filters:format(webp)\/cloudfront-us-east-1.images.arcpublishing.com\/artear\/QUI7DDQMPZDNNMGSIVZEEN3N7I.png\" alt=\"Martin Menem podr\u00eda tener un primer contacto con el paquete de leyes este martes. Fuente: Instagram @martinmenemok\"\/><figcaption class=\"wp-element-caption\">Martin Menem podr\u00eda tener un primer contacto con el paquete de leyes este martes. Fuente: Instagram @martinmenemok<\/figcaption><\/figure>\n\n\n\n<p>El paquete de reformas de Milei desregular\u00e1 unas&nbsp;<strong>2000 leyes&nbsp;<\/strong>con el objetivo de simplificar tr\u00e1mites administrativos y allanar las inversiones, de acuerdo a lo que explicaron en el campamento libertario.<\/p>\n\n\n\n<p>En este sentido, seg\u00fan pudo saber\u00a0<strong>TN\u00a0<\/strong>de fuentes que trabajan en la confecci\u00f3n del proyecto, hay dudas entre los abogados de LLA respecto a algunos puntos de la desregulaci\u00f3n del Estado que podr\u00eda entrar en contradicci\u00f3n o tensi\u00f3n con el C\u00f3digo Civil y Comercial. \u201cLa ley se mete con cuestiones comerciales o del fuero civil que est\u00e1n en revisi\u00f3n\u201d, admiti\u00f3 una fuente del espacio.<\/p>\n\n\n\n<p>\u201cSe est\u00e1n analizando algunos puntos de la desregulaci\u00f3n del Estado porque los abogados dijeron que esto pod\u00eda \u2018renegar\u2019 con el&nbsp;<strong>C\u00f3digo Civil<\/strong>. Eso puede estar retrasando un poco el env\u00edo del paquete de leyes al Congreso\u201d, asegur\u00f3 una fuente que trabaja en el lineamiento de esta iniciativa.<\/p>\n\n\n\n<p>Mientras se discute el paquete de leyes, el lunes se iniciaron formalmente las auditor\u00edas en cada uno de los ministerios, dependencias y organismos de la Administraci\u00f3n P\u00fablica Nacional. El objetivo es obtener una\u00a0<strong>radiograf\u00eda de la planta de trabajadores<\/strong>. El portavoz Manuel Adorni confirm\u00f3 que \u201chay una decisi\u00f3n firme de terminar con el empleo militante\u201d y que se revisar\u00e1n cada una de las contrataciones. Tal como adelant\u00f3\u00a0<strong>TN<\/strong>, en La Libertad Avanza creen que se viol\u00f3 el decreto 426\/2022 que hab\u00eda impuesto la gesti\u00f3n de Alberto Fern\u00e1ndez y que imped\u00eda el ingreso de nuevos empleados al Estado Nacional.<\/p>\n\n\n\n<p>Fuente: TN<\/p>\n","protected":false},"excerpt":{"rendered":"<div class=\"mh-excerpt\"><p>El arribo de la ley omnibus o paquete de leyes al Congreso de la Naci\u00f3n que impulsa el presidenteJavier Milei&nbsp;podr\u00eda darse esta misma semana. Seg\u00fan pudo saber&nbsp;TN&nbsp;de fuentes oficiales, este martes la titular del Senado&nbsp;Victoria Villaruel&nbsp;y el presidente de la C\u00e1mara de Diputados&nbsp;Mart\u00edn Menem&nbsp;acceder\u00e1n al contenido o parte de este para comenzar a iniciar las negociaciones con otros bloques y espacios. En sesiones extraordinarias Milei quiere tratar las reformas estructurales que dise\u00f1\u00f3 junto a su equipo de trabajo. Se trata de iniciativas vinculadas a una desregulaci\u00f3n del Estado y reformas econ\u00f3micas y pol\u00edticas. La propia Villaruel sostuvo en Casa Rosada <a class=\"mh-excerpt-more\" href=\"http:\/\/dsrmedios.com.ar\/diario\/archivos\/42250\" title=\"Congreso: el Gobierno cree que la desregulaci\u00f3n econ\u00f3mica avanzar\u00e1 pero hay dudas sobre la reforma laboral\">[Leer m\u00e1s]<\/a><\/p>\n<\/div>","protected":false},"author":8,"featured_media":16286,"comment_status":"open","ping_status":"closed","sticky":false,"template":"","format":"standard","meta":{"_jetpack_newsletter_access":""},"categories":[6],"tags":[],"jetpack_featured_media_url":"http:\/\/dsrmedios.com.ar\/diario\/wp-content\/uploads\/2019\/12\/senadojura.jpg","jetpack_sharing_enabled":true,"jetpack_shortlink":"https:\/\/wp.me\/p9fihK-aZs","_links":{"self":[{"href":"http:\/\/dsrmedios.com.ar\/diario\/wp-json\/wp\/v2\/posts\/42250"}],"collection":[{"href":"http:\/\/dsrmedios.com.ar\/diario\/wp-json\/wp\/v2\/posts"}],"about":[{"href":"http:\/\/dsrmedios.com.ar\/diario\/wp-json\/wp\/v2\/types\/post"}],"author":[{"embeddable":true,"href":"http:\/\/dsrmedios.com.ar\/diario\/wp-json\/wp\/v2\/users\/8"}],"replies":[{"embeddable":true,"href":"http:\/\/dsrmedios.com.ar\/diario\/wp-json\/wp\/v2\/comments?post=42250"}],"version-history":[{"count":1,"href":"http:\/\/dsrmedios.com.ar\/diario\/wp-json\/wp\/v2\/posts\/42250\/revisions"}],"predecessor-version":[{"id":42251,"href":"http:\/\/dsrmedios.com.ar\/diario\/wp-json\/wp\/v2\/posts\/42250\/revisions\/42251"}],"wp:featuredmedia":[{"embeddable":true,"href":"http:\/\/dsrmedios.com.ar\/diario\/wp-json\/wp\/v2\/media\/16286"}],"wp:attachment":[{"href":"http:\/\/dsrmedios.com.ar\/diario\/wp-json\/wp\/v2\/media?parent=42250"}],"wp:term":[{"taxonomy":"category","embeddable":true,"href":"http:\/\/dsrmedios.com.ar\/diario\/wp-json\/wp\/v2\/categories?post=42250"},{"taxonomy":"post_tag","embeddable":true,"href":"http:\/\/dsrmedios.com.ar\/diario\/wp-json\/wp\/v2\/tags?post=42250"}],"curies":[{"name":"wp","href":"https:\/\/api.w.org\/{rel}","templated":true}]}}