{"id":42239,"date":"2023-12-12T09:48:05","date_gmt":"2023-12-12T12:48:05","guid":{"rendered":"http:\/\/dsrmedios.com.ar\/diario\/?p=42239"},"modified":"2023-12-12T09:48:08","modified_gmt":"2023-12-12T12:48:08","slug":"el-vocero-de-javier-milei-dio-a-conocer-las-primeras-medidas","status":"publish","type":"post","link":"http:\/\/dsrmedios.com.ar\/diario\/archivos\/42239","title":{"rendered":"El vocero de Javier Milei dio a conocer las primeras medidas"},"content":{"rendered":"\n<p>En su segunda conferencia de prensa, el vocero presidencial&nbsp;<strong>Manuel Adorni<\/strong>, dio m\u00e1s detalles de lo que comunic\u00f3 ayer antes y despu\u00e9s de&nbsp;<a href=\"https:\/\/infocielo.com\/politica-y-economia\/el-vocero-javier-milei-dio-conocer-las-primeras-medidas-n777065\" target=\"_blank\" rel=\"noreferrer noopener\">la&nbsp;<strong>reuni\u00f3n de gabinete<\/strong><\/a>&nbsp;encabezada por&nbsp;<strong>Javier Milei<\/strong>.&nbsp;<strong>Primeras medidas de ajuste<\/strong>&nbsp;y expectativa por los&nbsp;<strong>anuncios<\/strong>&nbsp;del ministro de Econom\u00eda,&nbsp;<strong>Luis Caputo<\/strong>.<\/p>\n\n\n\n<p>El portavoz volvi\u00f3 a describir al escenario econ\u00f3mico nacional como de &#8220;cat\u00e1strofe&#8221; y desde ah\u00ed sostuvo el resto de su mensaje. En principio, se\u00f1al\u00f3 que\u00a0<strong>ya se redujo en un 34 por ciento la cantidad de funcionarios del Gobierno entre ministros, secretarios y subsecretarios<\/strong>. &#8220;Falta la reducci\u00f3n en\u00a0<strong>direcciones generales<\/strong>,\u00a0<strong>direcciones nacionales\u00a0<\/strong>y\u00a0<strong>coordinaciones<\/strong>\u00a0donde tambi\u00e9n va a haber reducci\u00f3n y probablemente de una magnitud similar&#8221;, agreg\u00f3 m\u00e1s adelante.<\/p>\n\n\n\n<p>Seg\u00fan inform\u00f3, el Gobierno Nacional pas\u00f3 de 18 ministerios a 9, de 106 a 54 secretar\u00edas y de 182 a 140 subsecretar\u00edas.<\/p>\n\n\n\n<figure class=\"wp-block-image\"><img decoding=\"async\" src=\"https:\/\/media.infocielo.com\/p\/24b4bf4d1d9243ab94656f474230737c\/adjuntos\/299\/imagenes\/001\/765\/0001765148\/887x0\/smart\/luis-caputo-saliendo-la-primera-reunion-gabinete-casa-rosadajpg.jpg\" alt=\"Luis Caputo, ministro de Econom&iacute;a de Javier Milei, anunciar&aacute; un paquete de medidas esta tarde.\" title=\"Luis Caputo, ministro de Econom&iacute;a de Javier Milei, anunciar&aacute; un paquete de medidas esta tarde.\"\/><\/figure>\n\n\n\n<p>Luis Caputo, ministro de Econom\u00eda de Javier Milei, anunciar\u00e1 un paquete de medidas esta tarde.<\/p>\n\n\n\n<p>En segundo lugar, Adorni confirm\u00f3 que&nbsp;<strong>comenz\u00f3 el proceso de revisi\u00f3n de los contratos y nombramientos del \u00faltimo a\u00f1o<\/strong>. &#8220;Todos y cada uno de los nombramientos y contratos que se formalizaron durante el \u00faltimo a\u00f1o est\u00e1n bajo revisi\u00f3n.&nbsp;<strong>Todo funcionario que no quiera dar la informaci\u00f3n tendr\u00e1 la sanci\u00f3n correspondiente<\/strong>&#8220;, advirti\u00f3.<\/p>\n\n\n\n<p>Finalmente, anunci\u00f3 que&nbsp;<strong>decidieron suspender la pauta oficial en los medios de comunicaci\u00f3n por un a\u00f1o<\/strong>. &#8220;El &#8216;no hay plata&#8217; tiene que tener medidas concretas&#8221;, asegur\u00f3 Adorni.<\/p>\n\n\n\n<p>Consultado por el&nbsp;<strong>Consejo del Salario<\/strong>&nbsp;y las<strong>&nbsp;negociaciones paritarias<\/strong>, el portavoz le pas\u00f3 la pelota la ministro de Econom\u00eda de la Naci\u00f3n. Adorni anticip\u00f3 que esos temas ser\u00e1n abordados por Caputo en el&nbsp;<strong>anuncio que har\u00e1 esta tarde<\/strong>&nbsp;a trav\u00e9s de un mensaje grabado.<\/p>\n\n\n\n<p>A pesar de esto, el vocero adelant\u00f3 que &#8220;contendr\u00e1 un paquete de medidas que vayan en torno a atacar la urgencia econ\u00f3mica en la que estamos inmersos&#8221;. En esta l\u00ednea, prometi\u00f3 que no habr\u00e1 una reducci\u00f3n de los programas de asistencia social. &#8220;Ayer aclaramos que el ajuste fiscal iba a tener como contrapartida la expansi\u00f3n en la contenci\u00f3n social&#8221;, declar\u00f3.<\/p>\n\n\n\n<p>&#8220;En las pr\u00f3ximas horas\u00a0<strong>vamos a implementar las medidas que eviten la cat\u00e1strofe<\/strong>&#8220;, sentenci\u00f3 el vocero presidencial.<\/p>\n\n\n\n<p>Fuente: Infocielo<\/p>\n","protected":false},"excerpt":{"rendered":"<div class=\"mh-excerpt\"><p>En su segunda conferencia de prensa, el vocero presidencial&nbsp;Manuel Adorni, dio m\u00e1s detalles de lo que comunic\u00f3 ayer antes y despu\u00e9s de&nbsp;la&nbsp;reuni\u00f3n de gabinete&nbsp;encabezada por&nbsp;Javier Milei.&nbsp;Primeras medidas de ajuste&nbsp;y expectativa por los&nbsp;anuncios&nbsp;del ministro de Econom\u00eda,&nbsp;Luis Caputo. El portavoz volvi\u00f3 a describir al escenario econ\u00f3mico nacional como de &#8220;cat\u00e1strofe&#8221; y desde ah\u00ed sostuvo el resto de su mensaje. En principio, se\u00f1al\u00f3 que\u00a0ya se redujo en un 34 por ciento la cantidad de funcionarios del Gobierno entre ministros, secretarios y subsecretarios. &#8220;Falta la reducci\u00f3n en\u00a0direcciones generales,\u00a0direcciones nacionales\u00a0y\u00a0coordinaciones\u00a0donde tambi\u00e9n va a haber reducci\u00f3n y probablemente de una magnitud similar&#8221;, agreg\u00f3 m\u00e1s adelante. Seg\u00fan <a class=\"mh-excerpt-more\" href=\"http:\/\/dsrmedios.com.ar\/diario\/archivos\/42239\" title=\"El vocero de Javier Milei dio a conocer las primeras medidas\">[Leer m\u00e1s]<\/a><\/p>\n<\/div>","protected":false},"author":8,"featured_media":42245,"comment_status":"open","ping_status":"closed","sticky":false,"template":"","format":"standard","meta":{"_jetpack_newsletter_access":""},"categories":[6],"tags":[],"jetpack_featured_media_url":"http:\/\/dsrmedios.com.ar\/diario\/wp-content\/uploads\/2023\/12\/manuel-adorni-1jpg.webp","jetpack_sharing_enabled":true,"jetpack_shortlink":"https:\/\/wp.me\/p9fihK-aZh","_links":{"self":[{"href":"http:\/\/dsrmedios.com.ar\/diario\/wp-json\/wp\/v2\/posts\/42239"}],"collection":[{"href":"http:\/\/dsrmedios.com.ar\/diario\/wp-json\/wp\/v2\/posts"}],"about":[{"href":"http:\/\/dsrmedios.com.ar\/diario\/wp-json\/wp\/v2\/types\/post"}],"author":[{"embeddable":true,"href":"http:\/\/dsrmedios.com.ar\/diario\/wp-json\/wp\/v2\/users\/8"}],"replies":[{"embeddable":true,"href":"http:\/\/dsrmedios.com.ar\/diario\/wp-json\/wp\/v2\/comments?post=42239"}],"version-history":[{"count":1,"href":"http:\/\/dsrmedios.com.ar\/diario\/wp-json\/wp\/v2\/posts\/42239\/revisions"}],"predecessor-version":[{"id":42246,"href":"http:\/\/dsrmedios.com.ar\/diario\/wp-json\/wp\/v2\/posts\/42239\/revisions\/42246"}],"wp:featuredmedia":[{"embeddable":true,"href":"http:\/\/dsrmedios.com.ar\/diario\/wp-json\/wp\/v2\/media\/42245"}],"wp:attachment":[{"href":"http:\/\/dsrmedios.com.ar\/diario\/wp-json\/wp\/v2\/media?parent=42239"}],"wp:term":[{"taxonomy":"category","embeddable":true,"href":"http:\/\/dsrmedios.com.ar\/diario\/wp-json\/wp\/v2\/categories?post=42239"},{"taxonomy":"post_tag","embeddable":true,"href":"http:\/\/dsrmedios.com.ar\/diario\/wp-json\/wp\/v2\/tags?post=42239"}],"curies":[{"name":"wp","href":"https:\/\/api.w.org\/{rel}","templated":true}]}}