{"id":42230,"date":"2023-12-12T09:41:42","date_gmt":"2023-12-12T12:41:42","guid":{"rendered":"http:\/\/dsrmedios.com.ar\/diario\/?p=42230"},"modified":"2023-12-12T09:41:45","modified_gmt":"2023-12-12T12:41:45","slug":"inflacion-continuan-los-aumentos-preventivos-de-precios-y-algunas-empresas-frenaron-las-entregas","status":"publish","type":"post","link":"http:\/\/dsrmedios.com.ar\/diario\/archivos\/42230","title":{"rendered":"Inflaci\u00f3n: contin\u00faan los aumentos preventivos de precios y algunas empresas frenaron las entregas"},"content":{"rendered":"\n<p>No solo fue\u00a0<a rel=\"noreferrer noopener\" href=\"https:\/\/www.infobae.com\/economia\/2023\/12\/11\/el-banco-central-restringira-al-minimo-las-operaciones-de-dolar-mayorista-este-lunes\/\" target=\"_blank\">el virtual feriado cambiario y la suba en las cotizaciones del\u00a0<strong>d\u00f3lar<\/strong>\u00a0minorista<\/a>\u00a0que registraron algunos bancos, en los \u00faltimos d\u00edas c<a rel=\"noreferrer noopener\" href=\"https:\/\/www.infobae.com\/economia\/2023\/12\/07\/disparada-de-precios-con-subas-de-hasta-50-las-empresas-se-cubren-de-una-devaluacion-a-pocos-dias-del-cambio-de-gobierno\/\" target=\"_blank\">ontinuaron las remarcaciones preventivas de precios\u00a0<\/a>mientras que en algunos casos ya se registra una \u201cpausa en las entregas\u201d en productos de consumo masivo, pero tambi\u00e9n en otros rubros. Los agentes de la econom\u00eda se encuentran a la espera de los primeros anuncios de\u00a0<strong>Luis \u201cToto\u201d Caputo<\/strong>, con la expectativa de una devaluaci\u00f3n acompa\u00f1ada del incremento en rubros sensibles como tarifas y combustibles.<\/p>\n\n\n\n<p>Ante la consulta de<strong>&nbsp;Infobae<\/strong>, desde una firma importante en el sector de retail estimaron los aumentos que recibieron por parte de sus proveedores con aumentos de hasta el 50% en segmentos como<strong>&nbsp;alimentos, bebidas, ferreter\u00eda, materiales para la construcci\u00f3n, productos electr\u00f3nicos,&nbsp;<\/strong>entre otros. \u201cHacia el fin de semana tocaron algunos productos entre 5% y 25%\u201d, sostuvieron.<\/p>\n\n\n\n<p>La novedad fue que en paralelo<strong>&nbsp;se registraron algunos frenos en las entregas<\/strong>. En una cadena de supermercados contaron: \u201cHasta que no est\u00e9n las medidas [econ\u00f3micas del nuevo Gobierno] los fabricantes avisaron que no van a mandar listas nuevas\u201d.<\/p>\n\n\n\n<p>El representante de una de las principales cadenas de<strong>&nbsp;supermercados<\/strong>&nbsp;coment\u00f3 a este medio que el viernes de la semana pasada hab\u00eda recibido listas para aplicar desde este lunes con entre 20% y 35% de incremento. La explicaci\u00f3n la encontraron en la diferencia entre lo acordado tras el balotaje con la&nbsp;<strong>Secretar\u00eda de Comercio<\/strong>, en el marco del ya ca\u00eddo&nbsp;<strong>Precios Justos<\/strong>, y el recambio de Gobierno: \u201cTen\u00edan autorizado 12% en noviembre y 8% en diciembre. Estamos empezando a recibir la diferencia\u201d.<\/p>\n\n\n\n<p><img decoding=\"async\" loading=\"lazy\" alt=\"La econom\u00eda se encuentra a la espera de los anuncios de Luis Caputo. REUTERS\/Agustin Marcarian\" height=\"3865\" width=\"5500\" src=\"https:\/\/www.infobae.com\/new-resizer\/2pT6y9sBizqm6j72UKea_ClvnLU=\/420x280\/filters:format(webp):quality(85)\/cloudfront-us-east-1.images.arcpublishing.com\/infobae\/I3GHRDXIXXLBFFFGIEMMSIL34Q.jpg%20420w\" srcset=\"https:\/\/www.infobae.com\/new-resizer\/2pT6y9sBizqm6j72UKea_ClvnLU=\/420x280\/filters:format(webp):quality(85)\/cloudfront-us-east-1.images.arcpublishing.com\/infobae\/I3GHRDXIXXLBFFFGIEMMSIL34Q.jpg 420w,https:\/\/www.infobae.com\/new-resizer\/GipdkvDdgXX-mL8m5ZV8_y-Q6I0=\/768x512\/filters:format(webp):quality(85)\/cloudfront-us-east-1.images.arcpublishing.com\/infobae\/I3GHRDXIXXLBFFFGIEMMSIL34Q.jpg 768w,https:\/\/www.infobae.com\/new-resizer\/cFaJWkGq-wnGCSfPUHuGyq0AWhM=\/992x661\/filters:format(webp):quality(85)\/cloudfront-us-east-1.images.arcpublishing.com\/infobae\/I3GHRDXIXXLBFFFGIEMMSIL34Q.jpg 992w,https:\/\/www.infobae.com\/new-resizer\/o2RSDSH8IDWLlGhStu43_dTs144=\/1200x800\/filters:format(webp):quality(85)\/cloudfront-us-east-1.images.arcpublishing.com\/infobae\/I3GHRDXIXXLBFFFGIEMMSIL34Q.jpg 1200w,https:\/\/www.infobae.com\/new-resizer\/J2q--BwB54Qx74AXmXVzkrf1_1U=\/1440x960\/filters:format(webp):quality(85)\/cloudfront-us-east-1.images.arcpublishing.com\/infobae\/I3GHRDXIXXLBFFFGIEMMSIL34Q.jpg 1440w\">La econom\u00eda se encuentra a la espera de los anuncios de Luis Caputo. REUTERS\/Agustin Marcarian<\/p>\n\n\n\n<p>\u201cLos que m\u00e1s est\u00e1n insistiendo con los pedidos son los de&nbsp;<strong>bebidas, gaseosas, aguas y como bebidas con alcohol; l\u00e1cteos y panificados<\/strong>. Esos son, hasta ac\u00e1, los m\u00e1s complejos. El total es, m\u00e1s o menos, la brecha entre canales. Est\u00e1n buscando recomponer esa diferencia. La industria ya lo dijo: la idea es que luego de las&nbsp;<strong>Fiestas<\/strong>, a partir de enero, el volumen caiga. Probablemente a partir de ah\u00ed s\u00ed aparezca una mayor inversi\u00f3n por parte de los proveedores en promociones din\u00e1micas comerciales que en alg\u00fan punto bajen un poco los precios. Pero en primera instancia van a ir a buscar la diferencia entre canales y eso est\u00e1 quedando bastante claro\u201d, agregaron.<\/p>\n\n\n\n<p><\/p>\n\n\n\n<p>Un hombre del supermercadismo y los autoservicios mayoristas resumi\u00f3: \u201cHoy estuvo tranquilo,<a rel=\"noreferrer noopener\" href=\"https:\/\/www.infobae.com\/economia\/2023\/12\/11\/primer-dia-de-caputo-sin-medidas-el-ministro-termina-de-definir-su-equipo-y-los-anuncios-economicos-de-manana\/\" target=\"_blank\"><strong>&nbsp;a la espera de los anuncios de ma\u00f1ana<\/strong><\/a>. La semana pasada hubo muchas listas nuevas en promedio el 15% pero con mucha dispersi\u00f3n, con subas de entre 5% y 40%\u201d.<\/p>\n\n\n\n<p>En el comercio minorista se sinti\u00f3 la din\u00e1mica de incertidumbre. Consultado por&nbsp;<strong>Infobae<\/strong>, el vicepresidente de la Confederaci\u00f3n General Almacenera Nacional,&nbsp;<strong>Fernando Savore<\/strong>, dijo: \u201cDurante la semana pasada tuvimos subas impresionantes, de entre 30% y 50 por ciento. Empezaron a faltar los aceites. El fin de semana vimos remarcaciones en mayoristas e hipermercados porque aprovecharon que<strong>&nbsp;la gente estaba adelantando sus compras para cubrirse<\/strong>. Una harina leudante estaba $900 y ahora la vimos $600, hay que ver c\u00f3mo se acomodan los precios\u201d.<\/p>\n\n\n\n<p><img decoding=\"async\" loading=\"lazy\" alt=\"En la primera semana de diciembre la inflaci\u00f3n en alimentos fue del 7,4 porciento.\" height=\"487\" width=\"704\" src=\"https:\/\/www.infobae.com\/new-resizer\/fOvbB6rcRAROOnNPaWM6rlbQRJM=\/420x280\/filters:format(webp):quality(85)\/cloudfront-us-east-1.images.arcpublishing.com\/infobae\/C6K4KQRZWNAQNGACD3TCXWVQGI.jpg%20420w\" srcset=\"https:\/\/www.infobae.com\/new-resizer\/fOvbB6rcRAROOnNPaWM6rlbQRJM=\/420x280\/filters:format(webp):quality(85)\/cloudfront-us-east-1.images.arcpublishing.com\/infobae\/C6K4KQRZWNAQNGACD3TCXWVQGI.jpg 420w,https:\/\/www.infobae.com\/new-resizer\/YVVDgSYwpDvGBc61uP-iSs3rbVM=\/768x512\/filters:format(webp):quality(85)\/cloudfront-us-east-1.images.arcpublishing.com\/infobae\/C6K4KQRZWNAQNGACD3TCXWVQGI.jpg 768w,https:\/\/www.infobae.com\/new-resizer\/DhRBxiiM7WZ0SQSmVRgmEG_oZa8=\/992x661\/filters:format(webp):quality(85)\/cloudfront-us-east-1.images.arcpublishing.com\/infobae\/C6K4KQRZWNAQNGACD3TCXWVQGI.jpg 992w,https:\/\/www.infobae.com\/new-resizer\/SV216AGJxDhn-335D2hpjxyjzxA=\/1200x800\/filters:format(webp):quality(85)\/cloudfront-us-east-1.images.arcpublishing.com\/infobae\/C6K4KQRZWNAQNGACD3TCXWVQGI.jpg 1200w,https:\/\/www.infobae.com\/new-resizer\/1z3YzLa97kstfniZalth61C_yRc=\/1440x960\/filters:format(webp):quality(85)\/cloudfront-us-east-1.images.arcpublishing.com\/infobae\/C6K4KQRZWNAQNGACD3TCXWVQGI.jpg 1440w\">En la primera semana de diciembre la inflaci\u00f3n en alimentos fue del 7,4 porciento.<\/p>\n\n\n\n<p>Los aumentos se notan en los primeros datos de<strong>&nbsp;inflaci\u00f3n<\/strong>. Por caso, en la&nbsp;<strong>Ciudad de Buenos Aires<\/strong>&nbsp;el&nbsp;<strong>\u00cdndice de Precios al Consumidor<\/strong>&nbsp;tuvo una variaci\u00f3n del 11,9% en noviembre y del 160,6% en el \u00faltimo a\u00f1o. El dato va en l\u00ednea con las consultoras privadas, que hab\u00edan estimado una aceleraci\u00f3n y vuelta a los dos d\u00edgitos. Los alimentos habr\u00edan tenido una suba en torno al 15% promedio.&nbsp;<strong>Para diciembre comenzaron a revisar sus proyecciones a la zona del 20% mensual en el nivel general<\/strong>. El<strong>&nbsp;Indec<\/strong>&nbsp;dar\u00e1 a conocer este mi\u00e9rcoles el dato oficial del mes pasado a nivel nacional.<\/p>\n\n\n\n<p>Los primeros n\u00fameros del mes corriente van en ese sentido: el relevamiento de precios de<strong>\u00a0alimentos<\/strong>\u00a0de la consultora<strong>\u00a0LCG\u00a0<\/strong>arroj\u00f3 una inflaci\u00f3n de 7,4% solo en la primera semana, aceler\u00f3 4,1 puntos respecto a la anterior, promedi\u00f3 12,3% en las \u00faltimas cuatro y 17,5% en el mismo per\u00edodo. El mayor impacto lo sufrir\u00e1n los sectores de menores ingresos, que dedican mayor parte de sus recursos a productos de la canasta b\u00e1sica, en el marco de una pobreza que alcanza al 45% de la poblaci\u00f3n seg\u00fan los \u00faltimos n\u00fameros de la<strong>\u00a0Universidad Cat\u00f3lica Argentina (UCA)<\/strong>.<\/p>\n\n\n\n<p>Fuente: Infobae<\/p>\n","protected":false},"excerpt":{"rendered":"<div class=\"mh-excerpt\"><p>No solo fue\u00a0el virtual feriado cambiario y la suba en las cotizaciones del\u00a0d\u00f3lar\u00a0minorista\u00a0que registraron algunos bancos, en los \u00faltimos d\u00edas continuaron las remarcaciones preventivas de precios\u00a0mientras que en algunos casos ya se registra una \u201cpausa en las entregas\u201d en productos de consumo masivo, pero tambi\u00e9n en otros rubros. Los agentes de la econom\u00eda se encuentran a la espera de los primeros anuncios de\u00a0Luis \u201cToto\u201d Caputo, con la expectativa de una devaluaci\u00f3n acompa\u00f1ada del incremento en rubros sensibles como tarifas y combustibles. Ante la consulta de&nbsp;Infobae, desde una firma importante en el sector de retail estimaron los aumentos que recibieron por <a class=\"mh-excerpt-more\" href=\"http:\/\/dsrmedios.com.ar\/diario\/archivos\/42230\" title=\"Inflaci\u00f3n: contin\u00faan los aumentos preventivos de precios y algunas empresas frenaron las entregas\">[Leer m\u00e1s]<\/a><\/p>\n<\/div>","protected":false},"author":8,"featured_media":35311,"comment_status":"open","ping_status":"closed","sticky":false,"template":"","format":"standard","meta":{"_jetpack_newsletter_access":""},"categories":[6],"tags":[],"jetpack_featured_media_url":"http:\/\/dsrmedios.com.ar\/diario\/wp-content\/uploads\/2023\/06\/DXEIWKSGKINZK7MDWFPQL7CEBA.jpg","jetpack_sharing_enabled":true,"jetpack_shortlink":"https:\/\/wp.me\/p9fihK-aZ8","_links":{"self":[{"href":"http:\/\/dsrmedios.com.ar\/diario\/wp-json\/wp\/v2\/posts\/42230"}],"collection":[{"href":"http:\/\/dsrmedios.com.ar\/diario\/wp-json\/wp\/v2\/posts"}],"about":[{"href":"http:\/\/dsrmedios.com.ar\/diario\/wp-json\/wp\/v2\/types\/post"}],"author":[{"embeddable":true,"href":"http:\/\/dsrmedios.com.ar\/diario\/wp-json\/wp\/v2\/users\/8"}],"replies":[{"embeddable":true,"href":"http:\/\/dsrmedios.com.ar\/diario\/wp-json\/wp\/v2\/comments?post=42230"}],"version-history":[{"count":1,"href":"http:\/\/dsrmedios.com.ar\/diario\/wp-json\/wp\/v2\/posts\/42230\/revisions"}],"predecessor-version":[{"id":42233,"href":"http:\/\/dsrmedios.com.ar\/diario\/wp-json\/wp\/v2\/posts\/42230\/revisions\/42233"}],"wp:featuredmedia":[{"embeddable":true,"href":"http:\/\/dsrmedios.com.ar\/diario\/wp-json\/wp\/v2\/media\/35311"}],"wp:attachment":[{"href":"http:\/\/dsrmedios.com.ar\/diario\/wp-json\/wp\/v2\/media?parent=42230"}],"wp:term":[{"taxonomy":"category","embeddable":true,"href":"http:\/\/dsrmedios.com.ar\/diario\/wp-json\/wp\/v2\/categories?post=42230"},{"taxonomy":"post_tag","embeddable":true,"href":"http:\/\/dsrmedios.com.ar\/diario\/wp-json\/wp\/v2\/tags?post=42230"}],"curies":[{"name":"wp","href":"https:\/\/api.w.org\/{rel}","templated":true}]}}