{"id":42229,"date":"2023-12-12T09:40:40","date_gmt":"2023-12-12T12:40:40","guid":{"rendered":"http:\/\/dsrmedios.com.ar\/diario\/?p=42229"},"modified":"2023-12-12T09:40:42","modified_gmt":"2023-12-12T12:40:42","slug":"el-gobierno-trabaja-en-el-paquete-de-proyectos-que-enviara-al-congreso-pero-ya-no-se-habla-de-ley-omnibus","status":"publish","type":"post","link":"http:\/\/dsrmedios.com.ar\/diario\/archivos\/42229","title":{"rendered":"El Gobierno trabaja en el paquete de proyectos que enviar\u00e1 al Congreso, pero ya no se habla de \u201cley \u00f3mnibus\u201d"},"content":{"rendered":"\n<p>A contrarreloj, las principales autoridades del Gobierno est\u00e1n terminando de definir el<strong>&nbsp;paquete de medidas<\/strong>&nbsp;que enviar\u00e1n en los pr\u00f3ximos d\u00edas al Congreso para su tratamiento, el cual incluye las principales reformas que el presidente<strong>&nbsp;Javier Milei<\/strong>&nbsp;pretende implementar durante su gesti\u00f3n, tanto en materia econ\u00f3mica como impositiva y de estructura del Estado.<\/p>\n\n\n\n<p>El objetivo del Poder Ejecutivo es que el conjunto de proyectos est\u00e9 listo para esta semana, por lo que tanto&nbsp;<strong>varios de los ministros como los asesores del mandatario nacional est\u00e1n trabajando casi sin pausa en la letra chica de cada una de las iniciativas<\/strong>, algunas de las cuales est\u00e1n m\u00e1s avanzadas, mientras que otras se encuentran algo demoradas.<\/p>\n\n\n\n<p>Con tan solo 38 bancas en la C\u00e1mara de Diputados y siete en la de Senadores, el oficialismo sabe que va a necesitar del apoyo de la oposici\u00f3n para poder aprobar las leyes, por lo que tambi\u00e9n se debate la mejor estrategia para avanzar con ellas.<\/p>\n\n\n\n<p>De esto fue, justamente, de lo que se habl\u00f3 en un momento durante la reuni\u00f3n de Gabinete que se desarroll\u00f3 este lunes por la ma\u00f1ana en la Casa Rosada, la primera de la gesti\u00f3n Milei, en la que tambi\u00e9n estuvo la vicepresidenta,&nbsp;<strong>Victoria Villarruel<\/strong>, el titular del Banco Central,&nbsp;<strong>Santiago Bausili<\/strong>, y el nuevo presidente de Diputados,&nbsp;<strong>Mart\u00edn Menem<\/strong>.<\/p>\n\n\n\n<p><img decoding=\"async\" loading=\"lazy\" alt=\"Javier Milei saliendo de la Casa Rosada, luego de su primer d\u00eda de trabajo como Presidente (Franco Fafasuli)\" height=\"1080\" width=\"1920\" src=\"https:\/\/www.infobae.com\/new-resizer\/LQs4rTtzdB3sxpvnTsZPNZcpcLw=\/420x236\/filters:format(webp):quality(85)\/cloudfront-us-east-1.images.arcpublishing.com\/infobae\/7KUWEQLE2BHOVBJPPLX24LPCHE.jpg%20420w\" srcset=\"https:\/\/www.infobae.com\/new-resizer\/LQs4rTtzdB3sxpvnTsZPNZcpcLw=\/420x236\/filters:format(webp):quality(85)\/cloudfront-us-east-1.images.arcpublishing.com\/infobae\/7KUWEQLE2BHOVBJPPLX24LPCHE.jpg 420w,https:\/\/www.infobae.com\/new-resizer\/s59pPRSuRsImrs85jr5zbvNQPw0=\/768x432\/filters:format(webp):quality(85)\/cloudfront-us-east-1.images.arcpublishing.com\/infobae\/7KUWEQLE2BHOVBJPPLX24LPCHE.jpg 768w,https:\/\/www.infobae.com\/new-resizer\/lZ8YOhgJt5mAw98KB2yCbf8YTxw=\/992x558\/filters:format(webp):quality(85)\/cloudfront-us-east-1.images.arcpublishing.com\/infobae\/7KUWEQLE2BHOVBJPPLX24LPCHE.jpg 992w,https:\/\/www.infobae.com\/new-resizer\/7_0iE6XDCfnKq_isMTTeuU8nAXQ=\/1200x675\/filters:format(webp):quality(85)\/cloudfront-us-east-1.images.arcpublishing.com\/infobae\/7KUWEQLE2BHOVBJPPLX24LPCHE.jpg 1200w,https:\/\/www.infobae.com\/new-resizer\/eu9SeIY2YHt2l8_qs_YB18RjVX4=\/1440x810\/filters:format(webp):quality(85)\/cloudfront-us-east-1.images.arcpublishing.com\/infobae\/7KUWEQLE2BHOVBJPPLX24LPCHE.jpg 1440w\">Javier Milei saliendo de la Casa Rosada, luego de su primer d\u00eda de trabajo como Presidente (Franco Fafasuli)<\/p>\n\n\n\n<p>En la mesa tambi\u00e9n se sentaron\u00a0<strong>Nicol\u00e1s Posse<\/strong>\u00a0(Jefatura de Gabinete),\u00a0<strong>Sandra Pettovello<\/strong>\u00a0(Capital Humano),\u00a0<strong>Diana Mondino<\/strong>\u00a0(Canciller\u00eda),\u00a0<strong>Luis \u201cToto\u201d Caputo<\/strong>\u00a0(Econom\u00eda),\u00a0<strong>Guillermo Francos\u00a0<\/strong>(Interior),\u00a0<strong>Guillermo Ferraro<\/strong>\u00a0(Infraestructura),\u00a0<strong>Mariano C\u00faneo Libarona<\/strong>\u00a0(Justicia),\u00a0<strong>Patricia Bullrich<\/strong>\u00a0(Seguridad),<strong>\u00a0Luis Petri<\/strong>\u00a0(Defensa),\u00a0<strong>Mario Russo<\/strong>\u00a0(Salud) y\u00a0<strong>Manuel Adorni<\/strong>\u00a0(Vocero).<\/p>\n\n\n\n<p>De acuerdo con lo que precisaron a&nbsp;<strong>Infobae&nbsp;<\/strong>fuentes cercanas a los funcionarios que participaron de ese encuentro, los presentes coincidieron en que&nbsp;<strong>es preferible que los proyectos sean enviados al Congreso \u201cen dos o tres paquetes\u201d, en lugar de que se haga una \u201cley \u00f3mnibus\u201d<\/strong>, como se plante\u00f3 en un inicio.<\/p>\n\n\n\n<p>Mientras tanto, en el Palacio Legislativo, los miembros del oficialismo contin\u00faan esperando definiciones al respecto, ya que, sin conocer el detalle de las medidas en cuesti\u00f3n, solamente pueden mantener conversaciones informales con los otros bloques.<\/p>\n\n\n\n<p>En este sentido, los integrantes de La Libertad Avanza en ambas C\u00e1maras est\u00e1n de acuerdo en que&nbsp;<strong>la forma en la que se van a comunicar y defender las reformas<\/strong>&nbsp;es fundamental para su posterior aprobaci\u00f3n en el recinto, pero para ello primero deben conocerlas en profundidad.<\/p>\n\n\n\n<p><img decoding=\"async\" loading=\"lazy\" alt=\"Guillermo Francos, ministro del Interior (Luciano Gonzalez)\" height=\"2239\" width=\"3359\" src=\"https:\/\/www.infobae.com\/new-resizer\/tlM-FEvHJPdNwErQn4sRo5Wmk20=\/420x280\/filters:format(webp):quality(85)\/cloudfront-us-east-1.images.arcpublishing.com\/infobae\/WMPOIFHWAVF4TCEYPVYXKRVMBI.jpg%20420w\" srcset=\"https:\/\/www.infobae.com\/new-resizer\/tlM-FEvHJPdNwErQn4sRo5Wmk20=\/420x280\/filters:format(webp):quality(85)\/cloudfront-us-east-1.images.arcpublishing.com\/infobae\/WMPOIFHWAVF4TCEYPVYXKRVMBI.jpg 420w,https:\/\/www.infobae.com\/new-resizer\/iAivq0nJXKpUPOEHwn3nCN5KY1k=\/768x512\/filters:format(webp):quality(85)\/cloudfront-us-east-1.images.arcpublishing.com\/infobae\/WMPOIFHWAVF4TCEYPVYXKRVMBI.jpg 768w,https:\/\/www.infobae.com\/new-resizer\/1_GC4vsKDTHHePAr4TjvjgS5rEI=\/992x661\/filters:format(webp):quality(85)\/cloudfront-us-east-1.images.arcpublishing.com\/infobae\/WMPOIFHWAVF4TCEYPVYXKRVMBI.jpg 992w,https:\/\/www.infobae.com\/new-resizer\/c-cdcqGbcaFJld57Wf0Mtci1z1s=\/1200x800\/filters:format(webp):quality(85)\/cloudfront-us-east-1.images.arcpublishing.com\/infobae\/WMPOIFHWAVF4TCEYPVYXKRVMBI.jpg 1200w,https:\/\/www.infobae.com\/new-resizer\/b0WrEimSx2Nv54qhyIN34u6S22c=\/1440x960\/filters:format(webp):quality(85)\/cloudfront-us-east-1.images.arcpublishing.com\/infobae\/WMPOIFHWAVF4TCEYPVYXKRVMBI.jpg 1440w\">Guillermo Francos, ministro del Interior (Luciano Gonzalez)<\/p>\n\n\n\n<p>Sin embargo,\u00a0<strong>hasta el momento los legisladores no recibieron ninguno de los textos para estudiarlos\u00a0<\/strong>y, despu\u00e9s, empezar a negociar con la oposici\u00f3n, para lo cual tambi\u00e9n<strong>\u00a0esperan la ayuda por parte del Gobierno<\/strong>, en el marco de un contexto adverso, ya que son minor\u00eda en ambas C\u00e1maras.<\/p>\n\n\n\n<p>En esa tarea estar\u00eda dedicado Francos,&nbsp;<strong>que como ministro del Interior tiene contacto fluido con las provincias y, por esa raz\u00f3n, se har\u00eda cargo de las conversaciones con los gobernadores<\/strong>, con el objetivo de sumar votos en el Congreso.<\/p>\n\n\n\n<p>Sin anuncios claros sobre los proyectos de ley, para este martes se prev\u00e9 que se mantengan las&nbsp;<a rel=\"noreferrer noopener\" href=\"https:\/\/www.infobae.com\/economia\/2023\/12\/11\/manana-seguiran-las-restricciones-para-operar-con-dolares-y-se-esperan-los-anuncios-de-caputo-luego-del-cierre-de-los-mercados\/\" target=\"_blank\">restricciones para operar con d\u00f3lares<\/a>&nbsp;y se aguardan los anuncios que dar\u00e1 el ministro de Econom\u00eda,&nbsp;<strong>Luis Caputo<\/strong>, en lo que ser\u00e1 su primera comunicaci\u00f3n oficial.<\/p>\n\n\n\n<p>\u201cVan a ir en l\u00ednea de un fuerte recorte fiscal con expansi\u00f3n en las partidas sociales y este paquete de medidas ser\u00e1 acompa\u00f1ado con quita de privilegios que el presidente Milei dio la orden de realizar con urgencia. Estamos inmersos en una profunda crisis econ\u00f3mica\u201d, anticip\u00f3 Adorni.<\/p>\n\n\n\n<p><img decoding=\"async\" loading=\"lazy\" alt=\"Sorpresivamente, la Vicepresidenta particip\u00f3 de la reuni\u00f3n de Gabinete (REUTERS)\" height=\"3517\" width=\"5500\" src=\"https:\/\/www.infobae.com\/new-resizer\/Y3MHmi8Bm89j3G2wjsQpMYoG4uc=\/992x606\/filters:format(webp):quality(85)\/cloudfront-us-east-1.images.arcpublishing.com\/infobae\/WEWHMXDHNXLYSSHFHBXFXEDSSE.jpg%20992w\" srcset=\"https:\/\/www.infobae.com\/new-resizer\/Y3MHmi8Bm89j3G2wjsQpMYoG4uc=\/992x606\/filters:format(webp):quality(85)\/cloudfront-us-east-1.images.arcpublishing.com\/infobae\/WEWHMXDHNXLYSSHFHBXFXEDSSE.jpg 992w\">Sorpresivamente, la Vicepresidenta particip\u00f3 de la reuni\u00f3n de Gabinete (REUTERS)<\/p>\n\n\n\n<p>Por su parte, si bien no est\u00e1 dentro de esta discusi\u00f3n en particular, Villarruel pretende acompa\u00f1ar a Milei en el desarrollo y la presentaci\u00f3n de los proyectos, que eventualmente pasar\u00e1n por la C\u00e1mara de Senadores, que ella preside.<\/p>\n\n\n\n<p>Incluso, este lunes la Vicepresidenta estuvo en la reuni\u00f3n de Gabinete y&nbsp;<strong>luego recorri\u00f3 algunas de las oficinas de la Casa Rosada, ya que pretende instalar all\u00ed un despacho propio, para poder tener un rol m\u00e1s activo en el Poder Ejecutivo&nbsp;<\/strong>de lo que lo tuvieron sus antecesores.<\/p>\n\n\n\n<p>Esta decisi\u00f3n, sin embargo, depende de la flamante secretaria General de la Presidencia, Karina Milei, que todav\u00eda no aprob\u00f3 la solicitud, en medio de rumores de ciertas tensiones en la f\u00f3rmula gobernante.<\/p>\n\n\n\n<p>\u201cLas medidas econ\u00f3micas las va a anunciar el ministro de Econom\u00eda, pero avanzamos, no fue simplemente una reuni\u00f3n protocolar, fue una reuni\u00f3n en la que discutimos diferentes temas\u201d, coment\u00f3 Villarruel ante la prensa instalada en el ingreso a la sede gubernamental.<\/p>\n\n\n\n<p>Aunque se descarta que -por lo menos- algunas de las iniciativas se van a presentar esta semana,&nbsp;<strong>todav\u00eda no se convoc\u00f3 formalmente a sesiones extraordinarias<\/strong>&nbsp;y resta definir qui\u00e9nes van a estar al frente de cada una de las comisiones parlamentarias.<\/p>\n\n\n\n<p>\u201c<strong>Javier estuvo dos a\u00f1os en este lugar, sabe que no es que se presenta una ley e inmediatamente se aprueba. Seguramente estaremos en tratamiento a lo largo de enero<\/strong>\u201d, explic\u00f3 a\u00a0<strong>Infobae\u00a0<\/strong>un dirigente muy cercano al jefe de Estado.<\/p>\n\n\n\n<p>Fuente: Infobae<\/p>\n","protected":false},"excerpt":{"rendered":"<div class=\"mh-excerpt\"><p>A contrarreloj, las principales autoridades del Gobierno est\u00e1n terminando de definir el&nbsp;paquete de medidas&nbsp;que enviar\u00e1n en los pr\u00f3ximos d\u00edas al Congreso para su tratamiento, el cual incluye las principales reformas que el presidente&nbsp;Javier Milei&nbsp;pretende implementar durante su gesti\u00f3n, tanto en materia econ\u00f3mica como impositiva y de estructura del Estado. El objetivo del Poder Ejecutivo es que el conjunto de proyectos est\u00e9 listo para esta semana, por lo que tanto&nbsp;varios de los ministros como los asesores del mandatario nacional est\u00e1n trabajando casi sin pausa en la letra chica de cada una de las iniciativas, algunas de las cuales est\u00e1n m\u00e1s avanzadas, <a class=\"mh-excerpt-more\" href=\"http:\/\/dsrmedios.com.ar\/diario\/archivos\/42229\" title=\"El Gobierno trabaja en el paquete de proyectos que enviar\u00e1 al Congreso, pero ya no se habla de \u201cley \u00f3mnibus\u201d\">[Leer m\u00e1s]<\/a><\/p>\n<\/div>","protected":false},"author":8,"featured_media":42231,"comment_status":"open","ping_status":"closed","sticky":false,"template":"","format":"standard","meta":{"_jetpack_newsletter_access":""},"categories":[6],"tags":[],"jetpack_featured_media_url":"http:\/\/dsrmedios.com.ar\/diario\/wp-content\/uploads\/2023\/12\/pres.jpg","jetpack_sharing_enabled":true,"jetpack_shortlink":"https:\/\/wp.me\/p9fihK-aZ7","_links":{"self":[{"href":"http:\/\/dsrmedios.com.ar\/diario\/wp-json\/wp\/v2\/posts\/42229"}],"collection":[{"href":"http:\/\/dsrmedios.com.ar\/diario\/wp-json\/wp\/v2\/posts"}],"about":[{"href":"http:\/\/dsrmedios.com.ar\/diario\/wp-json\/wp\/v2\/types\/post"}],"author":[{"embeddable":true,"href":"http:\/\/dsrmedios.com.ar\/diario\/wp-json\/wp\/v2\/users\/8"}],"replies":[{"embeddable":true,"href":"http:\/\/dsrmedios.com.ar\/diario\/wp-json\/wp\/v2\/comments?post=42229"}],"version-history":[{"count":1,"href":"http:\/\/dsrmedios.com.ar\/diario\/wp-json\/wp\/v2\/posts\/42229\/revisions"}],"predecessor-version":[{"id":42232,"href":"http:\/\/dsrmedios.com.ar\/diario\/wp-json\/wp\/v2\/posts\/42229\/revisions\/42232"}],"wp:featuredmedia":[{"embeddable":true,"href":"http:\/\/dsrmedios.com.ar\/diario\/wp-json\/wp\/v2\/media\/42231"}],"wp:attachment":[{"href":"http:\/\/dsrmedios.com.ar\/diario\/wp-json\/wp\/v2\/media?parent=42229"}],"wp:term":[{"taxonomy":"category","embeddable":true,"href":"http:\/\/dsrmedios.com.ar\/diario\/wp-json\/wp\/v2\/categories?post=42229"},{"taxonomy":"post_tag","embeddable":true,"href":"http:\/\/dsrmedios.com.ar\/diario\/wp-json\/wp\/v2\/tags?post=42229"}],"curies":[{"name":"wp","href":"https:\/\/api.w.org\/{rel}","templated":true}]}}