{"id":42225,"date":"2023-12-12T09:37:44","date_gmt":"2023-12-12T12:37:44","guid":{"rendered":"http:\/\/dsrmedios.com.ar\/diario\/?p=42225"},"modified":"2023-12-12T09:37:47","modified_gmt":"2023-12-12T12:37:47","slug":"milei-define-la-conduccion-de-la-afi-y-todavia-hay-indecisiones-en-otras-areas-clave-del-gobierno","status":"publish","type":"post","link":"http:\/\/dsrmedios.com.ar\/diario\/archivos\/42225","title":{"rendered":"Milei define la conducci\u00f3n de la AFI y todav\u00eda hay indecisiones en otras \u00e1reas clave del Gobierno"},"content":{"rendered":"\n<p>Hasta anoche, mientras se terminaban de delinear las primeras medidas del plan ortodoxo de ajuste fiscal que el ministro&nbsp;<strong>Luis Caputo<\/strong>&nbsp;ten\u00eda previsto anunciar a la tarde, crec\u00edan con fuerzas las chances de que&nbsp;<strong>Silvestre S\u00edvori<\/strong>, un abogado que trabaja desde hace tiempo junto al jefe de Gabinete,&nbsp;<strong>Nicol\u00e1s Posse<\/strong>, se hiciera cargo de la Administraci\u00f3n Federal de Inteligencia (AFI).<\/p>\n\n\n\n<p><strong>\u201cLas chances son muy altas\u201d<\/strong>, aseguraron este lunes fuentes cercanas a S\u00edvori, aunque todav\u00eda esperaban la designaci\u00f3n con la publicaci\u00f3n del nombramiento en el Bolet\u00edn Oficial, el \u00f3rgano de difusi\u00f3n oficializa la entrada en vigencia de las leyes del Congreso y las decisiones administrativas del Ejecutivo.<\/p>\n\n\n\n<p>Como en cada desembarco de un nuevo gobierno, la actualizaci\u00f3n del Bolet\u00edn Oficial era seguida por estas horas con especial atenci\u00f3n puertas adentro, m\u00e1s a\u00fan para un espacio, como el libertario, que presentaba en la previa de la asunci\u00f3n de&nbsp;<strong>Javier Milei<\/strong>&nbsp;notorias dificultades para ocupar todos los casilleros del organigrama de la administraci\u00f3n p\u00fablica y los organismos descentralizados, a pesar de la poda en la estructura decretada este lunes por el flamante presidente, que baj\u00f3 a 9 la cantidad de ministerios.<\/p>\n\n\n\n<p>En la madrugaba, el Bolet\u00edn Oficial oficializ\u00f3 las renuncias de la conducci\u00f3n saliente del Banco Central, con Miguel \u00c1ngel Pesce a la cabeza, y las designaciones de&nbsp;<strong>Santiago Bausili<\/strong>&nbsp;como presidente de la entidad y del resto de los directores, y de los secretarios de Energ\u00eda y de Finanzas; tambi\u00e9n, los de Legal y T\u00e9cnico y de Comunicaci\u00f3n y Prensa. Pero en las filas del nuevo gobierno circulaba una danza de nombres para la nominaci\u00f3n en lugares claves del Estado que, este lunes, segu\u00edan liderados por funcionarios de la gesti\u00f3n de&nbsp;<strong>Alberto Fern\u00e1ndez&nbsp;<\/strong>y de&nbsp;<strong>Sergio Massa<\/strong>&nbsp;-en algunos casos, ratificados tras una negociaci\u00f3n entre el ex ministro de Econom\u00eda y el presidente libertario- o, peor a\u00fan, ac\u00e9falos.<\/p>\n\n\n\n<p><img decoding=\"async\" loading=\"lazy\" alt=\"Santiago Bausili, el nuevo presidente del Banco Central (Nicol\u00e1s Stulberg)\" height=\"1280\" width=\"1920\" src=\"https:\/\/www.infobae.com\/new-resizer\/raYnbq22cG7FKMNfafiWDrEG08c=\/420x280\/filters:format(webp):quality(85)\/cloudfront-us-east-1.images.arcpublishing.com\/infobae\/IITTUVKXLFF23OM5CGMCA2INQ4.jpg%20420w\" srcset=\"https:\/\/www.infobae.com\/new-resizer\/raYnbq22cG7FKMNfafiWDrEG08c=\/420x280\/filters:format(webp):quality(85)\/cloudfront-us-east-1.images.arcpublishing.com\/infobae\/IITTUVKXLFF23OM5CGMCA2INQ4.jpg 420w,https:\/\/www.infobae.com\/new-resizer\/icLl2sbHr10_v22exbKLC0-psCg=\/768x512\/filters:format(webp):quality(85)\/cloudfront-us-east-1.images.arcpublishing.com\/infobae\/IITTUVKXLFF23OM5CGMCA2INQ4.jpg 768w,https:\/\/www.infobae.com\/new-resizer\/s0rFxjeef7DRHsVIgWZIT3-tJXU=\/992x661\/filters:format(webp):quality(85)\/cloudfront-us-east-1.images.arcpublishing.com\/infobae\/IITTUVKXLFF23OM5CGMCA2INQ4.jpg 992w,https:\/\/www.infobae.com\/new-resizer\/CHRJzvCfisE9ujRGJm1Rv-5oqkE=\/1200x800\/filters:format(webp):quality(85)\/cloudfront-us-east-1.images.arcpublishing.com\/infobae\/IITTUVKXLFF23OM5CGMCA2INQ4.jpg 1200w,https:\/\/www.infobae.com\/new-resizer\/MC3CAq9fJxERiNDpXQxKREYjuiA=\/1440x960\/filters:format(webp):quality(85)\/cloudfront-us-east-1.images.arcpublishing.com\/infobae\/IITTUVKXLFF23OM5CGMCA2INQ4.jpg 1440w\">Santiago Bausili, el nuevo presidente del Banco Central (Nicol\u00e1s Stulberg)<\/p>\n\n\n\n<p>En ese contexto, la identidad del nuevo gobierno era todav\u00eda un experimento indefinido. Con un gabinete en v\u00edas de conformaci\u00f3n, con ministros enfrascados en la reestructuraci\u00f3n de sus \u00e1reas y un presidente con un estilo disruptivo. No solo por su discurso de asunci\u00f3n de este domingo, en el que anunci\u00f3 un dur\u00edsimo ajuste y unos pr\u00f3ximos meses repletos de p\u00e9simas noticias, si no por la modalidad que pretende imprimirle a la gesti\u00f3n: hasta ahora no utiliz\u00f3 el helic\u00f3ptero oficial, no prev\u00e9 encabezar grandes anuncios, se supone que gobernar\u00e1 desde la quinta de Olivos y no desde Casa Rosada y, por el momento, mantiene en el piso 18 del hotel Libertador su lugar de residencia -\u201dSiempre est\u00e1 por irse\u201d, asegur\u00f3 en tono jocoso una fuente que conoce la log\u00edstica libertaria-<\/p>\n\n\n\n<p>Milei, seg\u00fan confiaron en su entorno, no tiene demasiadas pretensiones en la conducci\u00f3n de la AFI, y dej\u00f3 la organizaci\u00f3n en ese organismo de inteligencia en manos de Posse, que instruy\u00f3 por ahora a S\u00edvori a que estudie el tema a la espera de la confirmaci\u00f3n, o no, de su nombramiento.<\/p>\n\n\n\n<p>Se trata del t\u00e9cnico que lider\u00f3 la transici\u00f3n con el gobierno saliente y que no es un novato en el Estado: trabaj\u00f3 en el Gobierno de la Ciudad y se ocup\u00f3 del \u00e1rea legal del Ministerio de Transporte bajo las \u00f3rdenes de&nbsp;<strong>Guillermo Dietrich<\/strong>, en el que se referenci\u00f3 durante mucho tiempo hasta recalar bajo el paraguas de Posse.<\/p>\n\n\n\n<p>S\u00edvori -el domingo sigui\u00f3 la asunci\u00f3n de Milei desde uno de los palcos principales del Congreso- se entrevist\u00f3 antes de que desembarque LLA en Casa Rosada con Vilma Ibarra, la ex secretaria Legal y T\u00e9cnica; con Agust\u00edn Rossi, ex jefe de Gabinete, y con funcionarios de esa oficina. Tambi\u00e9n se hizo cargo del traspaso en la Procuraci\u00f3n del Tesoro. Como abogado del estudio de Manuel Izura -asumi\u00f3 la semana pasada como consejero de la Ciudad-, defendi\u00f3 a ex funcionarios. Surfista en sus ratos libres, ya analizaba desde hac\u00eda semanas el rubro Inteligencia. Es un \u00e1rea a la que Fern\u00e1ndez no le encontr\u00f3 la vuelta durante su gesti\u00f3n, y que estuvo atravesada por presuntas irregularidades durante la gesti\u00f3n de&nbsp;<strong>Mauricio Macri<\/strong>, investigadas por la Justicia.<\/p>\n\n\n\n<p>No es, de todos modos, el \u00fanico casillero de relevancia que hasta anoche no ten\u00eda definiciones.<\/p>\n\n\n\n<p>En el caso de Migraciones, la vacante que dej\u00f3 Florencia Carignano -asumi\u00f3 la semana pasada como diputada- a\u00fan no hab\u00eda sido resuelta en las \u00faltimas horas. Hasta una semana antes de asumir Milei, ese lugar se reserv\u00f3 para&nbsp;<strong>Mar\u00eda Eugenia Talerico<\/strong>, vinculada a Ricardo L\u00f3pez Murphy, pero su alt\u00edsimo perfil y su insistencia en la agenda judicial hicieron que el ministro&nbsp;<strong>Guillermo Francos<\/strong>, que la hab\u00eda convocado, la llamara para avisarle que finalmente no asumir\u00eda. En teor\u00eda, para ubicar a alguien propio. La propia Talerico lo anunci\u00f3 en sus redes hace dos fines de semana.<\/p>\n\n\n\n<p><img decoding=\"async\" loading=\"lazy\" alt=\"Mar\u00eda Eugenia Talerico finalmente no asumir\u00e1 en Migraciones\" height=\"1080\" width=\"1920\" src=\"https:\/\/www.infobae.com\/new-resizer\/QruvPjfzpCi_ffk0XLBM5pSkxSQ=\/420x236\/filters:format(webp):quality(85)\/cloudfront-us-east-1.images.arcpublishing.com\/infobae\/STABPBD5ENHE7CMXKHEXKX2ME4.jpg%20420w\" srcset=\"https:\/\/www.infobae.com\/new-resizer\/QruvPjfzpCi_ffk0XLBM5pSkxSQ=\/420x236\/filters:format(webp):quality(85)\/cloudfront-us-east-1.images.arcpublishing.com\/infobae\/STABPBD5ENHE7CMXKHEXKX2ME4.jpg 420w,https:\/\/www.infobae.com\/new-resizer\/oR5MfS-cbEhK42vHXpKH0Co5Dvk=\/768x432\/filters:format(webp):quality(85)\/cloudfront-us-east-1.images.arcpublishing.com\/infobae\/STABPBD5ENHE7CMXKHEXKX2ME4.jpg 768w,https:\/\/www.infobae.com\/new-resizer\/wnlgDD6KQbIVPYQv4Nyv23rhMB0=\/992x558\/filters:format(webp):quality(85)\/cloudfront-us-east-1.images.arcpublishing.com\/infobae\/STABPBD5ENHE7CMXKHEXKX2ME4.jpg 992w,https:\/\/www.infobae.com\/new-resizer\/UKr9BV_w5MjQXw2IaOB_lYXd89U=\/1200x675\/filters:format(webp):quality(85)\/cloudfront-us-east-1.images.arcpublishing.com\/infobae\/STABPBD5ENHE7CMXKHEXKX2ME4.jpg 1200w,https:\/\/www.infobae.com\/new-resizer\/HD_DYMuclbnbn4U9ezJJyiRG63s=\/1440x810\/filters:format(webp):quality(85)\/cloudfront-us-east-1.images.arcpublishing.com\/infobae\/STABPBD5ENHE7CMXKHEXKX2ME4.jpg 1440w\">Mar\u00eda Eugenia Talerico finalmente no asumir\u00e1 en Migraciones<\/p>\n\n\n\n<p>Hasta ayer a \u00faltima hora, en Interior no hab\u00eda novedades: el ex sciolista Mariano Goyenechea, en teor\u00eda el eventual 2 de Migraciones, intentaba monitorear la direcci\u00f3n.<\/p>\n\n\n\n<p>En la Aduana,&nbsp;<strong>Guillermo Michel<\/strong>, un dirigente del ri\u00f1\u00f3n de Massa, segu\u00eda este lunes al frente del edificio de la calle Azopardo, a la espera de que se resuelva el futuro del organismo. \u201cNo puede dejar su puesto hasta que no designen a alguien\u201d, explicaron. Se trata, en definitiva, de un sill\u00f3n muy sensible. Anoche, a\u00fan no hab\u00eda precisiones. En la tarde de ayer, el funcionario se reuni\u00f3 en su despacho y en la AFIP con&nbsp;<strong>Florencia Misrahi<\/strong>, la nueva jefa de la Administraci\u00f3n Federal de Ingresos P\u00fablicos, que tambi\u00e9n esperaba por su designaci\u00f3n oficial.<\/p>\n\n\n\n<p>M\u00e1s all\u00e1 de Michel -uno de los asesores que&nbsp;<a rel=\"noreferrer noopener\" href=\"https:\/\/www.infobae.com\/economia\/2023\/12\/08\/los-detalles-de-la-cumbre-secreta-milei-massa-un-desayuno-de-tres-horas-transicion-y-temas-candentes\/\" target=\"_blank\">acompa\u00f1\u00f3 a Massa al desayuno de hace dos domingos con Milei y su hermana Karina<\/a>-, este fin de semana s\u00ed se hab\u00eda confirmado la continuidad de otros funcionarios massistas como&nbsp;<strong>Marco Lavagna, Leonardo Madcur&nbsp;<\/strong>o<strong>&nbsp;Flavia Roy\u00f3n<\/strong>, que alimentaron las sospechas de una suerte de colaboraci\u00f3n del jefe del Frente Renovador con el nuevo presidente, relativizada por voceros del anterior gobierno.<\/p>\n\n\n\n<p>Uno de los casos m\u00e1s resonante, sin embargo, es el de&nbsp;<strong>Yanina Mart\u00ednez<\/strong>, que seguir\u00e1 en Turismo y Deportes. Era de \u00edntima confianza del presidente saliente. Ahora se referencia en&nbsp;<strong>Daniel Scioli.<\/strong><\/p>\n\n\n\n<p>En AYSA, Malena Galmarini todav\u00eda segu\u00eda en estas horas al frente de la empresa y, seg\u00fan fuentes del massismo, se presum\u00eda que podr\u00eda ocupar ese lugar hasta al menos la semana entrante cuando, seg\u00fan trascendi\u00f3, ser\u00eda nominada en el Grupo BAPRO por&nbsp;<strong>Axel Kicillof<\/strong>. \u201cEsta semana se queda seguro\u201d, explicaron fuentes de AYSA. En los \u00faltimos d\u00edas surgieron versiones en el sindicalismo de supuestos chispazos con el gremio de Obras Sanitarias por los pasos a seguir.<\/p>\n\n\n\n<p>Hasta este lunes, puertas adentro de la compa\u00f1\u00eda, una de las sociedades an\u00f3nimas -el Estado nacional posee el 90% del capital social- que el flamante presidente prometi\u00f3 privatizar, no sobresal\u00eda ning\u00fan nombre de potenciales sucesores de Galmarini. Solo trascendidos.<\/p>\n\n\n\n<p>En la&nbsp;<strong>Unidad de Informaci\u00f3n Financiera (UIF)<\/strong>, otra oficina p\u00fablica de trascendencia, tampoco hab\u00eda este lunes novedades en relaci\u00f3n al reemplazo de&nbsp;<strong>Juan Carlos Otero<\/strong>, un abogado especializado con pasado en la CNV al que en los \u00faltimos a\u00f1os vincularon con la agrupaci\u00f3n La C\u00e1mpora. En la \u00faltima semana, el nombre que se ventil\u00f3 para ese organismo fue el de&nbsp;<strong>Ra\u00fal Saccani<\/strong>, t\u00e9cnicamente sobrio pero sin experiencia en la administraci\u00f3n p\u00fablica, ligado a la firma Deloitte y al Consejo Profesional de Ciencias Econ\u00f3micas. El tema era analizado por el ministro&nbsp;<strong>Mariano C\u00faneo Libarona<\/strong>, que absorbi\u00f3 la unidad y que en estas semanas dio sobradas muestras de resistencia a las imposiciones que intent\u00f3 parte del macrismo, impulsadas por el ex presidente.<\/p>\n\n\n\n<p>Son solo algunas \u00e1reas de decenas de lugares que todav\u00eda esperan para su ocupaci\u00f3n definitiva.<\/p>\n\n\n\n<p><img decoding=\"async\" loading=\"lazy\" alt=\"A\u00fan no est\u00e1 confirmado qui\u00e9n ser\u00e1 designado en la Agencia Federal de Inteligencia \" height=\"1080\" width=\"1920\" src=\"https:\/\/www.infobae.com\/new-resizer\/aTXlu_MzbKHXP5lndyL5smpv5yA=\/420x236\/filters:format(webp):quality(85)\/cloudfront-us-east-1.images.arcpublishing.com\/infobae\/4Z77RWM3IVHAZFIZTVBEH745SM.jpg%20420w\" srcset=\"https:\/\/www.infobae.com\/new-resizer\/aTXlu_MzbKHXP5lndyL5smpv5yA=\/420x236\/filters:format(webp):quality(85)\/cloudfront-us-east-1.images.arcpublishing.com\/infobae\/4Z77RWM3IVHAZFIZTVBEH745SM.jpg 420w,https:\/\/www.infobae.com\/new-resizer\/FCY_XWGc1n8E6-xr8JgM2LooCzs=\/768x432\/filters:format(webp):quality(85)\/cloudfront-us-east-1.images.arcpublishing.com\/infobae\/4Z77RWM3IVHAZFIZTVBEH745SM.jpg 768w,https:\/\/www.infobae.com\/new-resizer\/M9tZcd5NaXvqPaoIKvT0yB7ylZo=\/992x558\/filters:format(webp):quality(85)\/cloudfront-us-east-1.images.arcpublishing.com\/infobae\/4Z77RWM3IVHAZFIZTVBEH745SM.jpg 992w,https:\/\/www.infobae.com\/new-resizer\/SjK4IvyrzmxTiXZ2MynI9yuVQVA=\/1200x675\/filters:format(webp):quality(85)\/cloudfront-us-east-1.images.arcpublishing.com\/infobae\/4Z77RWM3IVHAZFIZTVBEH745SM.jpg 1200w,https:\/\/www.infobae.com\/new-resizer\/B5JyPk7QK8ZANRIGNeyMGT4jExw=\/1440x810\/filters:format(webp):quality(85)\/cloudfront-us-east-1.images.arcpublishing.com\/infobae\/4Z77RWM3IVHAZFIZTVBEH745SM.jpg 1440w\">A\u00fan no est\u00e1 confirmado qui\u00e9n ser\u00e1 designado en la Agencia Federal de Inteligencia<\/p>\n\n\n\n<p>La misma situaci\u00f3n se registraba en Culto, dependiente de Canciller\u00eda, una oficina central para la relaci\u00f3n con la Iglesia. Este fin de semana se especul\u00f3 con&nbsp;<strong>Roberto Bosch Estevez<\/strong>, un diplom\u00e1tico de carrera designado desde hace tiempo en la embajada argentina en Madrid. La canciller Diana Mondino, seg\u00fan trascendi\u00f3, no se hab\u00eda definido a\u00fan.&nbsp;<strong>Cynthia Hotton&nbsp;<\/strong>tambi\u00e9n se hab\u00eda anotado, seg\u00fan dijeron en su entorno, con un supuesto aval del Papa Francisco. El diputado&nbsp;<strong>Santiago Santurio<\/strong>, de LLA, con buenos v\u00ednculos con la Iglesia, impulsaba por su parte a otro candidato para ese sill\u00f3n.<\/p>\n\n\n\n<p>En la embajada ante el Vaticano, en Roma, no hab\u00eda noticias por el momento para el reemplazo de la embajadora Mar\u00eda Fernanda Silva. Francisco, seg\u00fan circul\u00f3, no ten\u00eda previsto imponer a ning\u00fan postulante. Por el contrario, esperaba por la definici\u00f3n del gobierno.<\/p>\n\n\n\n<p>Tampoco se hab\u00eda resuelto, al menos de lo que trascendi\u00f3, si finalmente&nbsp;<strong>Federico Sturzenegger<\/strong>, ex presidente del Banco Central, y&nbsp;<strong>Armando Guibert<\/strong>, uno de los cerebros de la reforma del Estado implementada por Carlos Menem en los \u201890, ser\u00edan designados formalmente en el Poder Ejecutivo. En el primer caso, a cargo del rubro \u201cdesregulaci\u00f3n\u201d. Guibert, por su parte, se decid\u00eda si tendr\u00eda un despacho bajo el paraguas de Posse.<\/p>\n\n\n\n<p>El fin de semana, en la previa del traspaso de mando, Sturzenegger se instal\u00f3 en una de las oficinas del estudio de C\u00faneo Libarona de Cerrito y Libertador, en el bajo de Retiro, donde se improvisaron reuniones del gabinete entrante. Seg\u00fan testigos, futuros funcionarios hac\u00edan fila a la espera de que el ex presidente del Central les tomara una especie de examen sobre las vacantes a cubrir.<\/p>\n\n\n\n<p>FUENTE: INFOBAE<\/p>\n","protected":false},"excerpt":{"rendered":"<div class=\"mh-excerpt\"><p>Hasta anoche, mientras se terminaban de delinear las primeras medidas del plan ortodoxo de ajuste fiscal que el ministro&nbsp;Luis Caputo&nbsp;ten\u00eda previsto anunciar a la tarde, crec\u00edan con fuerzas las chances de que&nbsp;Silvestre S\u00edvori, un abogado que trabaja desde hace tiempo junto al jefe de Gabinete,&nbsp;Nicol\u00e1s Posse, se hiciera cargo de la Administraci\u00f3n Federal de Inteligencia (AFI). \u201cLas chances son muy altas\u201d, aseguraron este lunes fuentes cercanas a S\u00edvori, aunque todav\u00eda esperaban la designaci\u00f3n con la publicaci\u00f3n del nombramiento en el Bolet\u00edn Oficial, el \u00f3rgano de difusi\u00f3n oficializa la entrada en vigencia de las leyes del Congreso y las decisiones administrativas <a class=\"mh-excerpt-more\" href=\"http:\/\/dsrmedios.com.ar\/diario\/archivos\/42225\" title=\"Milei define la conducci\u00f3n de la AFI y todav\u00eda hay indecisiones en otras \u00e1reas clave del Gobierno\">[Leer m\u00e1s]<\/a><\/p>\n<\/div>","protected":false},"author":8,"featured_media":42163,"comment_status":"open","ping_status":"closed","sticky":false,"template":"","format":"standard","meta":{"_jetpack_newsletter_access":""},"categories":[6],"tags":[],"jetpack_featured_media_url":"http:\/\/dsrmedios.com.ar\/diario\/wp-content\/uploads\/2023\/12\/descarga-12.jpeg","jetpack_sharing_enabled":true,"jetpack_shortlink":"https:\/\/wp.me\/p9fihK-aZ3","_links":{"self":[{"href":"http:\/\/dsrmedios.com.ar\/diario\/wp-json\/wp\/v2\/posts\/42225"}],"collection":[{"href":"http:\/\/dsrmedios.com.ar\/diario\/wp-json\/wp\/v2\/posts"}],"about":[{"href":"http:\/\/dsrmedios.com.ar\/diario\/wp-json\/wp\/v2\/types\/post"}],"author":[{"embeddable":true,"href":"http:\/\/dsrmedios.com.ar\/diario\/wp-json\/wp\/v2\/users\/8"}],"replies":[{"embeddable":true,"href":"http:\/\/dsrmedios.com.ar\/diario\/wp-json\/wp\/v2\/comments?post=42225"}],"version-history":[{"count":1,"href":"http:\/\/dsrmedios.com.ar\/diario\/wp-json\/wp\/v2\/posts\/42225\/revisions"}],"predecessor-version":[{"id":42226,"href":"http:\/\/dsrmedios.com.ar\/diario\/wp-json\/wp\/v2\/posts\/42225\/revisions\/42226"}],"wp:featuredmedia":[{"embeddable":true,"href":"http:\/\/dsrmedios.com.ar\/diario\/wp-json\/wp\/v2\/media\/42163"}],"wp:attachment":[{"href":"http:\/\/dsrmedios.com.ar\/diario\/wp-json\/wp\/v2\/media?parent=42225"}],"wp:term":[{"taxonomy":"category","embeddable":true,"href":"http:\/\/dsrmedios.com.ar\/diario\/wp-json\/wp\/v2\/categories?post=42225"},{"taxonomy":"post_tag","embeddable":true,"href":"http:\/\/dsrmedios.com.ar\/diario\/wp-json\/wp\/v2\/tags?post=42225"}],"curies":[{"name":"wp","href":"https:\/\/api.w.org\/{rel}","templated":true}]}}