{"id":42223,"date":"2023-12-12T09:32:19","date_gmt":"2023-12-12T12:32:19","guid":{"rendered":"http:\/\/dsrmedios.com.ar\/diario\/?p=42223"},"modified":"2023-12-12T09:32:22","modified_gmt":"2023-12-12T12:32:22","slug":"definen-nuevo-dolar-para-importaciones-se-acercara-a-los-800-y-se-achica-la-brecha-cambiaria","status":"publish","type":"post","link":"http:\/\/dsrmedios.com.ar\/diario\/archivos\/42223","title":{"rendered":"Definen nuevo d\u00f3lar para importaciones: se acercar\u00e1 a los $800 y se achica la brecha cambiaria"},"content":{"rendered":"\n<p>El Presidente\u00a0<strong>Javier Milei<\/strong>\u00a0mantuvo varias reuniones durante su primer d\u00eda como Presidente con\u00a0<strong>Luis \u201cToto\u201d Caputo<\/strong>\u00a0para terminar de delinear las inminentes medidas econ\u00f3micas, las primeras de la nueva gesti\u00f3n. El ministro de Econom\u00eda ser\u00e1 el encargado de divulgarlas hoy a las 17 y las relacionadas con el mercado cambiario empezar\u00e1n a regir, presumiblemente, desde ma\u00f1ana.<a rel=\"noreferrer noopener\" href=\"https:\/\/www.infobae.com\/economia\/2023\/12\/12\/expectativa-por-las-medidas-economicas-se-comunicaran-esta-tarde-y-apuntan-a-lo-fiscal-y-lo-monetario\/\" target=\"_blank\"><\/a><a rel=\"noreferrer noopener\" href=\"https:\/\/www.infobae.com\/economia\/2023\/12\/12\/los-primeros-anuncios-de-caputo-cambios-en-retenciones-y-recortes-fiscales-sin-motosierra-ni-privatizaciones\/\" target=\"_blank\"><\/a><\/p>\n\n\n\n<p>La principal inc\u00f3gnita que se despejar\u00e1 hoy es el valor del tipo de cambio oficial a partir de ma\u00f1ana. Aunque no se descartan sorpresas, la idea de Milei-Caputo es validar la cotizaci\u00f3n de $650 que se mencion\u00f3 en los d\u00edas previos a la asunci\u00f3n presidencial.<\/p>\n\n\n\n<p>La salvedad es que se seguir\u00e1 cobrando el impuesto PAIS para las importaciones, que en la pr\u00e1ctica implica un encarecimiento adicional. Si el gravamen se fija en 20%, el d\u00f3lar para los importadores pasar\u00eda a un valor cercano a los $780 y si se eleva al 30% quedar\u00eda por encima de los $800.<\/p>\n\n\n\n<p>Los exportadores ingresar\u00edan sus divisas a $650, cercano al nivel que estaba vigente en el \u00faltimo mes, a partir del esquema 50%-50%. Ese nivel surge de liquidar la mitad de las divisas por el mercado oficial y la otra mitad por el contado con liquidaci\u00f3n.<\/p>\n\n\n\n<p>De esta manera, el Gobierno espera ir normalizando lentamente el funcionamiento del comercio exterior, partiendo de un valor m\u00e1s realista para el d\u00f3lar oficial. La brecha cambiaria, de confirmarse estos niveles, quedar\u00eda de arranque en un rango de 25% a 40%. La Uni\u00f3n Industrial Argentina asegur\u00f3 hace pocos d\u00edas que la deuda del Central por importaciones aprobadas pero no pagadas ya asciende a los USD 60.000 millones, otro de los temas de la herencia que deber\u00e1 encarar el gobierno entrante. El objetivo es que con un nuevo tipo de cambio, m\u00e1s cercano al real de mercado, las operaciones de comercio exterior se vayan lentamente normalizando y que no siga en aumento esa millonaria deuda del BCRA.<\/p>\n\n\n\n<p><img decoding=\"async\" loading=\"lazy\" alt=\"Luis Caputo, ayer, al ingresar a Casa Rosada. REUTERS\/Agustin Marcarian\" height=\"3616\" width=\"5500\" src=\"https:\/\/www.infobae.com\/new-resizer\/Nzn5z99eKQaDLxVcVOvAu2AeQnk=\/420x280\/filters:format(webp):quality(85)\/cloudfront-us-east-1.images.arcpublishing.com\/infobae\/LRIW2HSGKVMUAD3Z4BJ2OK2KUM.jpg%20420w\" srcset=\"https:\/\/www.infobae.com\/new-resizer\/Nzn5z99eKQaDLxVcVOvAu2AeQnk=\/420x280\/filters:format(webp):quality(85)\/cloudfront-us-east-1.images.arcpublishing.com\/infobae\/LRIW2HSGKVMUAD3Z4BJ2OK2KUM.jpg 420w,https:\/\/www.infobae.com\/new-resizer\/J9sBZF0Kj7fDkxjH7p8ubcWabGM=\/768x512\/filters:format(webp):quality(85)\/cloudfront-us-east-1.images.arcpublishing.com\/infobae\/LRIW2HSGKVMUAD3Z4BJ2OK2KUM.jpg 768w,https:\/\/www.infobae.com\/new-resizer\/f-CoX7y4odyUt55Y7q5dguXVJvc=\/992x661\/filters:format(webp):quality(85)\/cloudfront-us-east-1.images.arcpublishing.com\/infobae\/LRIW2HSGKVMUAD3Z4BJ2OK2KUM.jpg 992w,https:\/\/www.infobae.com\/new-resizer\/ZvhcY7u4lD_AoICgqub1goqDl8w=\/1200x800\/filters:format(webp):quality(85)\/cloudfront-us-east-1.images.arcpublishing.com\/infobae\/LRIW2HSGKVMUAD3Z4BJ2OK2KUM.jpg 1200w,https:\/\/www.infobae.com\/new-resizer\/X4-h66S-wCK5icZaSuX3BGQMNFk=\/1440x960\/filters:format(webp):quality(85)\/cloudfront-us-east-1.images.arcpublishing.com\/infobae\/LRIW2HSGKVMUAD3Z4BJ2OK2KUM.jpg 1440w\">Luis Caputo, ayer, al ingresar a Casa Rosada. REUTERS\/Agustin Marcarian<\/p>\n\n\n\n<p>Tambi\u00e9n hay expectativa por el funcionamiento del mercado de d\u00f3lares financieros. Habr\u00eda menos restricciones para operar con d\u00f3lar MEP y contado con liquidaci\u00f3n, especialmente en lo que respecta a los cupos para operar en forma semanal, algo que restringe mucho la actividad de las empresas. Pero por otra parte hay dudas sobre si se mantendr\u00e1 la restricci\u00f3n para acceder a los d\u00f3lares financieros a quienes tengan acceso al mercado oficial.<\/p>\n\n\n\n<p>Por supuesto la idea del flamante equipo econ\u00f3mico es que estas medidas cambiarias constituyan un primer paso que decante en la unificaci\u00f3n de los distintos d\u00f3lares que hoy existen. La reducci\u00f3n de la brecha es un primer paso, pero tambi\u00e9n debe ser convincente el plan fiscal para recuperar la demanda de pesos y que ceda la presi\u00f3n cambiaria.<\/p>\n\n\n\n<p>De manera paralela, tambi\u00e9n se est\u00e1 trabajando en un plan para rescatar las Leliq en poder de los bancos y reemplazarlas por bonos emitidos por el Tesoro. Es esperable que Caputo tambi\u00e9n realice anuncios en esta direcci\u00f3n en su presentaci\u00f3n por la tarde.<\/p>\n\n\n\n<blockquote class=\"wp-block-quote\">\n<p>Las medidas cambiarias son las m\u00e1s urgentes, en particular el sinceramiento del d\u00f3lar oficial. Pero al mismo tiempo es necesario para el nuevo Gobierno avanzar de manera decidida con el plan de ajuste fiscal, en b\u00fasqueda del equilibrio de las cuentas p\u00fablicos. Sin esto, fracasar\u00eda el intento de estabilizaci\u00f3n y posterior unificaci\u00f3n cambiaria<\/p>\n<\/blockquote>\n\n\n\n<p>Mientras se esperan las palabras del ministro, durante la jornada de hoy el mercado seguir\u00e1 inmerso en un virtual feriado cambiario, tal como sucedi\u00f3 luego que el Banco Central orden\u00f3 la \u201cconformidad previa\u201d para cualquier transacci\u00f3n en moneda extranjera.<\/p>\n\n\n\n<p>El coraz\u00f3n de las medidas pasar\u00e1 por un reordenamiento del mercado financiero y cambiario, donde est\u00e1n las mayores urgencias. Pero al mismo tiempo tambi\u00e9n habr\u00e1 importantes lineamientos relacionados con el objetivo central que hoy tiene el flamante Gobierno: dar la mayor cantidad de certezas respecto a la forma en que alcanzar\u00e1n lo m\u00e1s r\u00e1pidamente posible el equilibrio fiscal.<\/p>\n\n\n\n<p>En el Gobierno entienden que una cosa va de la mano de la otra: dominar al mercado cambiario exige un estricto control del gasto p\u00fablico. En el mercado a\u00fan ponen en duda que sea factible eliminar un d\u00e9ficit de 5% del PBI entre el rojo primarios y los intereses de la deuda del Tesoro. Convencer a los inversores que esto ser\u00e1 posible es una tarea principal para la nueva administraci\u00f3n, ya que ser\u00eda la \u00fanica forma de eliminar la emisi\u00f3n monetaria, una de las promesas de campa\u00f1a de Milei.<\/p>\n\n\n\n<p>Fuente: Infobae<\/p>\n","protected":false},"excerpt":{"rendered":"<div class=\"mh-excerpt\"><p>El Presidente\u00a0Javier Milei\u00a0mantuvo varias reuniones durante su primer d\u00eda como Presidente con\u00a0Luis \u201cToto\u201d Caputo\u00a0para terminar de delinear las inminentes medidas econ\u00f3micas, las primeras de la nueva gesti\u00f3n. El ministro de Econom\u00eda ser\u00e1 el encargado de divulgarlas hoy a las 17 y las relacionadas con el mercado cambiario empezar\u00e1n a regir, presumiblemente, desde ma\u00f1ana. La principal inc\u00f3gnita que se despejar\u00e1 hoy es el valor del tipo de cambio oficial a partir de ma\u00f1ana. Aunque no se descartan sorpresas, la idea de Milei-Caputo es validar la cotizaci\u00f3n de $650 que se mencion\u00f3 en los d\u00edas previos a la asunci\u00f3n presidencial. La salvedad <a class=\"mh-excerpt-more\" href=\"http:\/\/dsrmedios.com.ar\/diario\/archivos\/42223\" title=\"Definen nuevo d\u00f3lar para importaciones: se acercar\u00e1 a los $800 y se achica la brecha cambiaria\">[Leer m\u00e1s]<\/a><\/p>\n<\/div>","protected":false},"author":8,"featured_media":40125,"comment_status":"open","ping_status":"closed","sticky":false,"template":"","format":"standard","meta":{"_jetpack_newsletter_access":""},"categories":[6],"tags":[],"jetpack_featured_media_url":"http:\/\/dsrmedios.com.ar\/diario\/wp-content\/uploads\/2023\/10\/dolar.webp","jetpack_sharing_enabled":true,"jetpack_shortlink":"https:\/\/wp.me\/p9fihK-aZ1","_links":{"self":[{"href":"http:\/\/dsrmedios.com.ar\/diario\/wp-json\/wp\/v2\/posts\/42223"}],"collection":[{"href":"http:\/\/dsrmedios.com.ar\/diario\/wp-json\/wp\/v2\/posts"}],"about":[{"href":"http:\/\/dsrmedios.com.ar\/diario\/wp-json\/wp\/v2\/types\/post"}],"author":[{"embeddable":true,"href":"http:\/\/dsrmedios.com.ar\/diario\/wp-json\/wp\/v2\/users\/8"}],"replies":[{"embeddable":true,"href":"http:\/\/dsrmedios.com.ar\/diario\/wp-json\/wp\/v2\/comments?post=42223"}],"version-history":[{"count":1,"href":"http:\/\/dsrmedios.com.ar\/diario\/wp-json\/wp\/v2\/posts\/42223\/revisions"}],"predecessor-version":[{"id":42224,"href":"http:\/\/dsrmedios.com.ar\/diario\/wp-json\/wp\/v2\/posts\/42223\/revisions\/42224"}],"wp:featuredmedia":[{"embeddable":true,"href":"http:\/\/dsrmedios.com.ar\/diario\/wp-json\/wp\/v2\/media\/40125"}],"wp:attachment":[{"href":"http:\/\/dsrmedios.com.ar\/diario\/wp-json\/wp\/v2\/media?parent=42223"}],"wp:term":[{"taxonomy":"category","embeddable":true,"href":"http:\/\/dsrmedios.com.ar\/diario\/wp-json\/wp\/v2\/categories?post=42223"},{"taxonomy":"post_tag","embeddable":true,"href":"http:\/\/dsrmedios.com.ar\/diario\/wp-json\/wp\/v2\/tags?post=42223"}],"curies":[{"name":"wp","href":"https:\/\/api.w.org\/{rel}","templated":true}]}}