{"id":42207,"date":"2023-12-11T11:15:57","date_gmt":"2023-12-11T14:15:57","guid":{"rendered":"http:\/\/dsrmedios.com.ar\/diario\/?p=42207"},"modified":"2023-12-11T11:16:00","modified_gmt":"2023-12-11T14:16:00","slug":"milei-encabezo-la-primera-reunion-de-gabinete-y-analizo-como-avanzar-con-el-paquete-de-leyes","status":"publish","type":"post","link":"http:\/\/dsrmedios.com.ar\/diario\/archivos\/42207","title":{"rendered":"Milei encabez\u00f3 la primera reuni\u00f3n de gabinete y analiz\u00f3 c\u00f3mo avanzar con el paquete de leyes"},"content":{"rendered":"\n<p>Este lunes por la ma\u00f1ana,<a href=\"https:\/\/tn.com.ar\/politica\/2023\/12\/10\/sin-transmision-oficial-javier-milei-les-tomo-juramento-a-sus-ministros\/\" target=\"_blank\" rel=\"noreferrer noopener\">&nbsp;<strong>Javier Milei&nbsp;<\/strong><\/a><strong>encabez\u00f3 su primera reuni\u00f3n con ministros,&nbsp;<\/strong>en la que tambi\u00e9n estuvieron presentes Victoria Villarruel -vicepresidenta y presidenta del Senado- y Mart\u00edn Menem, presidente de la C\u00e1mara de Diputados.<\/p>\n\n\n\n<p>La presencia de los presidentes de ambas c\u00e1maras significa que parte de la reuni\u00f3n que comenz\u00f3 a las 9 de la ma\u00f1ana, luego de la\u00a0<a rel=\"noreferrer noopener\" href=\"https:\/\/tn.com.ar\/politica\/2023\/12\/11\/javier-milei-presidente-minuto-a-minuto-la-agenda-del-primer-dia-y-las-primeras-medidas\/\" target=\"_blank\">conferencia de prensa que brind\u00f3 el vocero presidencial, Manuel Adorni<\/a>, no s\u00f3lo estuvo enfocada en coordinar el trabajo interno de los ministros sino que tambi\u00e9n\u00a0<strong>se enfoc\u00f3 en la actividad legislativa.<\/strong><\/p>\n\n\n\n<p>El reducido gabinete analiz\u00f3 esta ma\u00f1ana junto a&nbsp;<strong>Menem&nbsp;<\/strong>y&nbsp;<strong>Villarruel&nbsp;<\/strong>las primeras medidas que va a mandar Javier Milei al Congreso de la Naci\u00f3n y&nbsp;<a href=\"https:\/\/tn.com.ar\/economia\/2023\/12\/10\/ajuste-fiscal-inflacion-y-cepo-al-dolar-las-primeras-definiciones-economicas-de-javier-milei-como-presidente\/\" target=\"_blank\" rel=\"noreferrer noopener\">evaluaron c\u00f3mo conviene llevarlas adelante<\/a>, dada la desigualdad de votos que tiene La Libertad Avanza en ambas c\u00e1maras.<\/p>\n\n\n\n<p>El bloque oficialista<strong>&nbsp;cuenta con 38 diputados nacionales y con apenas 7 senadores,<\/strong>&nbsp;por lo que est\u00e1 obligado a negociar continuamente con todos los bloques, espec\u00edficamente con los m\u00e1s cercanos y no con el Frente de Todos, que es mayor\u00eda en el Congreso.<\/p>\n\n\n\n<p>Varias de las&nbsp;<a href=\"https:\/\/tn.com.ar\/economia\/2023\/12\/10\/una-por-una-las-medidas-que-prepara-javier-milei-para-su-primer-dia-como-presidente\/\" target=\"_blank\" rel=\"noreferrer noopener\"><strong>medidas econ\u00f3micas&nbsp;<\/strong><\/a>que implementar\u00e1 la nueva gesti\u00f3n&nbsp;<strong>pueden adoptarse por resoluci\u00f3n del Banco Centra<\/strong>l, aunque hay que tener en cuenta que todav\u00eda no est\u00e1 nombrado el directorio. Milei deber\u00e1 nombrar a los miembros en comisi\u00f3n.<\/p>\n\n\n\n<p>Las mismas medidas tambi\u00e9n pueden llevarse adelante a trav\u00e9s de Decretos de Necesidad y Urgencia (DNU), aunque no todas, dado que<strong>&nbsp;algunas deben pasar inexorablemente<\/strong>&nbsp;por el Congreso de la Naci\u00f3n.<\/p>\n\n\n\n<figure class=\"wp-block-image\"><img decoding=\"async\" src=\"https:\/\/tn.com.ar\/resizer\/yQASMg6Cy7mf85Wfl1THHmKpmLE=\/767x0\/smart\/filters:format(webp)\/cloudfront-us-east-1.images.arcpublishing.com\/artear\/OMSMCZ6YQP4TV4ALNBF5K5SIVM.jpg\" alt=\"El reci\u00e9n juramentado presidente de Argentina, Javier Milei, habla frente al Congreso en Buenos Aires, Argentina, el domingo 10 de diciembre de 2023. (Foto AP\/Natacha Pisarenko)\"\/><figcaption class=\"wp-element-caption\">El reci\u00e9n juramentado presidente de Argentina, Javier Milei, habla frente al Congreso en Buenos Aires, Argentina, el domingo 10 de diciembre de 2023. (Foto AP\/Natacha Pisarenko)Por:&nbsp;<strong>AP<\/strong><\/figcaption><\/figure>\n\n\n\n<p>Luego de la reuni\u00f3n de Gabinete que se desarrolla en Casa Rosada,&nbsp;<strong>Javier Milei y la canciller Diana Mondino mantendr\u00e1n un encuentro bilateral&nbsp;<\/strong>con el vicepresidente del Comit\u00e9 Permanente de la Asamblea Popular Nacional de China, el m\u00e1ximo \u00f3rgano legislativo de ese pa\u00eds, Wu Weihua, enviado especial del presidente Xi Jinping a la asunci\u00f3n del nuevo mandatario argentino.<\/p>\n\n\n\n<h2>Las medidas que prepara Javier Milei para su primer d\u00eda como presidente<\/h2>\n\n\n\n<p><strong>\u201cNo hay plata\u201d<\/strong>&nbsp;y&nbsp;<strong>\u201cno hay alternativa al ajuste\u201d&nbsp;<\/strong>son dos de las&nbsp;<a href=\"https:\/\/tn.com.ar\/economia\/2023\/12\/10\/ajuste-fiscal-inflacion-y-cepo-al-dolar-las-primeras-definiciones-economicas-de-javier-milei-como-presidente\/\">primeras definiciones que dio Javier Milei como presidente<\/a>&nbsp;y que marcar\u00e1n la respuesta a varias de sus primeras medidas. El jefe de Estado y su equipo ya prepara una serie de iniciativas que ser\u00e1n anunciadas antes de la&nbsp;<a href=\"https:\/\/tn.com.ar\/economia\/2023\/12\/10\/dolar-cripto-a-cuanto-cotiza-el-unico-mercado-abierto-hoy-durante-la-asuncion-de-javier-milei\/\">apertura de los mercados<\/a>.<\/p>\n\n\n\n<p>De acuerdo a lo que trascendi\u00f3, el Gobierno tiene planificado una bater\u00eda de medidas para dar inicio a su plan de \u201cshock\u201d para ordenar la macroeconom\u00eda, que incluye un fuerte ajuste para reducir el d\u00e9ficit fiscal, un freno a la emisi\u00f3n monetaria y modificaciones sobre el esquema cambiarios.<\/p>\n\n\n\n<ul>\n<li><strong>Quita de subsidios a las tarifas<\/strong>, gradual pero r\u00e1pido: entre enero y abril;<\/li>\n\n\n\n<li><strong>Prohibici\u00f3n<\/strong>&nbsp;al BCRA para&nbsp;<strong>emitir&nbsp;<\/strong>y&nbsp;<strong>financiar&nbsp;<\/strong>al Tesoro;<\/li>\n\n\n\n<li><strong>Freno a la obra p\u00fablica;<\/strong><\/li>\n\n\n\n<li><strong>Congelar beneficios<\/strong>&nbsp;presupuestarios para las empresas privadas;<\/li>\n\n\n\n<li>Suba del&nbsp;<strong>impuesto PAIS<\/strong>&nbsp;para importaciones;<\/li>\n\n\n\n<li>Suspensi\u00f3n de los Aportes del Tesoro Nacional (ATN) a las&nbsp;<strong>provincias;<\/strong><\/li>\n\n\n\n<li><strong>Devaluaci\u00f3n del tipo de cambio oficial<\/strong>;<\/li>\n\n\n\n<li>Liberaci\u00f3n de precios.<\/li>\n<\/ul>\n\n\n\n<h2>Qui\u00e9nes est\u00e1n presentes en la reuni\u00f3n de Gabinete de Javier Milei<\/h2>\n\n\n\n<ul>\n<li><strong>Nicol\u00e1s Posse,&nbsp;<\/strong>jefe de Gabinete.<\/li>\n\n\n\n<li><strong>Luis Caputo,&nbsp;<\/strong>ministro de Econom\u00eda.<\/li>\n\n\n\n<li><strong>Patricia Bullrich,&nbsp;<\/strong>ministra de Seguridad.<\/li>\n\n\n\n<li><strong>Diana Mondino,&nbsp;<\/strong>ministra de Relaciones Exteriores.<\/li>\n\n\n\n<li><strong>Mario Russo,&nbsp;<\/strong>ministro de Salud.<\/li>\n\n\n\n<li><strong>Mariano C\u00faneo Libarona,&nbsp;<\/strong>ministro de Justicia.<\/li>\n\n\n\n<li><strong>Sandra Pettovello,&nbsp;<\/strong>ministra de Capital Humano.<\/li>\n\n\n\n<li><strong>Guillermo Ferraro,&nbsp;<\/strong>ministro de Infraestructura.<\/li>\n\n\n\n<li><strong>Luis Petri,&nbsp;<\/strong>ministro de Defensa.<\/li>\n<\/ul>\n\n\n\n<p>Fuente: TN<\/p>\n","protected":false},"excerpt":{"rendered":"<div class=\"mh-excerpt\"><p>Este lunes por la ma\u00f1ana,&nbsp;Javier Milei&nbsp;encabez\u00f3 su primera reuni\u00f3n con ministros,&nbsp;en la que tambi\u00e9n estuvieron presentes Victoria Villarruel -vicepresidenta y presidenta del Senado- y Mart\u00edn Menem, presidente de la C\u00e1mara de Diputados. La presencia de los presidentes de ambas c\u00e1maras significa que parte de la reuni\u00f3n que comenz\u00f3 a las 9 de la ma\u00f1ana, luego de la\u00a0conferencia de prensa que brind\u00f3 el vocero presidencial, Manuel Adorni, no s\u00f3lo estuvo enfocada en coordinar el trabajo interno de los ministros sino que tambi\u00e9n\u00a0se enfoc\u00f3 en la actividad legislativa. El reducido gabinete analiz\u00f3 esta ma\u00f1ana junto a&nbsp;Menem&nbsp;y&nbsp;Villarruel&nbsp;las primeras medidas que va a mandar <a class=\"mh-excerpt-more\" href=\"http:\/\/dsrmedios.com.ar\/diario\/archivos\/42207\" title=\"Milei encabez\u00f3 la primera reuni\u00f3n de gabinete y analiz\u00f3 c\u00f3mo avanzar con el paquete de leyes\">[Leer m\u00e1s]<\/a><\/p>\n<\/div>","protected":false},"author":8,"featured_media":39256,"comment_status":"open","ping_status":"closed","sticky":false,"template":"","format":"standard","meta":{"_jetpack_newsletter_access":""},"categories":[6],"tags":[],"jetpack_featured_media_url":"http:\/\/dsrmedios.com.ar\/diario\/wp-content\/uploads\/2023\/09\/milei-4-940x529-1.jpg","jetpack_sharing_enabled":true,"jetpack_shortlink":"https:\/\/wp.me\/p9fihK-aYL","_links":{"self":[{"href":"http:\/\/dsrmedios.com.ar\/diario\/wp-json\/wp\/v2\/posts\/42207"}],"collection":[{"href":"http:\/\/dsrmedios.com.ar\/diario\/wp-json\/wp\/v2\/posts"}],"about":[{"href":"http:\/\/dsrmedios.com.ar\/diario\/wp-json\/wp\/v2\/types\/post"}],"author":[{"embeddable":true,"href":"http:\/\/dsrmedios.com.ar\/diario\/wp-json\/wp\/v2\/users\/8"}],"replies":[{"embeddable":true,"href":"http:\/\/dsrmedios.com.ar\/diario\/wp-json\/wp\/v2\/comments?post=42207"}],"version-history":[{"count":1,"href":"http:\/\/dsrmedios.com.ar\/diario\/wp-json\/wp\/v2\/posts\/42207\/revisions"}],"predecessor-version":[{"id":42208,"href":"http:\/\/dsrmedios.com.ar\/diario\/wp-json\/wp\/v2\/posts\/42207\/revisions\/42208"}],"wp:featuredmedia":[{"embeddable":true,"href":"http:\/\/dsrmedios.com.ar\/diario\/wp-json\/wp\/v2\/media\/39256"}],"wp:attachment":[{"href":"http:\/\/dsrmedios.com.ar\/diario\/wp-json\/wp\/v2\/media?parent=42207"}],"wp:term":[{"taxonomy":"category","embeddable":true,"href":"http:\/\/dsrmedios.com.ar\/diario\/wp-json\/wp\/v2\/categories?post=42207"},{"taxonomy":"post_tag","embeddable":true,"href":"http:\/\/dsrmedios.com.ar\/diario\/wp-json\/wp\/v2\/tags?post=42207"}],"curies":[{"name":"wp","href":"https:\/\/api.w.org\/{rel}","templated":true}]}}