{"id":42201,"date":"2023-12-11T11:11:20","date_gmt":"2023-12-11T14:11:20","guid":{"rendered":"http:\/\/dsrmedios.com.ar\/diario\/?p=42201"},"modified":"2023-12-11T11:11:23","modified_gmt":"2023-12-11T14:11:23","slug":"tras-la-asuncion-de-milei-axel-kicillof-jurara-su-segundo-mandato-y-se-espera-una-fuerte-convocatoria-del-peronismo","status":"publish","type":"post","link":"http:\/\/dsrmedios.com.ar\/diario\/archivos\/42201","title":{"rendered":"Tras la asunci\u00f3n de Milei, Axel Kicillof jurar\u00e1 su segundo mandato y se espera una fuerte convocatoria del peronismo"},"content":{"rendered":"\n<p>El gobernador de la provincia de Buenos Aires<em>,<\/em>&nbsp;<a rel=\"noreferrer noopener\" href=\"https:\/\/www.infobae.com\/tag\/axel-kicillof\/\" target=\"_blank\"><strong>Axel Kicillof<\/strong><em><strong>,<\/strong><\/em><\/a>jurar\u00e1 este lunes su segundo mandato al frente del Ejecutivo bonaerense. Ser\u00e1 a partir de las 18 en la C\u00e1mara de Diputados provincial y&nbsp;<strong>se espera que su discurso sea firme y confronte&nbsp;<\/strong>con lo que este domingo plante\u00f3 el presidente&nbsp;<a rel=\"noreferrer noopener\" href=\"https:\/\/www.infobae.com\/tag\/javier-milei\/\" target=\"_blank\"><strong>Javier Milei<\/strong>&nbsp;<\/a>cuando asumi\u00f3 formalmente como Jefe de Estado.<\/p>\n\n\n\n<p>Kicillof hablar\u00e1 ante diputados y senadores provinciales en un clima de expectativa por el contenido de sus palabras, tras lo que fue la asunci\u00f3n de Milei. Buena parte de la atenci\u00f3n pol\u00edtica en este nuevo escenario estar\u00e1 sobre el rumbo de la provincia de Buenos Aires; es algo que incluso admiten qui\u00e9nes rodean al mandatario bonaerense.<\/p>\n\n\n\n<p>Tras la formalidad y el discurso que brinde desde el recinto de la C\u00e1mara baja bonaerense,&nbsp;<strong>Kicillof se trasladar\u00e1 hasta la Casa de Gobierno para hablar frente a la militancia<\/strong>. As\u00ed como Milei pronunci\u00f3 su discurso desde las escalinatas del Congreso -emulando las ceremonias de asunci\u00f3n presidencial de Estados Unidos- Kicillof har\u00e1 algo parecido que ya ha hecho por ejemplo cuando asumi\u00f3 en 2019. Solo que hablar\u00e1 en el recinto y luego a la militancia.<\/p>\n\n\n\n<p>\u201cVamos a hacer un acto con escenario en la puerta de Casa de Gobierno.\u00a0<strong>Austero, como es nuestra costumbre\u201d<\/strong>, adelant\u00f3 a\u00a0<strong>Infobae\u00a0<\/strong>uno de los organizadores de la movida, pos jura institucional. Desliz\u00f3 tambi\u00e9n que en ese acto habr\u00e1 presencia de los intendentes del peronismo; algunos de los cuales movilizar\u00e1n la militancia, los movimientos sociales y el sindicalismo.\u00a0<strong>Se planea un acto austero, pero se espera una foto del genoma peronista.<\/strong><\/p>\n\n\n\n<p>Lo concreto es que intendentes, funcionarios y organizaciones est\u00e1n convocando a la Plaza San Mart\u00edn de la capital bonaerense<strong>. La organizaci\u00f3n La Patria es el Otro, por ejemplo, es una de ella.<\/strong>&nbsp;El espacio que nuclea a diferentes agrupaciones kirchneristas y comanda el ministro de Desarrollo de la Comunidad bonaerense,&nbsp;<strong>Andr\u00e9s \u201cCuervo\u201d Larroque<\/strong>&nbsp;es uno de las que har\u00e1 una fuerte puesta en escena.<\/p>\n\n\n\n<p>\u201cLa conclusi\u00f3n es que no hay alternativa al ajuste y no hay alternativa al shock, naturalmente eso repercutir\u00e1 de modo negativo sobre el nivel de actividad, el empleo, los salarios reales, la cantidad de pobres e indigentes\u201d, dijo Milei en sus primeros minutos como presidente en funciones. Todo lo contrario, se espera que plantee el gobernador bonaerense que estuvo presente en la ceremonia de traspaso de mando y<strong>&nbsp;se estrech\u00f3 la mano con el presidente en lo que fue el primer contacto p\u00fablico entre presidente y gobernador.<\/strong><\/p>\n\n\n\n<p><img decoding=\"async\" loading=\"lazy\" alt=\"Kicillof, Jorge Macri, junto a otros gobernadores y dirigentes en la asunci\u00f3n de Milei (Senado Argentina)\" height=\"1280\" width=\"1920\" src=\"https:\/\/www.infobae.com\/new-resizer\/53PFSv2RauU0pL0BXBzv4ebsFJw=\/420x280\/filters:format(webp):quality(85)\/cloudfront-us-east-1.images.arcpublishing.com\/infobae\/TN5BTQP4DZEN3DIKUZP7SDHEOE.jpg%20420w\" srcset=\"https:\/\/www.infobae.com\/new-resizer\/53PFSv2RauU0pL0BXBzv4ebsFJw=\/420x280\/filters:format(webp):quality(85)\/cloudfront-us-east-1.images.arcpublishing.com\/infobae\/TN5BTQP4DZEN3DIKUZP7SDHEOE.jpg 420w,https:\/\/www.infobae.com\/new-resizer\/1zRxTM0u05Jf5QOR4AxFzBkIjw4=\/768x512\/filters:format(webp):quality(85)\/cloudfront-us-east-1.images.arcpublishing.com\/infobae\/TN5BTQP4DZEN3DIKUZP7SDHEOE.jpg 768w,https:\/\/www.infobae.com\/new-resizer\/Fucx3z_-TTC_a_9t2CbDq8ijdoQ=\/992x661\/filters:format(webp):quality(85)\/cloudfront-us-east-1.images.arcpublishing.com\/infobae\/TN5BTQP4DZEN3DIKUZP7SDHEOE.jpg 992w,https:\/\/www.infobae.com\/new-resizer\/msbwf_ZmZvimsFvR3AijDk2DKv4=\/1200x800\/filters:format(webp):quality(85)\/cloudfront-us-east-1.images.arcpublishing.com\/infobae\/TN5BTQP4DZEN3DIKUZP7SDHEOE.jpg 1200w,https:\/\/www.infobae.com\/new-resizer\/h0mbNQaBJrriRagdQrGoY_K-d0M=\/1440x960\/filters:format(webp):quality(85)\/cloudfront-us-east-1.images.arcpublishing.com\/infobae\/TN5BTQP4DZEN3DIKUZP7SDHEOE.jpg 1440w\">Kicillof, Jorge Macri, junto a otros gobernadores y dirigentes en la asunci\u00f3n de Milei (Senado Argentina)<\/p>\n\n\n\n<p>La provincia de Buenos Aires de la mano de su conducci\u00f3n pol\u00edtica&nbsp;<strong>se convertir\u00e1 en contrapeso a la administraci\u00f3n central.&nbsp;<\/strong>Sin embargo, buena parte de la estrategia est\u00e1 atada a la transferencia de recursos. Si Milei recorta, como ya anunci\u00f3,&nbsp;<strong>el flujo de fondos nacionales que llegar\u00e1n a la administraci\u00f3n de Kicillof ser\u00e1n escasos al igual que el margen de acci\u00f3n que tenga.<\/strong><\/p>\n\n\n\n<p>Sin embargo, se espera que este lunes el mandatario ratifique el rumbo de gesti\u00f3n de lo que fue su primer mandato de gobierno, en base al resultado electoral que le dio una reelecci\u00f3n por un amplio margen contra Juntos y La Libertad Avanza.<\/p>\n\n\n\n<p>Por lo pronto, el \u00faltimo fin de semana el gobernador anunci\u00f3 los cambios en su gabinete para el segundo mandato de gobierno. La \u00fanica se\u00f1al de achicamiento fue la eliminaci\u00f3n de la Jefatura de Gabinete bonaerense. Una estructura que ya hab\u00eda adelantado que dejar\u00eda de funcionar cuando estall\u00f3 el caso de\u00a0<strong>Mart\u00edn Insaurralde<\/strong>\u00a0y su viaje en yate por Marbella<\/p>\n\n\n\n<p>Hubo algunas sorpresas como la llegada de la ex ministra de Econom\u00eda y presidenta del Banco Naci\u00f3n,&nbsp;<strong>Silvina Batakis<\/strong>, que ser\u00e1 la nueva ministra de H\u00e1bitat y Vivienda; la salida de<strong>&nbsp;Sergio Berni&nbsp;<\/strong>en Seguridad y el arribo del ex viceministro de Justicia de la Naci\u00f3n,&nbsp;<strong>Juan Mart\u00edn Mena,<\/strong>&nbsp;a la cartera de Justicia y Derechos Humanos. Mena es un hombre de la exvicepresidenta&nbsp;<strong>Cristina Kirchner<\/strong>.<\/p>\n\n\n\n<p>En esas modificaciones tambi\u00e9n apareci\u00f3 la llegada de<strong>&nbsp;Gabriel Katopodis<\/strong>&nbsp;como nuevo ministro de Infraestructura y Servicios P\u00fablicos. El ex intendente de San Mart\u00edn y funcionario saliente de la Obra P\u00fablica del gobierno peronista a nivel nacional, tendr\u00e1 que discutir contra la idea de \u201cobra p\u00fablica cero\u201d que plante\u00f3 La Libertad Avanza y la intervenci\u00f3n directa all\u00ed del sector privado.<\/p>\n\n\n\n<p>En su discurso frente a la asamblea legislativa<strong>, Kicillof har\u00e1 un repaso de los primeros cuatro a\u00f1os de gesti\u00f3n y buscar\u00e1 diferenciarse del modelo de shock y ajuste<\/strong>. A la premisa de ajuste sobre el sector p\u00fablico que plante\u00f3 Milei, le contestar\u00e1 con mayor presencia estatal. Es probable, tambi\u00e9n, que detalle algunos n\u00fameros como la construcci\u00f3n de edificios educativos o Centros de Atenci\u00f3n Primaria (CAP) de Salud y la decisi\u00f3n de tener all\u00ed un Estado presente.<\/p>\n\n\n\n<p><strong>Los gremios estatales ya est\u00e1n en alerta por las medidas que se vienen a nivel nacional<\/strong>. La Asociaci\u00f3n de Trabajadores del Estado (ATE), \u201cconvoc\u00f3 a una reuni\u00f3n con todo el secretariado nacional y las conducciones provinciales para el jueves 14 de diciembre\u201d. Sostienen que \u201cel shock de ajuste que propone Milei termina de destruir a los trabajadores y jubilados\u201d. En la provincia, la relaci\u00f3n con el gobierno bonaerense es af\u00edn y con un contundente respaldo a la figura de Kicillof, que se materializ\u00f3 en las elecciones. Estar\u00e1n en la tarde de este lunes acompa\u00f1ando al mandatario bonaerense. Lo mismo confirm\u00f3 todo el arco gremial. Una de las posibilidades es que en la tarde noche de este lunes,\u00a0<strong>Kicillof empiece formalmente el recorrido para convertirse en la principal figura opositora a las pol\u00edticas de la Naci\u00f3n.<\/strong><\/p>\n\n\n\n<p>Fuente: Infobae<\/p>\n","protected":false},"excerpt":{"rendered":"<div class=\"mh-excerpt\"><p>El gobernador de la provincia de Buenos Aires,&nbsp;Axel Kicillof,jurar\u00e1 este lunes su segundo mandato al frente del Ejecutivo bonaerense. Ser\u00e1 a partir de las 18 en la C\u00e1mara de Diputados provincial y&nbsp;se espera que su discurso sea firme y confronte&nbsp;con lo que este domingo plante\u00f3 el presidente&nbsp;Javier Milei&nbsp;cuando asumi\u00f3 formalmente como Jefe de Estado. Kicillof hablar\u00e1 ante diputados y senadores provinciales en un clima de expectativa por el contenido de sus palabras, tras lo que fue la asunci\u00f3n de Milei. Buena parte de la atenci\u00f3n pol\u00edtica en este nuevo escenario estar\u00e1 sobre el rumbo de la provincia de Buenos Aires; <a class=\"mh-excerpt-more\" href=\"http:\/\/dsrmedios.com.ar\/diario\/archivos\/42201\" title=\"Tras la asunci\u00f3n de Milei, Axel Kicillof jurar\u00e1 su segundo mandato y se espera una fuerte convocatoria del peronismo\">[Leer m\u00e1s]<\/a><\/p>\n<\/div>","protected":false},"author":8,"featured_media":33910,"comment_status":"open","ping_status":"closed","sticky":false,"template":"","format":"standard","meta":{"_jetpack_newsletter_access":""},"categories":[7],"tags":[],"jetpack_featured_media_url":"http:\/\/dsrmedios.com.ar\/diario\/wp-content\/uploads\/2023\/05\/p14-axel-kicillof-n_optjpeg.jpeg","jetpack_sharing_enabled":true,"jetpack_shortlink":"https:\/\/wp.me\/p9fihK-aYF","_links":{"self":[{"href":"http:\/\/dsrmedios.com.ar\/diario\/wp-json\/wp\/v2\/posts\/42201"}],"collection":[{"href":"http:\/\/dsrmedios.com.ar\/diario\/wp-json\/wp\/v2\/posts"}],"about":[{"href":"http:\/\/dsrmedios.com.ar\/diario\/wp-json\/wp\/v2\/types\/post"}],"author":[{"embeddable":true,"href":"http:\/\/dsrmedios.com.ar\/diario\/wp-json\/wp\/v2\/users\/8"}],"replies":[{"embeddable":true,"href":"http:\/\/dsrmedios.com.ar\/diario\/wp-json\/wp\/v2\/comments?post=42201"}],"version-history":[{"count":1,"href":"http:\/\/dsrmedios.com.ar\/diario\/wp-json\/wp\/v2\/posts\/42201\/revisions"}],"predecessor-version":[{"id":42203,"href":"http:\/\/dsrmedios.com.ar\/diario\/wp-json\/wp\/v2\/posts\/42201\/revisions\/42203"}],"wp:featuredmedia":[{"embeddable":true,"href":"http:\/\/dsrmedios.com.ar\/diario\/wp-json\/wp\/v2\/media\/33910"}],"wp:attachment":[{"href":"http:\/\/dsrmedios.com.ar\/diario\/wp-json\/wp\/v2\/media?parent=42201"}],"wp:term":[{"taxonomy":"category","embeddable":true,"href":"http:\/\/dsrmedios.com.ar\/diario\/wp-json\/wp\/v2\/categories?post=42201"},{"taxonomy":"post_tag","embeddable":true,"href":"http:\/\/dsrmedios.com.ar\/diario\/wp-json\/wp\/v2\/tags?post=42201"}],"curies":[{"name":"wp","href":"https:\/\/api.w.org\/{rel}","templated":true}]}}