{"id":42188,"date":"2023-12-11T11:04:31","date_gmt":"2023-12-11T14:04:31","guid":{"rendered":"http:\/\/dsrmedios.com.ar\/diario\/?p=42188"},"modified":"2023-12-11T11:04:34","modified_gmt":"2023-12-11T14:04:34","slug":"caputo-apunta-a-bajar-la-brecha-al-40-pero-corre-el-riesgo-de-que-vuelva-a-aumentar","status":"publish","type":"post","link":"http:\/\/dsrmedios.com.ar\/diario\/archivos\/42188","title":{"rendered":"Caputo apunta a bajar la brecha al 40%, pero corre el riesgo de que vuelva a aumentar"},"content":{"rendered":"\n<p>La brecha cambiaria fue uno de los temas abordados por<strong>\u00a0Javier Milei\u00a0<\/strong>en su discurso en el Congreso, dejando en claro que para el nuevo Gobierno se trata de un tema delicado que conforma la pesada herencia que dej\u00f3 el kirchnerismo. Por eso, una de las primeras medidas que se anunciar\u00edan hoy pasan por un fuerte ajuste del tipo de cambio oficial, con el objetivo de reducir dr\u00e1sticamente la brecha cambiaria.<a rel=\"noreferrer noopener\" href=\"https:\/\/www.infobae.com\/economia\/2023\/12\/11\/de-una-herencia-a-la-otra-las-diferencias-entre-los-discursos-inaugurales-de-javier-milei-y-alberto-fernandez\/\" target=\"_blank\"><\/a><\/p>\n\n\n\n<p>El flamante Presidente indic\u00f3 que la brecha actual oscila entre 150% y 200%, \u201cque son niveles similares a la previa al Rodrigazo\u201d. La intenci\u00f3n seria que vuelva a niveles algo m\u00e1s manejables para atravesar la transici\u00f3n de los pr\u00f3ximos meses, que seg\u00fan sus propias palabras profundizar\u00e1 la estanflaci\u00f3n. \u201cSer\u00e1 el \u00faltimo mal trago antes de recuperar el crecimiento\u201d, sentenci\u00f3.<\/p>\n\n\n\n<p>Con d\u00f3lares financieros en torno a los 1.000 pesos, la inc\u00f3gnita que se develar\u00e1 hoy temprano es a cu\u00e1nto se ajustar\u00e1 el d\u00f3lar oficial, con el objetivo de achicar sustancialmente la brecha. En el segundo mandato de&nbsp;<strong>Cristina Kirchner<\/strong>, esa diferencia promedi\u00f3 entre el 30% y el 40%. Consigui\u00f3 que la inflaci\u00f3n no se dispare y entreg\u00f3 el mandato a fines de 2015 con un \u00edndice del 25 por ciento. Claro que las tarifas se manten\u00edan congeladas.<\/p>\n\n\n\n<p><img decoding=\"async\" loading=\"lazy\" alt=\"Celestino Rodrigo, una de las ominosas referencias hist\u00f3ricas que hizo Milei en su discurso inicial. La otra fue la hiperinflaci\u00f3n de 1989\" height=\"361\" width=\"300\" src=\"https:\/\/www.infobae.com\/new-resizer\/ZKsCc_Ae4KAIJJDfIj8q5xZk5-I=\/420x560\/filters:format(webp):quality(85)\/cloudfront-us-east-1.images.arcpublishing.com\/infobae\/NZ2RZQHKNVG3DATAWQQ52IPGE4.jpg%20420w\" srcset=\"https:\/\/www.infobae.com\/new-resizer\/ZKsCc_Ae4KAIJJDfIj8q5xZk5-I=\/420x560\/filters:format(webp):quality(85)\/cloudfront-us-east-1.images.arcpublishing.com\/infobae\/NZ2RZQHKNVG3DATAWQQ52IPGE4.jpg 420w,https:\/\/www.infobae.com\/new-resizer\/YKSn77OSCwWCzeTqIxyiXdtQS6s=\/768x1024\/filters:format(webp):quality(85)\/cloudfront-us-east-1.images.arcpublishing.com\/infobae\/NZ2RZQHKNVG3DATAWQQ52IPGE4.jpg 768w,https:\/\/www.infobae.com\/new-resizer\/eEOwZ0AAwpNwueWpS9ueNxef_Jk=\/992x1323\/filters:format(webp):quality(85)\/cloudfront-us-east-1.images.arcpublishing.com\/infobae\/NZ2RZQHKNVG3DATAWQQ52IPGE4.jpg 992w,https:\/\/www.infobae.com\/new-resizer\/JrIl2heMQKDmhvCYTkUH6fdwfNM=\/1200x1600\/filters:format(webp):quality(85)\/cloudfront-us-east-1.images.arcpublishing.com\/infobae\/NZ2RZQHKNVG3DATAWQQ52IPGE4.jpg 1200w\">Celestino Rodrigo, una de las ominosas referencias hist\u00f3ricas que hizo Milei en su discurso inicial. La otra fue la hiperinflaci\u00f3n de 1989<\/p>\n\n\n\n<p>Este sinceramiento del d\u00f3lar oficial y la reducci\u00f3n de la brecha cambiaria vendr\u00eda acompa\u00f1ado adem\u00e1s de un relajamiento de los controles para comprar y vender d\u00f3lares a trav\u00e9s del d\u00f3lar MEP y el contado con liquidaci\u00f3n. Sin embargo, esas nuevas reglas reci\u00e9n se conocer\u00e1n en los pr\u00f3ximos d\u00edas, ya que es necesaria la confirmaci\u00f3n del directorio de la Comisi\u00f3n Nacional de Valores, que ni siquiera tiene a\u00fan presidente designado.<\/p>\n\n\n\n<h2>Chau gradualismo<\/h2>\n\n\n\n<p>Milei dej\u00f3 en claro que se avecinan pol\u00edticas de shock, agregando adem\u00e1s que el gradualismo fracas\u00f3 casi siempre en la Argentina. Adem\u00e1s, reiter\u00f3 para justificar su postura que \u201cno hay plata\u201d para hacer frente a una transici\u00f3n demasiado larga.<\/p>\n\n\n\n<p>Esas pol\u00edticas de shock estar\u00e1n particularmente apuntadas a eliminar el d\u00e9ficit fiscal y descartar la emisi\u00f3n monetaria por parte del Banco Central.<\/p>\n\n\n\n<p>En cambio, al rev\u00e9s de lo sucedido durante la gesti\u00f3n de Macri, no se apuntar\u00e1 al menos a una unificaci\u00f3n cambiaria. El riesgo es que la brecha aumente a partir del nivel que se fije hoy. Esto podr\u00eda suceder por distintos motivos: problemas para pasar la ley \u00f3mnibus por el Congreso, dificultades para dar se\u00f1ales concretas de reducci\u00f3n r\u00e1pida del d\u00e9ficit fiscal y presi\u00f3n sobre los d\u00f3lares financieros ante el exceso de pesos que existe en el mercado.<\/p>\n\n\n\n<p><img decoding=\"async\" loading=\"lazy\" alt=\"Milei descart\u00f3 el gradualismo que aplicaron Macri y su primer ministro de Econom\u00eda, Alfonso Prat Gay, y Caputo no intentar\u00e1 por ahora unificar el mercado de cambios, como hizo de entrada aquel gobierno\n\n(Reuters)\n\" height=\"1079\" width=\"1920\" src=\"https:\/\/www.infobae.com\/new-resizer\/_jmuEHhieyVzuoh3o5GxO3crL-8=\/420x236\/filters:format(webp):quality(85)\/cloudfront-us-east-1.images.arcpublishing.com\/infobae\/JT45DFNUQVHSRFYRTCNIACM6FA.jpg%20420w\" srcset=\"https:\/\/www.infobae.com\/new-resizer\/_jmuEHhieyVzuoh3o5GxO3crL-8=\/420x236\/filters:format(webp):quality(85)\/cloudfront-us-east-1.images.arcpublishing.com\/infobae\/JT45DFNUQVHSRFYRTCNIACM6FA.jpg 420w,https:\/\/www.infobae.com\/new-resizer\/tiFzxuvK7qycyhgEVPhGEAbroF8=\/768x432\/filters:format(webp):quality(85)\/cloudfront-us-east-1.images.arcpublishing.com\/infobae\/JT45DFNUQVHSRFYRTCNIACM6FA.jpg 768w,https:\/\/www.infobae.com\/new-resizer\/og3KcE_9O_2YiVgCgW87Klr0GTM=\/992x558\/filters:format(webp):quality(85)\/cloudfront-us-east-1.images.arcpublishing.com\/infobae\/JT45DFNUQVHSRFYRTCNIACM6FA.jpg 992w,https:\/\/www.infobae.com\/new-resizer\/0NUnQAejecL4fK7Cz5LmBOdR5ck=\/1200x675\/filters:format(webp):quality(85)\/cloudfront-us-east-1.images.arcpublishing.com\/infobae\/JT45DFNUQVHSRFYRTCNIACM6FA.jpg 1200w,https:\/\/www.infobae.com\/new-resizer\/_jjbO0gEiXARyJ2v4BrzQsc9pB8=\/1440x810\/filters:format(webp):quality(85)\/cloudfront-us-east-1.images.arcpublishing.com\/infobae\/JT45DFNUQVHSRFYRTCNIACM6FA.jpg 1440w\">Milei descart\u00f3 el gradualismo que aplicaron Macri y su primer ministro de Econom\u00eda, Alfonso Prat Gay, y Caputo no intentar\u00e1 por ahora unificar el mercado de cambios, como hizo de entrada aquel gobierno (Reuters)<\/p>\n\n\n\n<p>No salir del cepo cambiario r\u00e1pido conlleva, por lo tanto, el riesgo de un nuevo aumento de la brecha que complicar\u00eda el inicio del gobierno de Milei y el plan econ\u00f3mico de fuertes reformas que se propone llevar adelante.<\/p>\n\n\n\n<h2>Tasa de inter\u00e9s<\/h2>\n\n\n\n<p>\u00bfEstar\u00e1 acompa\u00f1ado el ajuste del tipo de cambio oficial por una suba de la tasa de inter\u00e9s adicional para prevenir el aumento de los d\u00f3lares financieros? Se trata de una decisi\u00f3n compleja, ya que provocar\u00eda mayor presi\u00f3n sobre los pasivos remunerados del Central y la necesidad de emisi\u00f3n. Sin embargo, la actual tasa nominal de 133% (que es un 253% de tasa efectiva) es negativa en t\u00e9rminos reales, pues est\u00e1 por debajo de la inflaci\u00f3n.<\/p>\n\n\n\n<p>Se estima que la reducci\u00f3n de la brecha cambiaria es un paso intermedio que podr\u00eda durar unos 120 d\u00edas hasta que comiencen a ingresar los d\u00f3lares de la cosecha gruesa, a partir de abril. En ese momento el Central empezar\u00eda a recuperar reservas y ser\u00eda m\u00e1s f\u00e1cil y a una unificaci\u00f3n cambiaria. A partir de all\u00ed, los planes no est\u00e1n claros: si se ir\u00e1 a una unificaci\u00f3n del tipo de cambio y libre flotaci\u00f3n como en 2015 o si en realidad se privilegiar\u00e1 una suerte de \u201cneo Convertibilidad\u201d con tipo de cambio fijo, a partir de las reservas que acumule el Central.<\/p>\n\n\n\n<p>Fuente: Infobae<\/p>\n","protected":false},"excerpt":{"rendered":"<div class=\"mh-excerpt\"><p>La brecha cambiaria fue uno de los temas abordados por\u00a0Javier Milei\u00a0en su discurso en el Congreso, dejando en claro que para el nuevo Gobierno se trata de un tema delicado que conforma la pesada herencia que dej\u00f3 el kirchnerismo. Por eso, una de las primeras medidas que se anunciar\u00edan hoy pasan por un fuerte ajuste del tipo de cambio oficial, con el objetivo de reducir dr\u00e1sticamente la brecha cambiaria. El flamante Presidente indic\u00f3 que la brecha actual oscila entre 150% y 200%, \u201cque son niveles similares a la previa al Rodrigazo\u201d. La intenci\u00f3n seria que vuelva a niveles algo m\u00e1s <a class=\"mh-excerpt-more\" href=\"http:\/\/dsrmedios.com.ar\/diario\/archivos\/42188\" title=\"Caputo apunta a bajar la brecha al 40%, pero corre el riesgo de que vuelva a aumentar\">[Leer m\u00e1s]<\/a><\/p>\n<\/div>","protected":false},"author":8,"featured_media":42192,"comment_status":"open","ping_status":"closed","sticky":false,"template":"","format":"standard","meta":{"_jetpack_newsletter_access":""},"categories":[6],"tags":[],"jetpack_featured_media_url":"http:\/\/dsrmedios.com.ar\/diario\/wp-content\/uploads\/2023\/12\/caputo.jpg","jetpack_sharing_enabled":true,"jetpack_shortlink":"https:\/\/wp.me\/p9fihK-aYs","_links":{"self":[{"href":"http:\/\/dsrmedios.com.ar\/diario\/wp-json\/wp\/v2\/posts\/42188"}],"collection":[{"href":"http:\/\/dsrmedios.com.ar\/diario\/wp-json\/wp\/v2\/posts"}],"about":[{"href":"http:\/\/dsrmedios.com.ar\/diario\/wp-json\/wp\/v2\/types\/post"}],"author":[{"embeddable":true,"href":"http:\/\/dsrmedios.com.ar\/diario\/wp-json\/wp\/v2\/users\/8"}],"replies":[{"embeddable":true,"href":"http:\/\/dsrmedios.com.ar\/diario\/wp-json\/wp\/v2\/comments?post=42188"}],"version-history":[{"count":1,"href":"http:\/\/dsrmedios.com.ar\/diario\/wp-json\/wp\/v2\/posts\/42188\/revisions"}],"predecessor-version":[{"id":42193,"href":"http:\/\/dsrmedios.com.ar\/diario\/wp-json\/wp\/v2\/posts\/42188\/revisions\/42193"}],"wp:featuredmedia":[{"embeddable":true,"href":"http:\/\/dsrmedios.com.ar\/diario\/wp-json\/wp\/v2\/media\/42192"}],"wp:attachment":[{"href":"http:\/\/dsrmedios.com.ar\/diario\/wp-json\/wp\/v2\/media?parent=42188"}],"wp:term":[{"taxonomy":"category","embeddable":true,"href":"http:\/\/dsrmedios.com.ar\/diario\/wp-json\/wp\/v2\/categories?post=42188"},{"taxonomy":"post_tag","embeddable":true,"href":"http:\/\/dsrmedios.com.ar\/diario\/wp-json\/wp\/v2\/tags?post=42188"}],"curies":[{"name":"wp","href":"https:\/\/api.w.org\/{rel}","templated":true}]}}