{"id":42162,"date":"2023-12-10T13:51:13","date_gmt":"2023-12-10T16:51:13","guid":{"rendered":"http:\/\/dsrmedios.com.ar\/diario\/?p=42162"},"modified":"2023-12-10T13:51:16","modified_gmt":"2023-12-10T16:51:16","slug":"ajuste-fiscal-inflacion-y-cepo-al-dolar-las-primeras-definiciones-economicas-de-javier-milei-como-presidente","status":"publish","type":"post","link":"http:\/\/dsrmedios.com.ar\/diario\/archivos\/42162","title":{"rendered":"Ajuste fiscal, inflaci\u00f3n y cepo al d\u00f3lar: las primeras definiciones econ\u00f3micas de Javier Milei como presidente"},"content":{"rendered":"\n<p><a href=\"https:\/\/tn.com.ar\/politica\/2023\/12\/10\/asuncion-presidencial-de-javier-milei-en-vivo-horario-quienes-vienen-y-cronograma-del-10-de-diciembre\/\" target=\"_blank\" rel=\"noreferrer noopener\"><strong>Javier Milei jur\u00f3 ante la Asamblea Legislativa<\/strong><\/a>&nbsp;y se convirti\u00f3 en el Presidente de la Argentina. Luego de presentarse ante el Congreso, se dirigi\u00f3 a las escalinatas y dio su primer discurso en p\u00fablico como jefe de Estado. Desde all\u00ed dio algunos&nbsp;<strong>lineamientos econ\u00f3micos&nbsp;<\/strong>para lo que viene.<\/p>\n\n\n\n<p>\u201cNing\u00fan gobierno ha recibido una herencia peor que la que estamos recibiendo nosotros\u201d, expres\u00f3 Milei y sigui\u00f3: \u201cEl kirchnerismo, que en sus inicios se jactaba de tener super\u00e1vit gemelos, fiscal y externo, hoy nos deja\u00a0<strong>d\u00e9ficit gemelos por 17% del PBI<\/strong>\u201d.<\/p>\n\n\n\n<p>\u201cA su vez, el 15% corresponde al d\u00e9ficit consolidado<strong>&nbsp;entre el Tesoro y el Banco Central.&nbsp;<\/strong>Por lo tanto, no existe soluci\u00f3n viable en la que se evite atacar el d\u00e9ficit fiscal. Un 5% corresponde al Tesoro y 10% al Banco Central\u201d, explic\u00f3.<\/p>\n\n\n\n<figure class=\"wp-block-image\"><img decoding=\"async\" src=\"https:\/\/tn.com.ar\/resizer\/u-XYDNzXjwuIBidu47CY1nJEvZk=\/767x0\/smart\/filters:format(webp)\/cloudfront-us-east-1.images.arcpublishing.com\/artear\/JSZY7FV2QRGUPPVZBIN5Q5FKSU.png\" alt=\"Fachada del BCRA. (Foto: NA)\"\/><figcaption class=\"wp-element-caption\">Fachada del BCRA. (Foto: NA)<\/figcaption><\/figure>\n\n\n\n<p>As\u00ed, Milei se refiri\u00f3 a las medidas que tomar\u00e1 para afrontar este escenario:&nbsp;<strong>\u201cLa soluci\u00f3n implica, por un lado, un ajuste fiscal en el sector p\u00fablico de 5 puntos del PBI<\/strong>, que a diferencia del pasado, caer\u00e1 casi totalmente sobre el Estado y no sobre el sector privado\u201d.<\/p>\n\n\n\n<p>\u201cPor otro lado, es necesario&nbsp;<strong>limpiar los pasivos remunerados del Banco Central<\/strong>&nbsp;que son responsables de los 10 puntos del d\u00e9ficit. De esta manera se pondr\u00eda fin a la emisi\u00f3n de dinero y con ello a la \u00fanica<strong>&nbsp;causa de la inflaci\u00f3n&nbsp;<\/strong>emp\u00edricamente cierta y v\u00e1lida en t\u00e9rminos te\u00f3ricos\u201d, indic\u00f3 el libertario.<\/p>\n\n\n\n<figure class=\"wp-block-image\"><img decoding=\"async\" src=\"https:\/\/tn.com.ar\/resizer\/SiXm2y2waueTy1qcuEyfUgZEloM=\/767x0\/smart\/filters:format(webp)\/thumbs.vodgc.net\/8A957C99B6C29ABAC281F24C2EAF9E08655_1080P.jpg\" alt=\"Video Placeholder\"\/><\/figure>\n\n\n\n<p>Javier Milei habl\u00f3 sobre la pol\u00edtica econ\u00f3mica que llevar\u00e1 adelante.<\/p>\n\n\n\n<p>\u201cLa pol\u00edtica monetaria act\u00faa con un resago que oscila entre 18 a 24 meses, aun cuando dejemos de emitir dinero seguiremos pagando los costos del desmadre monetario del desmadre monetario del gobierno saliente.&nbsp;<strong>Haber emitido por 20 puntos del PBI no es gratis: lo vamos a pagar en inflaci\u00f3n\u201d.<\/strong><\/p>\n\n\n\n<p>\u201cA su vez, el<strong>&nbsp;cepo cambiario<\/strong>&nbsp;no s\u00f3lo constituye una pesadilla social y productiva porque implica altas tasas de inter\u00e9s, bajo nivel de actividad y de empleo formal y salarios reales miserables que impulsan el aumento de pobres e indigentes, sino que adem\u00e1s, hoy&nbsp;<strong>el sobrante de dinero en la econom\u00eda es el doble del que hab\u00eda en el Rodrigazo, que multplic\u00f3 por seis la tasa de inflaci\u00f3n.<\/strong><\/p>\n\n\n\n<figure class=\"wp-block-image\"><img decoding=\"async\" src=\"https:\/\/tn.com.ar\/resizer\/XUgHCm8XPezrwzKYvQZpk9qDkvw=\/767x0\/smart\/filters:format(webp)\/thumbs.vodgc.net\/AF1C18FFB1F6F4CA03AC25820F6D8FFA457_1080P.jpg\" alt=\"Video Placeholder\"\/><\/figure>\n\n\n\n<p>Javier Milei habl\u00f3 de la hiperinflaci\u00f3n.<\/p>\n\n\n\n<p>Inmediatamente, Javier Milei enfatiz\u00f3: \u201cUn evento similar significar\u00eda<strong>&nbsp;multiplicar la tasa de inflaci\u00f3n por 12&nbsp;<\/strong>y dado que viene viajando a un ritmo del 300%, podr\u00edamos pasar a una&nbsp;<strong>tasa anual del 3600%.<\/strong>&nbsp;A su vez, dada la situaci\u00f3n de los pasivos remunerados del BCRA, en muy poco tiempo se podr\u00eda cuadriplicar la cantidad de dinero y con eso llevar a la inflaci\u00f3n a niveles del 15.000% anual.<\/p>\n\n\n\n<p>\u201cEste n\u00famero, que parece un disparate, implica una<strong>\u00a0inflaci\u00f3n del 52% mensual<\/strong>, mientras que hoy mismo viaja a un ritmo que oscilan entre\u00a0<strong>el 20% y el 40% mensual\u00a0<\/strong>para los meses entre diciembre y febrero.<\/p>\n\n\n\n<p>\u201cEl gobierno saliente nos dej\u00f3 plantada una&nbsp;<strong>hiperinflaci\u00f3n&nbsp;<\/strong>y es nuestra m\u00e1xima prioridad hacer todos los esfuerzos para evitar semejante cat\u00e1strofe que llevar\u00eda a la pobreza por encima del 90% y la indigencia por encima del 50%. No hay soluci\u00f3n alternativa al ajuste\u201d, argument\u00f3 el Presidente.<\/p>\n\n\n\n<figure class=\"wp-block-image\"><img decoding=\"async\" src=\"https:\/\/tn.com.ar\/resizer\/BqNDhh3LnR5qXB5wMtBeEOb6yI8=\/767x0\/smart\/filters:format(webp)\/thumbs.vodgc.net\/5858C15075C9E8B728A90C9AE179D79D020_1080P.jpg\" alt=\"Video Placeholder\"\/><\/figure>\n\n\n\n<p>Javier Milei centr\u00f3 su discurso en la econom\u00eda<\/p>\n\n\n\n<p>\u201cLa herencia no termina ah\u00ed\u201d, dijo Milei al compas de los c\u00e1nticos de la militancia. \u201cLos<strong>&nbsp;desequilibrios en tarifas&nbsp;<\/strong>son solo equiparables al desastre que dej\u00f3 el kirchnerismo en el 2015. En el plano cambiario la brecha oscila entre el 150% y 200%\u201d, apunt\u00f3.<\/p>\n\n\n\n<p>La deuda con importadores, seg\u00fan Milei, \u201csupera los\u00a0<strong>US$30.000 millones<\/strong>\u00a0y las utilidades retenidas a las empresas extranjeras alcanzan los\u00a0<strong>US$10.000 millones<\/strong>. La deuda del BCRA e YPF suman US$25.000 millones y la deuda del Tesoro suma US$35.000 millones adicionales. La bomba de deuda asciende a US$100.000 millones que habr\u00e1 que sumar a los US$420.000 millones de deuda existente\u201d.<\/p>\n\n\n\n<p>\u201cLa conclusi\u00f3n es que no hay alternativa al ajuste y el shock. Eso impactar\u00e1 de modo negativo sobre el nivel de actividad, el empleo, los salarios reales y la cantidad de pobres e indigentes.<strong>\u00a0Habr\u00e1 estanflaci\u00f3n<\/strong>, es cierto, pero no es algo muy distinto a lo que ha pasado en los \u00faltimos 12 a\u00f1os con una ca\u00edda del 15% del PBI per c\u00e1pita. Hace m\u00e1s de una d\u00e9cada que vivimos en estanflaci\u00f3n y este\u00a0<strong>es el \u00faltimo mal trago\u00a0<\/strong>para comenzar la reconstrucci\u00f3n argentina\u201d, sostuvo el l\u00edder de La Libertad Avanza.<\/p>\n\n\n\n<p>Fuente: TN<\/p>\n","protected":false},"excerpt":{"rendered":"<div class=\"mh-excerpt\"><p>Javier Milei jur\u00f3 ante la Asamblea Legislativa&nbsp;y se convirti\u00f3 en el Presidente de la Argentina. Luego de presentarse ante el Congreso, se dirigi\u00f3 a las escalinatas y dio su primer discurso en p\u00fablico como jefe de Estado. Desde all\u00ed dio algunos&nbsp;lineamientos econ\u00f3micos&nbsp;para lo que viene. \u201cNing\u00fan gobierno ha recibido una herencia peor que la que estamos recibiendo nosotros\u201d, expres\u00f3 Milei y sigui\u00f3: \u201cEl kirchnerismo, que en sus inicios se jactaba de tener super\u00e1vit gemelos, fiscal y externo, hoy nos deja\u00a0d\u00e9ficit gemelos por 17% del PBI\u201d. \u201cA su vez, el 15% corresponde al d\u00e9ficit consolidado&nbsp;entre el Tesoro y el Banco Central.&nbsp;Por <a class=\"mh-excerpt-more\" href=\"http:\/\/dsrmedios.com.ar\/diario\/archivos\/42162\" title=\"Ajuste fiscal, inflaci\u00f3n y cepo al d\u00f3lar: las primeras definiciones econ\u00f3micas de Javier Milei como presidente\">[Leer m\u00e1s]<\/a><\/p>\n<\/div>","protected":false},"author":8,"featured_media":42163,"comment_status":"open","ping_status":"closed","sticky":false,"template":"","format":"standard","meta":{"_jetpack_newsletter_access":""},"categories":[6],"tags":[],"jetpack_featured_media_url":"http:\/\/dsrmedios.com.ar\/diario\/wp-content\/uploads\/2023\/12\/descarga-12.jpeg","jetpack_sharing_enabled":true,"jetpack_shortlink":"https:\/\/wp.me\/p9fihK-aY2","_links":{"self":[{"href":"http:\/\/dsrmedios.com.ar\/diario\/wp-json\/wp\/v2\/posts\/42162"}],"collection":[{"href":"http:\/\/dsrmedios.com.ar\/diario\/wp-json\/wp\/v2\/posts"}],"about":[{"href":"http:\/\/dsrmedios.com.ar\/diario\/wp-json\/wp\/v2\/types\/post"}],"author":[{"embeddable":true,"href":"http:\/\/dsrmedios.com.ar\/diario\/wp-json\/wp\/v2\/users\/8"}],"replies":[{"embeddable":true,"href":"http:\/\/dsrmedios.com.ar\/diario\/wp-json\/wp\/v2\/comments?post=42162"}],"version-history":[{"count":1,"href":"http:\/\/dsrmedios.com.ar\/diario\/wp-json\/wp\/v2\/posts\/42162\/revisions"}],"predecessor-version":[{"id":42164,"href":"http:\/\/dsrmedios.com.ar\/diario\/wp-json\/wp\/v2\/posts\/42162\/revisions\/42164"}],"wp:featuredmedia":[{"embeddable":true,"href":"http:\/\/dsrmedios.com.ar\/diario\/wp-json\/wp\/v2\/media\/42163"}],"wp:attachment":[{"href":"http:\/\/dsrmedios.com.ar\/diario\/wp-json\/wp\/v2\/media?parent=42162"}],"wp:term":[{"taxonomy":"category","embeddable":true,"href":"http:\/\/dsrmedios.com.ar\/diario\/wp-json\/wp\/v2\/categories?post=42162"},{"taxonomy":"post_tag","embeddable":true,"href":"http:\/\/dsrmedios.com.ar\/diario\/wp-json\/wp\/v2\/tags?post=42162"}],"curies":[{"name":"wp","href":"https:\/\/api.w.org\/{rel}","templated":true}]}}