{"id":42158,"date":"2023-12-10T12:00:50","date_gmt":"2023-12-10T15:00:50","guid":{"rendered":"http:\/\/dsrmedios.com.ar\/diario\/?p=42158"},"modified":"2023-12-10T12:00:53","modified_gmt":"2023-12-10T15:00:53","slug":"el-balance-de-los-cuatro-anos-de-cristina-kirchner-la-furia-con-la-gestion-el-intento-de-asesinato-y-la-incertidumbre-por-su-futuro","status":"publish","type":"post","link":"http:\/\/dsrmedios.com.ar\/diario\/archivos\/42158","title":{"rendered":"El balance de los cuatro a\u00f1os de Cristina Kirchner: la furia con la gesti\u00f3n, el intento de asesinato y la incertidumbre por su futuro"},"content":{"rendered":"\n<p>As\u00ed empez\u00f3, en la ma\u00f1ana del s\u00e1bado 18 de mayo del 2019, despu\u00e9s de una larga reconciliaci\u00f3n que incluy\u00f3 decenas de charlas. \u201cLe he pedido a Alberto Fern\u00e1ndez que encabece la f\u00f3rmula que integraremos juntos, \u00e9l como candidato a presidente y yo como candidata a vice, para participar en las pr\u00f3ximas elecciones Primarias Abiertas Simult\u00e1neas y Obligatorias. S\u00ed, las famosas PASO\u201d, anunci\u00f3 de forma sorpresiva&nbsp;<strong>Cristina Kirchner&nbsp;<\/strong>en su redes a trav\u00e9s de un video cuidadosamente editado, cuyo contenido conoc\u00edan muy pocos.<\/p>\n\n\n\n<p>As\u00ed termin\u00f3, m\u00e1s de cuatro a\u00f1os despu\u00e9s. \u201cMi gobierno del 2015 lo van a recordar (de forma) maravillosa porque por eso ganamos en el 2019. Han sido p\u00fablicas y notorias las diferencias que hemos tenido (con el presidente), de funcionarios que no funcionan, ya en el 2020, (cuando dije) que era necesario alinear precios, salarios, tarifas, jubilaciones, en fin.&nbsp;<strong>No fui escuchada<\/strong>, y en un pa\u00eds de car\u00e1cter presidencialista como es este el que decide siempre es el presidente, para bien y para mal. Yo creo que mis gobiernos fueron muy bien recordados\u201d, dijo el 22 de octubre, en R\u00edo Gallegos, despu\u00e9s de votar, cuando un cronista le pregunt\u00f3 por \u201csu gobierno\u201d.<\/p>\n\n\n\n<p>Fue su reproche final, el \u00faltimo de una andanada de cr\u00edticas y embestidas, p\u00fablicas y privadas, despu\u00e9s de cuatro a\u00f1os de un&nbsp;<strong>gobierno traum\u00e1tico&nbsp;<\/strong>que lleg\u00f3 al poder por la construcci\u00f3n pol\u00edtica que la ex presidenta ide\u00f3 junto a su hijo&nbsp;<strong>M\u00e1ximo<\/strong>,&nbsp;<strong>Sergio Massa&nbsp;<\/strong>y Fern\u00e1ndez, y del que intent\u00f3 diferenciarse desde el primer a\u00f1o de administraci\u00f3n,&nbsp;<strong>disgustada con el rumbo que tomaba la gesti\u00f3n<\/strong>&nbsp;del presidente saliente.<\/p>\n\n\n\n<p>La ex presidenta y Fern\u00e1ndez terminaron el gobierno como un par de a\u00f1os antes de haberlo empezado: en una&nbsp;<strong>pelea sin retorno<\/strong>&nbsp;que, esta vez, pareciera ser definitiva.<\/p>\n\n\n\n<p><img decoding=\"async\" loading=\"lazy\" alt=\"CFK y Alberto Fern\u00e1ndez (Franco Fafasuli)\" height=\"1280\" width=\"1920\" src=\"https:\/\/www.infobae.com\/new-resizer\/ZJ_Ek5i7T-qE-xRJRUMiZJn7TIM=\/420x280\/filters:format(webp):quality(85)\/cloudfront-us-east-1.images.arcpublishing.com\/infobae\/UFU3VHNQQBAMXCKK6J6PB7EYQI.jpg%20420w\" srcset=\"https:\/\/www.infobae.com\/new-resizer\/ZJ_Ek5i7T-qE-xRJRUMiZJn7TIM=\/420x280\/filters:format(webp):quality(85)\/cloudfront-us-east-1.images.arcpublishing.com\/infobae\/UFU3VHNQQBAMXCKK6J6PB7EYQI.jpg 420w,https:\/\/www.infobae.com\/new-resizer\/csSdX7nTjzhU0m8Es6H2NQU5PWY=\/768x512\/filters:format(webp):quality(85)\/cloudfront-us-east-1.images.arcpublishing.com\/infobae\/UFU3VHNQQBAMXCKK6J6PB7EYQI.jpg 768w,https:\/\/www.infobae.com\/new-resizer\/Z4XfKaPISiblyx1E6Ba58C465vU=\/992x661\/filters:format(webp):quality(85)\/cloudfront-us-east-1.images.arcpublishing.com\/infobae\/UFU3VHNQQBAMXCKK6J6PB7EYQI.jpg 992w,https:\/\/www.infobae.com\/new-resizer\/dFwN0ygBqImiU_MdoIl81T0PQo4=\/1200x800\/filters:format(webp):quality(85)\/cloudfront-us-east-1.images.arcpublishing.com\/infobae\/UFU3VHNQQBAMXCKK6J6PB7EYQI.jpg 1200w,https:\/\/www.infobae.com\/new-resizer\/P2cF0AUTaI4UeId7EtYhkcpHMIs=\/1440x960\/filters:format(webp):quality(85)\/cloudfront-us-east-1.images.arcpublishing.com\/infobae\/UFU3VHNQQBAMXCKK6J6PB7EYQI.jpg 1440w\">CFK y Alberto Fern\u00e1ndez (Franco Fafasuli)<\/p>\n\n\n\n<p>Un integrante del entorno m\u00e1s \u00edntimo del saliente presidente, que respeta el liderazgo de Cristina Kirchner y que sufri\u00f3, como buena parte de los colaboradores de Fern\u00e1ndez, la embestida constante del kirchnerismo, ensaya una hip\u00f3tesis de por qu\u00e9 ella busc\u00f3 desde antes de las elecciones de medio t\u00e9rmino despegarse de la Casa Rosada:\u00a0<strong>\u201cCristina solo es socia en las buenas noticias, nada m\u00e1s\u201d<\/strong>, dice.<\/p>\n\n\n\n<p>Octubre del 2020, aniversario de la muerte de N\u00e9stor Kirchner. No hab\u00eda pasado ni un a\u00f1o de gesti\u00f3n cuando la ex presidente public\u00f3 su primer reproche p\u00fablico, y patent\u00f3 una frase que marcar\u00eda a fuego el resto del gobierno: \u201c<strong>Funcionarios que no funcionan<\/strong>\u201d. Desde esa carta, Cristina Kirchner intent\u00f3 por todos los medios influir en las decisiones presidenciales, torcer el rumbo de la administraci\u00f3n, darle una vuelta de tim\u00f3n a un gobierno que, seg\u00fan ella, no cumpl\u00eda con las promesas de campa\u00f1a y defraudaba a su propio electorado. No pudo por las buenas.<\/p>\n\n\n\n<p>Entonces decidi\u00f3 pasar a la acci\u00f3n, y dar un golpe de palacio despu\u00e9s de la derrota electoral del 2021: le orden\u00f3 a&nbsp;<strong>Eduardo \u201cWado\u201d de Pedro<\/strong>, su delegado pol\u00edtico en Casa Rosada, y al resto de los ministros y secretarios K que renunciaran al gabinete, furiosa por la cerraz\u00f3n con la que Fern\u00e1ndez administraba sus decisiones. \u201cDeber\u00edamos haberlo hecho mejor, o diferente\u201c, admiti\u00f3 este viernes el saliente mandatario en su \u00faltima cadena nacional.<\/p>\n\n\n\n<p><img decoding=\"async\" loading=\"lazy\" alt=\"Alberto Fern\u00e1ndez y Eduardo &quot;Wado&quot; de Pedro\" height=\"1080\" width=\"1920\" src=\"https:\/\/www.infobae.com\/new-resizer\/0RZDmUidFpSDcUAQjF49b-2e0_g=\/420x236\/filters:format(webp):quality(85)\/cloudfront-us-east-1.images.arcpublishing.com\/infobae\/WBBNEWGOSZAEXEYBG3VXFMNJG4.jpeg%20420w\" srcset=\"https:\/\/www.infobae.com\/new-resizer\/0RZDmUidFpSDcUAQjF49b-2e0_g=\/420x236\/filters:format(webp):quality(85)\/cloudfront-us-east-1.images.arcpublishing.com\/infobae\/WBBNEWGOSZAEXEYBG3VXFMNJG4.jpeg 420w,https:\/\/www.infobae.com\/new-resizer\/_sJkkJRVrfIcTYI1TMlWczE4lC4=\/768x432\/filters:format(webp):quality(85)\/cloudfront-us-east-1.images.arcpublishing.com\/infobae\/WBBNEWGOSZAEXEYBG3VXFMNJG4.jpeg 768w,https:\/\/www.infobae.com\/new-resizer\/AoKVRTiPfJatuo9GuqDx1cIu_Kc=\/992x558\/filters:format(webp):quality(85)\/cloudfront-us-east-1.images.arcpublishing.com\/infobae\/WBBNEWGOSZAEXEYBG3VXFMNJG4.jpeg 992w,https:\/\/www.infobae.com\/new-resizer\/D-LMZ_4ZePEXMU8-VyaHR4YpESQ=\/1200x675\/filters:format(webp):quality(85)\/cloudfront-us-east-1.images.arcpublishing.com\/infobae\/WBBNEWGOSZAEXEYBG3VXFMNJG4.jpeg 1200w,https:\/\/www.infobae.com\/new-resizer\/VwQkiUMucJYcA4Ab2JN4zEjGWOk=\/1440x810\/filters:format(webp):quality(85)\/cloudfront-us-east-1.images.arcpublishing.com\/infobae\/WBBNEWGOSZAEXEYBG3VXFMNJG4.jpeg 1440w\">Alberto Fern\u00e1ndez y Eduardo &#8220;Wado&#8221; de Pedro<\/p>\n\n\n\n<p>Cristina Kirchner esper\u00f3 a que el presidente reaccionara. Fern\u00e1ndez no lo hizo. No solo que no ech\u00f3 a ninguno de los funcionarios renunciados, si no que corri\u00f3 a&nbsp;<strong>Santiago Cafiero<\/strong>&nbsp;de la Jefatura de Gabinete -era hostigado permanentemente por el kirchnerismo- y acept\u00f3 la intervenci\u00f3n de su vicepresidenta. Cambiaron nombres, pero la din\u00e1mica de la coalici\u00f3n sigui\u00f3 por el mismo curso: la ex presidenta cada vez m\u00e1s furiosa con las decisiones de gobierno.&nbsp;<strong>\u201cAmague y recule permanente\u201d<\/strong>, lo llam\u00f3.<\/p>\n\n\n\n<p><\/p>\n\n\n\n<p>\u201c<strong>Ella no supo nunca procesar su rol, y rompi\u00f3 todo<\/strong>. Era muy fuerte ver a Alberto de presidente, indigerible para ella. Y \u00e9l no activ\u00f3 jam\u00e1s una decisi\u00f3n pol\u00edtica en contra de ella, pero&nbsp;<strong>hablaba permanentemente mal de Cristina en privado, y eso la enloquec\u00eda. Era un combo explosivo<\/strong>\u201d, recuerda un ex ministro que intent\u00f3 por todos los medios que Fern\u00e1ndez reaccionara.<\/p>\n\n\n\n<p>Para ese entonces, el saliente presidente ya hab\u00eda tenido que desprenderse de&nbsp;<strong>Marcela Losardo<\/strong>&nbsp;y de&nbsp;<strong>Juan Pablo Biondi<\/strong>, de su ri\u00f1\u00f3n, y echado de la oficina de al lado a Cafiero. Despu\u00e9s ser\u00eda el turno, entre otros, de&nbsp;<strong>Mat\u00edas Kulfas&nbsp;<\/strong>y&nbsp;<strong>Mart\u00edn Guzm\u00e1n<\/strong>, todos bien cercanos. Todos cuestionados por Cristina Kirchner y el kirchnerismo.<\/p>\n\n\n\n<p>A la&nbsp;<strong>crisis del programa econ\u00f3mico<\/strong>&nbsp;que la ex presidenta juzg\u00f3 desde adentro hasta tratar de boicotear sobre el final de las negociaciones la renegociaci\u00f3n del acuerdo Stand-By del Fondo Monetario con el pa\u00eds -pidi\u00f3 votarlo en contra en el Parlamento-, Cristina Kirchner le sum\u00f3 su propia impotencia por la par\u00e1lisis de una agenda judicial que intent\u00f3 imponer, sin \u00e9xito.<\/p>\n\n\n\n<p><img decoding=\"async\" loading=\"lazy\" alt=\"Franco Fafasuli\" height=\"1080\" width=\"1920\" src=\"https:\/\/www.infobae.com\/new-resizer\/F9es4FIR1UzqmUEfvZyC8n1Fpm4=\/420x236\/filters:format(webp):quality(85)\/cloudfront-us-east-1.images.arcpublishing.com\/infobae\/XQMAIBXX3JF7LM24RJLDSIU3NY.jpg%20420w\" srcset=\"https:\/\/www.infobae.com\/new-resizer\/F9es4FIR1UzqmUEfvZyC8n1Fpm4=\/420x236\/filters:format(webp):quality(85)\/cloudfront-us-east-1.images.arcpublishing.com\/infobae\/XQMAIBXX3JF7LM24RJLDSIU3NY.jpg 420w,https:\/\/www.infobae.com\/new-resizer\/nV-uG8zCUZe3lk_oV14zSf1MaFg=\/768x432\/filters:format(webp):quality(85)\/cloudfront-us-east-1.images.arcpublishing.com\/infobae\/XQMAIBXX3JF7LM24RJLDSIU3NY.jpg 768w,https:\/\/www.infobae.com\/new-resizer\/FhGe0qR1rwUyoUnewqSEmXPWJ_w=\/992x558\/filters:format(webp):quality(85)\/cloudfront-us-east-1.images.arcpublishing.com\/infobae\/XQMAIBXX3JF7LM24RJLDSIU3NY.jpg 992w,https:\/\/www.infobae.com\/new-resizer\/BaCdkBIZCdC7O8qIGmhYs8NtekA=\/1200x675\/filters:format(webp):quality(85)\/cloudfront-us-east-1.images.arcpublishing.com\/infobae\/XQMAIBXX3JF7LM24RJLDSIU3NY.jpg 1200w,https:\/\/www.infobae.com\/new-resizer\/4hYiGDkXrxl-tSQueLBFJ1ylErs=\/1440x810\/filters:format(webp):quality(85)\/cloudfront-us-east-1.images.arcpublishing.com\/infobae\/XQMAIBXX3JF7LM24RJLDSIU3NY.jpg 1440w\">Franco Fafasuli<\/p>\n\n\n\n<p>Primero fueron los traslados de los camaristas Pablo Bertuzzi y Leopoldo Bruglia, despu\u00e9s la integraci\u00f3n del Consejo de la Magistratura, el avance de sus causas judiciales, la conformaci\u00f3n de la Corte Suprema y hasta la condena de Milagros Sala. Fuentes oficiales aseguran que la ex presidenta le pidi\u00f3 a Fern\u00e1ndez que ampliara al m\u00e1ximo tribunal a trav\u00e9s de un DNU. Y que indultara a la dirigente social juje\u00f1a. Mand\u00f3 emisarios para convencerlo al presidente, para que usara \u201c<strong>la lapicera<\/strong>\u201d, como le reclam\u00f3 a mediados del a\u00f1o pasado en uno de los \u00faltimos actos que compartieron juntos, en el aniversario de la estatizaci\u00f3n de la petrolera YPF. Fern\u00e1ndez, seg\u00fan su entorno, instruy\u00f3 a sus asesores jur\u00eddicos a que analizaran alg\u00fan mecanismo de conmutaci\u00f3n de pena de Sala, pero no encontraron ninguna herramienta legal porque no exist\u00eda ninguna condena federal contra la l\u00edder de la Tupac Amaru.<\/p>\n\n\n\n<p>Frente a un gobierno que perd\u00eda popularidad a diario, y coalici\u00f3n atravesada por serias tensiones internas, alimentadas desde el Senado y la Casa Rosada, la ex presidenta se dedic\u00f3 a conducir -con su estilo y a su manera- al peronismo en contraposici\u00f3n al liderazgo escu\u00e1lido de Fern\u00e1ndez, opacado por la centralidad de su vicepresidenta. Hacia el segundo tramo de la gesti\u00f3n, con el saliente mandatario cada vez m\u00e1s desgastado y encerrado en su n\u00facleo m\u00e1s \u00edntimo, no hubo dirigente que no quisiera pasar por su despacho del Senado.<\/p>\n\n\n\n<p>El Gobierno naufragaba. Massa ya se hab\u00eda hecho cargo del Ministerio de Econom\u00eda, y le hab\u00eda prometido a la ex presidenta que tratar\u00eda de enderezar el barco y llevarlo a buen puerto, y buscar\u00eda dividir a la oposici\u00f3n para intentar llegar con chances electorales a las elecciones.&nbsp;<strong>Cristina Kirchner at\u00f3 su suerte al jefe del Frente Renovador<\/strong>, y decret\u00f3 la ruptura final de su relaci\u00f3n con Fern\u00e1ndez.<\/p>\n\n\n\n<p><img decoding=\"async\" loading=\"lazy\" alt=\"La vicepresidente de Argentina, Cristina Kirchner sufri\u00f3 en la puerta de su casa un intento de asesinato en medio de una muchedumbre de simpatizantes.\" height=\"1080\" width=\"1920\" src=\"https:\/\/www.infobae.com\/new-resizer\/C4YdWivuECyVG0fgS28KGW-PB80=\/420x236\/filters:format(webp):quality(85)\/cloudfront-us-east-1.images.arcpublishing.com\/infobae\/HJ4KZ5VX4ZFSNMFQIRU3XLE2TA.jpg%20420w\" srcset=\"https:\/\/www.infobae.com\/new-resizer\/C4YdWivuECyVG0fgS28KGW-PB80=\/420x236\/filters:format(webp):quality(85)\/cloudfront-us-east-1.images.arcpublishing.com\/infobae\/HJ4KZ5VX4ZFSNMFQIRU3XLE2TA.jpg 420w,https:\/\/www.infobae.com\/new-resizer\/eXEXJ__OO0QKXz-2YnmO72Wm0Lw=\/768x432\/filters:format(webp):quality(85)\/cloudfront-us-east-1.images.arcpublishing.com\/infobae\/HJ4KZ5VX4ZFSNMFQIRU3XLE2TA.jpg 768w,https:\/\/www.infobae.com\/new-resizer\/rBiN_iN3uH2DN4ZPlyAQbyQ7yo4=\/992x558\/filters:format(webp):quality(85)\/cloudfront-us-east-1.images.arcpublishing.com\/infobae\/HJ4KZ5VX4ZFSNMFQIRU3XLE2TA.jpg 992w,https:\/\/www.infobae.com\/new-resizer\/Ob26obHPfvXsSCBZo16WXFGgbIM=\/1200x675\/filters:format(webp):quality(85)\/cloudfront-us-east-1.images.arcpublishing.com\/infobae\/HJ4KZ5VX4ZFSNMFQIRU3XLE2TA.jpg 1200w,https:\/\/www.infobae.com\/new-resizer\/ABfVL9N3YvIC_pb5eLedsQ85DkQ=\/1440x810\/filters:format(webp):quality(85)\/cloudfront-us-east-1.images.arcpublishing.com\/infobae\/HJ4KZ5VX4ZFSNMFQIRU3XLE2TA.jpg 1440w\">La vicepresidente de Argentina, Cristina Kirchner sufri\u00f3 en la puerta de su casa un intento de asesinato en medio de una muchedumbre de simpatizantes.<\/p>\n\n\n\n<p>Enfrascada en los sinsabores de la causa Vialidad que llev\u00f3 al fiscal Diego Luciani a pedir su inhabilitaci\u00f3n perpetua y una condena de seis a\u00f1os de prisi\u00f3n, la ex presidenta se top\u00f3 entonces con un suceso que la marcar\u00eda para siempre, a ella y a su familia, y por el que se volc\u00f3 mucho m\u00e1s que siempre a la fe: el<strong>&nbsp;intento de asesinato<\/strong>&nbsp;por parte de Fernando Sabag Montiel, un joven marginal de \u201cla&nbsp;<strong>banda de los copitos<\/strong>\u201d que en la noche del 1 de septiembre del 2022 intent\u00f3 matarla con una pistola marca Bersa calibre 32 en la puerta del departamento que habitaba en Juncal y Uruguay, en Recoleta, en medio de una multitud de fan\u00e1ticos. La bala nunca sali\u00f3.&nbsp;<strong>\u201cEstoy viva por Dios y la Virgen\u201d<\/strong>, dir\u00eda ella despu\u00e9s.<\/p>\n\n\n\n<p>Meses atr\u00e1s le hab\u00edan apedreado el despacho del Senado, en la previa de la votaci\u00f3n parlamentaria por el acuerdo con el FMI.<\/p>\n\n\n\n<p>El episodio&nbsp;<strong>renov\u00f3 su v\u00ednculo con el Papa Francisco<\/strong>. Semanas atr\u00e1s ten\u00eda en agenda visitarlo en Roma, en una parada de su viaje a N\u00e1poles que, al final, debi\u00f3 cancelar por la derrota electoral y por el eventual uso del avi\u00f3n presidencial.<\/p>\n\n\n\n<p>El kirchnerismo busc\u00f3 capitalizar el intento de magnicidio con un operativo masivo para convencer a Cristina Kirchner de que se presente como candidata presidencial, una demanda que ella rechaz\u00f3 con la excusa del \u201c<strong>lawfare<\/strong>\u201d y la \u201c<strong>proscripci\u00f3n<\/strong>\u201d.<\/p>\n\n\n\n<p>Pudo haber sido eso. Tambi\u00e9n el cansancio. Y la certeza de que, por la crisis del programa econ\u00f3mico que la vicepresidenta saliente desmenuz\u00f3 en sus sucesivas cr\u00edticas p\u00fablicas, la coalici\u00f3n de gobierno se encaminaba a una derrota que ella no estaba dispuesta a liderar. S\u00ed trabajo incansablemente para que Fern\u00e1ndez no buscara la reelecci\u00f3n, y acept\u00f3 que Massa centralizara el gobierno y la candidatura, y que ella se recluyera.&nbsp;<strong>Admiti\u00f3 que el ex intendente de Tigre deb\u00eda esconder al kirchnerismo abajo<\/strong>&nbsp;de la alfombra para proponer un \u201cgobierno de unidad nacional\u201d.<\/p>\n\n\n\n<p>Cristina Kirchner&nbsp;<strong>se va del gobierno sin hacerse cargo del gobierno<\/strong>. Su balance no es bueno. M\u00e1s bien, todo lo contrario. En los \u00faltimos meses, hab\u00eda avisado puertas adentro que empezaba a retirarse, y que propon\u00eda, por eso, un traspaso generacional. La derrota de Massa, el triunfo de Javier Milei y la crisis del peronismo y del sistema pol\u00edtico podr\u00eda hacerle cambiar su parecer.<strong>&nbsp;\u201cNo me voy a ning\u00fan lado, ya saben d\u00f3nde encontrarme\u201d<\/strong>, avis\u00f3 en estos d\u00edas, en su despedida del Senado.<\/p>\n\n\n\n<p>Seg\u00fan dijo,\u00a0<strong>har\u00e1 base en el Instituto Patria<\/strong>, sobre la calle Rodr\u00edguez Pe\u00f1a, a metros del Congreso. El mismo lugar desde el que ide\u00f3 el Frente de Todos, una experiencia a todas luces fallida.<\/p>\n\n\n\n<p>Fuente: infobae<\/p>\n","protected":false},"excerpt":{"rendered":"<div class=\"mh-excerpt\"><p>As\u00ed empez\u00f3, en la ma\u00f1ana del s\u00e1bado 18 de mayo del 2019, despu\u00e9s de una larga reconciliaci\u00f3n que incluy\u00f3 decenas de charlas. \u201cLe he pedido a Alberto Fern\u00e1ndez que encabece la f\u00f3rmula que integraremos juntos, \u00e9l como candidato a presidente y yo como candidata a vice, para participar en las pr\u00f3ximas elecciones Primarias Abiertas Simult\u00e1neas y Obligatorias. S\u00ed, las famosas PASO\u201d, anunci\u00f3 de forma sorpresiva&nbsp;Cristina Kirchner&nbsp;en su redes a trav\u00e9s de un video cuidadosamente editado, cuyo contenido conoc\u00edan muy pocos. As\u00ed termin\u00f3, m\u00e1s de cuatro a\u00f1os despu\u00e9s. \u201cMi gobierno del 2015 lo van a recordar (de forma) maravillosa porque por <a class=\"mh-excerpt-more\" href=\"http:\/\/dsrmedios.com.ar\/diario\/archivos\/42158\" title=\"El balance de los cuatro a\u00f1os de Cristina Kirchner: la furia con la gesti\u00f3n, el intento de asesinato y la incertidumbre por su futuro\">[Leer m\u00e1s]<\/a><\/p>\n<\/div>","protected":false},"author":8,"featured_media":32020,"comment_status":"open","ping_status":"closed","sticky":false,"template":"","format":"standard","meta":{"_jetpack_newsletter_access":""},"categories":[6],"tags":[],"jetpack_featured_media_url":"http:\/\/dsrmedios.com.ar\/diario\/wp-content\/uploads\/2023\/04\/VEBWECDS52OGNDQUNSUHBYGXZQ.jpg","jetpack_sharing_enabled":true,"jetpack_shortlink":"https:\/\/wp.me\/p9fihK-aXY","_links":{"self":[{"href":"http:\/\/dsrmedios.com.ar\/diario\/wp-json\/wp\/v2\/posts\/42158"}],"collection":[{"href":"http:\/\/dsrmedios.com.ar\/diario\/wp-json\/wp\/v2\/posts"}],"about":[{"href":"http:\/\/dsrmedios.com.ar\/diario\/wp-json\/wp\/v2\/types\/post"}],"author":[{"embeddable":true,"href":"http:\/\/dsrmedios.com.ar\/diario\/wp-json\/wp\/v2\/users\/8"}],"replies":[{"embeddable":true,"href":"http:\/\/dsrmedios.com.ar\/diario\/wp-json\/wp\/v2\/comments?post=42158"}],"version-history":[{"count":1,"href":"http:\/\/dsrmedios.com.ar\/diario\/wp-json\/wp\/v2\/posts\/42158\/revisions"}],"predecessor-version":[{"id":42159,"href":"http:\/\/dsrmedios.com.ar\/diario\/wp-json\/wp\/v2\/posts\/42158\/revisions\/42159"}],"wp:featuredmedia":[{"embeddable":true,"href":"http:\/\/dsrmedios.com.ar\/diario\/wp-json\/wp\/v2\/media\/32020"}],"wp:attachment":[{"href":"http:\/\/dsrmedios.com.ar\/diario\/wp-json\/wp\/v2\/media?parent=42158"}],"wp:term":[{"taxonomy":"category","embeddable":true,"href":"http:\/\/dsrmedios.com.ar\/diario\/wp-json\/wp\/v2\/categories?post=42158"},{"taxonomy":"post_tag","embeddable":true,"href":"http:\/\/dsrmedios.com.ar\/diario\/wp-json\/wp\/v2\/tags?post=42158"}],"curies":[{"name":"wp","href":"https:\/\/api.w.org\/{rel}","templated":true}]}}