{"id":42156,"date":"2023-12-10T11:57:42","date_gmt":"2023-12-10T14:57:42","guid":{"rendered":"http:\/\/dsrmedios.com.ar\/diario\/?p=42156"},"modified":"2023-12-10T11:57:44","modified_gmt":"2023-12-10T14:57:44","slug":"milei-asume-el-gobierno-con-un-congreso-fragmentado-en-minoria-y-con-alianzas-partidarias-que-se-reconfiguran","status":"publish","type":"post","link":"http:\/\/dsrmedios.com.ar\/diario\/archivos\/42156","title":{"rendered":"Milei asume el gobierno con un Congreso fragmentado, en minor\u00eda y con alianzas partidarias que se reconfiguran"},"content":{"rendered":"\n<p><strong>Javier Milei&nbsp;<\/strong>ingresar\u00e1 hoy al&nbsp;<strong>Congreso de la Naci\u00f3n para jurar como Presidente&nbsp;<\/strong>de la Naci\u00f3n. Lo recibir\u00e1n cuatro diputados y cuatro senadores junto a las autoridades de las C\u00e1maras que lo guiar\u00e1n hasta el estrado de la Presidencia de Diputados.<\/p>\n\n\n\n<p>Frente a \u00e9l tendr\u00e1s&nbsp;<strong>329 pares de ojos de senadores y diputados que lo observar\u00e1n con atenci\u00f3n<\/strong>. Mirar\u00e1n cada detalle de sus movimientos tratando de escudri\u00f1ar qu\u00e9 piensa el nuevo jefe de Estados ahora que ocupa el Sill\u00f3n de Rivadavia.<\/p>\n\n\n\n<p>Por su parte,&nbsp;<strong>el libertario sacar\u00e1 cuentas<\/strong>. Enla<strong>&nbsp;C\u00e1mara baja cuenta con 40 bancas&nbsp;<\/strong>-sumando a sus aliados salte\u00f1os de Ahora Patria- y&nbsp;<strong>en el Senado tiene s\u00f3lo 7 votos.&nbsp;<\/strong>Hasta ahora no logr\u00f3 sumar ninguna otra voluntad. Tan solo el&nbsp;<strong>15% de las voluntades totales del Congreso de la Naci\u00f3n.<\/strong><\/p>\n\n\n\n<p>Del otro lado hay 282 votos que deber\u00e1 salir a captar si tiene la intenci\u00f3n de que el Parlamento apruebe alguno de sus proyectos. Adem\u00e1s, tendr\u00e1 que buscar consensos en un&nbsp;<strong>Congreso muy fragmentado<\/strong>.<\/p>\n\n\n\n<p><img decoding=\"async\" loading=\"lazy\" alt=\"La Asamblea Legislativa proclama a Javier Milei ganador de las elecciones \" height=\"1972\" width=\"2957\" src=\"https:\/\/www.infobae.com\/new-resizer\/2qLujbrOL7td9R_WIoECBHp146U=\/420x280\/filters:format(webp):quality(85)\/cloudfront-us-east-1.images.arcpublishing.com\/infobae\/P5JDTEUAUJH6XLWOG37OSOXGVY.JPG%20420w\" srcset=\"https:\/\/www.infobae.com\/new-resizer\/2qLujbrOL7td9R_WIoECBHp146U=\/420x280\/filters:format(webp):quality(85)\/cloudfront-us-east-1.images.arcpublishing.com\/infobae\/P5JDTEUAUJH6XLWOG37OSOXGVY.JPG 420w,https:\/\/www.infobae.com\/new-resizer\/6jCoIBebz-5acowq03Jtd99qLwM=\/768x512\/filters:format(webp):quality(85)\/cloudfront-us-east-1.images.arcpublishing.com\/infobae\/P5JDTEUAUJH6XLWOG37OSOXGVY.JPG 768w,https:\/\/www.infobae.com\/new-resizer\/kqMYAGNUwyW5_fh8AJClaijom-E=\/992x661\/filters:format(webp):quality(85)\/cloudfront-us-east-1.images.arcpublishing.com\/infobae\/P5JDTEUAUJH6XLWOG37OSOXGVY.JPG 992w,https:\/\/www.infobae.com\/new-resizer\/dLPtFZSlpAVgNSALGyGbO58EKyA=\/1200x800\/filters:format(webp):quality(85)\/cloudfront-us-east-1.images.arcpublishing.com\/infobae\/P5JDTEUAUJH6XLWOG37OSOXGVY.JPG 1200w,https:\/\/www.infobae.com\/new-resizer\/ANlIR-ZB9vn3FDIvjzOgv7x-094=\/1440x960\/filters:format(webp):quality(85)\/cloudfront-us-east-1.images.arcpublishing.com\/infobae\/P5JDTEUAUJH6XLWOG37OSOXGVY.JPG 1440w\">La Asamblea Legislativa proclama a Javier Milei ganador de las elecciones<\/p>\n\n\n\n<p>Hasta ahora<strong>\u00a0Uni\u00f3n por la Patria\u00a0<\/strong>parece ser el sector que muestra\u00a0<strong>mayor unidad<\/strong>. Con 101 diputados y 33 senadores representa el<strong>\u00a047% de los votos\u00a0<\/strong>totales. Sin embargo, la tardanza que mostr\u00f3 el bloque en la C\u00e1mara Alta para bajar a sesionar y las<strong>\u00a0disputas internas<\/strong>\u00a0entre los diferentes sectores por los cargos generaron una luz de esperanza en los operadores de LLA. Si a esto se le suman las posibilidades de\u00a0<strong>negociar directamente con los gobernadores peronistas<\/strong>\u00a0por separado -para evitar cualquier intromisi\u00f3n de los senadores y aislando a los sectores m\u00e1s kirchneristas-, entienden que hay posibilidades de \u00e9xito.<\/p>\n\n\n\n<p>Otra&nbsp;<strong>grieta<\/strong>&nbsp;que aprovechar\u00e1n e incentivar\u00e1n es que tanto en el Senado como en Diputados qued\u00f3 demostrado que la experiencia<strong>&nbsp;de Juntos por el Cambio lleg\u00f3 a su fin<\/strong>. Por lo menos en su versi\u00f3n parlamentaria.<\/p>\n\n\n\n<p>En el caso de Diputados, el<strong>&nbsp;PRO&nbsp;<\/strong>tendr\u00e1 un bloque de&nbsp;<strong>41 legisladores<\/strong>&nbsp;pero no participar\u00e1 de la mesa de coordinaci\u00f3nque formaron el resto de los partidos que hasta hace unas semanas era JxC. La&nbsp;<strong>UCR (35), la CC-Ari (6) y Cambio Federal (9) suman 50 bancas&nbsp;<\/strong>y tendr\u00e1n como jefes de bloque a&nbsp;<strong>Rodrigo De Loredo, Miguel Pichetto y Juan L\u00f3pez<\/strong>, respectivamente.&nbsp;<strong>\u201cEstamos todos menos ellos\u201d,<\/strong>&nbsp;explic\u00f3 a&nbsp;<strong>Infobae<\/strong>&nbsp;un hombre que particip\u00f3 de las negociaciones.<\/p>\n\n\n\n<p>Con JxC roto, los<strong>&nbsp;libertarios podr\u00e1n pescar buena parte de sus votos en esa pecera<\/strong>. Pero no es suficiente porque no lograr\u00e1 llevarse la totalidad, y ah\u00ed aparece el bloque&nbsp;<strong>Hacemos por Nuestro Pa\u00eds (HxNP), bancada del peronismo cordob\u00e9s,&nbsp;<\/strong>que mantendr\u00e1 su n\u00famero a partir del aporte de 5 representantes del oficialismo provincial de C\u00f3rdoba -que facilit\u00f3 funcionarios al gobierno de Milei-, junto a dos del socialismo santafesino m\u00e1s el bonaerense Florencio Randazzo, exc andidato a presidir la C\u00e1mara a propuesta de un sector de LLA.<\/p>\n\n\n\n<p><img decoding=\"async\" loading=\"lazy\" alt=\"El bloque de Juntos por el Cambio ya no existe\" height=\"1080\" width=\"1920\" src=\"https:\/\/www.infobae.com\/new-resizer\/uFDwbwke3Wsj6-R4o-gCblpr6gA=\/420x236\/filters:format(webp):quality(85)\/cloudfront-us-east-1.images.arcpublishing.com\/infobae\/DFDD5YCYIJDO3OUVFV3TG3EOVM.jpg%20420w\" srcset=\"https:\/\/www.infobae.com\/new-resizer\/uFDwbwke3Wsj6-R4o-gCblpr6gA=\/420x236\/filters:format(webp):quality(85)\/cloudfront-us-east-1.images.arcpublishing.com\/infobae\/DFDD5YCYIJDO3OUVFV3TG3EOVM.jpg 420w,https:\/\/www.infobae.com\/new-resizer\/tXlhADvmvzerh-LPKDlp4uNUTgs=\/768x432\/filters:format(webp):quality(85)\/cloudfront-us-east-1.images.arcpublishing.com\/infobae\/DFDD5YCYIJDO3OUVFV3TG3EOVM.jpg 768w,https:\/\/www.infobae.com\/new-resizer\/LnnMWGX6ta-2x5wG1QwA0CoShxw=\/992x558\/filters:format(webp):quality(85)\/cloudfront-us-east-1.images.arcpublishing.com\/infobae\/DFDD5YCYIJDO3OUVFV3TG3EOVM.jpg 992w,https:\/\/www.infobae.com\/new-resizer\/XNOblgF8H299APyaNetRGR9vo1I=\/1200x675\/filters:format(webp):quality(85)\/cloudfront-us-east-1.images.arcpublishing.com\/infobae\/DFDD5YCYIJDO3OUVFV3TG3EOVM.jpg 1200w,https:\/\/www.infobae.com\/new-resizer\/dbOPCRoKq2TxIEldvco22NG2nV4=\/1440x810\/filters:format(webp):quality(85)\/cloudfront-us-east-1.images.arcpublishing.com\/infobae\/DFDD5YCYIJDO3OUVFV3TG3EOVM.jpg 1440w\">El bloque de Juntos por el Cambio ya no existe<\/p>\n\n\n\n<p>La izquierda alcanzar\u00e1 su pico m\u00e1ximo de representaci\u00f3n parlamentaria, con 5 diputados; en tanto que Ser Santa Cruz -fuerza provincial del gobernador electo de extracci\u00f3n sindical Claudio Vidal- tendr\u00e1 dos legisladores.<\/p>\n\n\n\n<p>Por \u00faltimo, el juje\u00f1o Guillermo Snopek, distanciado de UxP, conformar\u00e1 un monobloque, al igual que la sanjuanina Nancy Pic\u00f3n, del espacio del gobernador electo Marcelo Orrego, quien por el momento decidi\u00f3 no integrarse a ninguno de los espacios derivados de lo que fue el interbloque JxC, al que reportaba su jefe pol\u00edtico. A esto se le suman los partidos provinciales de&nbsp;<strong>Misiones, Neuqu\u00e9n, Rio Negro y Salta<\/strong>&nbsp;presentaron un bloque de 9 integrantes, que se denominar\u00e1&nbsp;<strong>Innovaci\u00f3n Federal<\/strong>, y que sum\u00f3 volumen en relaci\u00f3n a los cuatro integrantes que ten\u00eda hasta ahora.<\/p>\n\n\n\n<p>Esta&nbsp;<strong>fragmentaci\u00f3n&nbsp;<\/strong>tambi\u00e9n qued\u00f3 plasmada en el<strong>&nbsp;Senado<\/strong>&nbsp;en donde&nbsp;<strong>Juntos por el Cambio tampoco tendr\u00e1 interbloque<\/strong>. El radicalismo contar\u00e1 con sus 13 senadores, el PRO solo con 6, y cada bancada tendr\u00e1 su presidente.&nbsp;<strong>\u201cNo podemos formar un interbloque que sea de la oposici\u00f3n si hay sector que est\u00e1 en el Gobierno y el PRO tiene funcionarios en el gobierno de Milei\u201d,&nbsp;<\/strong>explicaron desde la UCR. \u201cPensamos diferentes y se nota que estamos en esos lugares, ser\u00eda muy forzado un interbloque\u201d, se\u00f1al\u00f3 un a voz del PRO.<\/p>\n\n\n\n<p>En este contexto dividido, se les podr\u00edan sumar las cuatro voluntades del bloque de Cambio Federal.<\/p>\n\n\n\n<p>Mieli jurar\u00e1 frente a un Congreso que hoy mostrar\u00e1 un sentimiento com\u00fan, por lo menos aquellos que no son de LLA. La decisi\u00f3n de no hablar ante la Asamblea Legislativa gener\u00f3 malestar en todos los bloques -salvo el propio-. \u201cEs una falta de respeto, no somos diputados, somos el Poder Legislativo y el Poder Judicial reunidos y\u00a0<strong>el Poder Ejecutivo decide darnos la espalda<\/strong>\u201d.<\/p>\n\n\n\n<p>Fuente: infobae<\/p>\n","protected":false},"excerpt":{"rendered":"<div class=\"mh-excerpt\"><p>Javier Milei&nbsp;ingresar\u00e1 hoy al&nbsp;Congreso de la Naci\u00f3n para jurar como Presidente&nbsp;de la Naci\u00f3n. Lo recibir\u00e1n cuatro diputados y cuatro senadores junto a las autoridades de las C\u00e1maras que lo guiar\u00e1n hasta el estrado de la Presidencia de Diputados. Frente a \u00e9l tendr\u00e1s&nbsp;329 pares de ojos de senadores y diputados que lo observar\u00e1n con atenci\u00f3n. Mirar\u00e1n cada detalle de sus movimientos tratando de escudri\u00f1ar qu\u00e9 piensa el nuevo jefe de Estados ahora que ocupa el Sill\u00f3n de Rivadavia. Por su parte,&nbsp;el libertario sacar\u00e1 cuentas. Enla&nbsp;C\u00e1mara baja cuenta con 40 bancas&nbsp;-sumando a sus aliados salte\u00f1os de Ahora Patria- y&nbsp;en el Senado tiene <a class=\"mh-excerpt-more\" href=\"http:\/\/dsrmedios.com.ar\/diario\/archivos\/42156\" title=\"Milei asume el gobierno con un Congreso fragmentado, en minor\u00eda y con alianzas partidarias que se reconfiguran\">[Leer m\u00e1s]<\/a><\/p>\n<\/div>","protected":false},"author":8,"featured_media":41568,"comment_status":"open","ping_status":"closed","sticky":false,"template":"","format":"standard","meta":{"_jetpack_newsletter_access":""},"categories":[6],"tags":[],"jetpack_featured_media_url":"http:\/\/dsrmedios.com.ar\/diario\/wp-content\/uploads\/2023\/11\/javier-milei-20230817-1634415.jpg","jetpack_sharing_enabled":true,"jetpack_shortlink":"https:\/\/wp.me\/p9fihK-aXW","_links":{"self":[{"href":"http:\/\/dsrmedios.com.ar\/diario\/wp-json\/wp\/v2\/posts\/42156"}],"collection":[{"href":"http:\/\/dsrmedios.com.ar\/diario\/wp-json\/wp\/v2\/posts"}],"about":[{"href":"http:\/\/dsrmedios.com.ar\/diario\/wp-json\/wp\/v2\/types\/post"}],"author":[{"embeddable":true,"href":"http:\/\/dsrmedios.com.ar\/diario\/wp-json\/wp\/v2\/users\/8"}],"replies":[{"embeddable":true,"href":"http:\/\/dsrmedios.com.ar\/diario\/wp-json\/wp\/v2\/comments?post=42156"}],"version-history":[{"count":1,"href":"http:\/\/dsrmedios.com.ar\/diario\/wp-json\/wp\/v2\/posts\/42156\/revisions"}],"predecessor-version":[{"id":42157,"href":"http:\/\/dsrmedios.com.ar\/diario\/wp-json\/wp\/v2\/posts\/42156\/revisions\/42157"}],"wp:featuredmedia":[{"embeddable":true,"href":"http:\/\/dsrmedios.com.ar\/diario\/wp-json\/wp\/v2\/media\/41568"}],"wp:attachment":[{"href":"http:\/\/dsrmedios.com.ar\/diario\/wp-json\/wp\/v2\/media?parent=42156"}],"wp:term":[{"taxonomy":"category","embeddable":true,"href":"http:\/\/dsrmedios.com.ar\/diario\/wp-json\/wp\/v2\/categories?post=42156"},{"taxonomy":"post_tag","embeddable":true,"href":"http:\/\/dsrmedios.com.ar\/diario\/wp-json\/wp\/v2\/tags?post=42156"}],"curies":[{"name":"wp","href":"https:\/\/api.w.org\/{rel}","templated":true}]}}