{"id":42147,"date":"2023-12-10T11:45:11","date_gmt":"2023-12-10T14:45:11","guid":{"rendered":"http:\/\/dsrmedios.com.ar\/diario\/?p=42147"},"modified":"2023-12-10T11:45:13","modified_gmt":"2023-12-10T14:45:13","slug":"el-gobierno-anunciara-manana-a-las-8-las-primeras-medidas-de-gestion","status":"publish","type":"post","link":"http:\/\/dsrmedios.com.ar\/diario\/archivos\/42147","title":{"rendered":"El Gobierno anunciar\u00e1 ma\u00f1ana a las 8 las primeras medidas de gesti\u00f3n"},"content":{"rendered":"\n<p>El vocero presidencial,&nbsp;<strong>Manuel Adorni,&nbsp;<\/strong>confirm\u00f3 hoy que este lunes a \u201cprimer\u00edsima hora\u201d habr\u00e1 una conferencia de prensa para anunciar las primeras medidas de gesti\u00f3n.<\/p>\n\n\n\n<p>\u201c<strong>Ser\u00e1 a las 8 de la ma\u00f1ana\u201d<\/strong>, se\u00f1al\u00f3 Adorni en la puerta del Congreso, antes de participar de la asunci\u00f3n de Javier Milei como Presidente.<\/p>\n\n\n\n<p>Fuentes oficiales aclararon ante la consulta de&nbsp;<strong>Infobae<\/strong>&nbsp;que ser\u00e1 el propio vocero quien hablar\u00e1 con los medios ma\u00f1ana en Casa Rosada.<\/p>\n\n\n\n<p>La duda surgi\u00f3 porque el funcionario no precis\u00f3 si ser\u00e1 el propio jefe de Estado el que hablar\u00e1 con los medios o si ser\u00e1 el ministro de Econom\u00eda, Luis \u201cToto\u201d Caputo.<\/p>\n\n\n\n<p>Con una&nbsp;<a rel=\"noreferrer noopener\" href=\"https:\/\/www.infobae.com\/economia\/2023\/12\/10\/la-economia-que-llega-con-luis-caputo-la-urgencia-de-la-senal-fiscal-la-devaluacion-y-como-sumar-reservas\/\" target=\"_blank\">serie de urgencias<\/a>&nbsp;que sobrevuelan en t\u00e9rminos de&nbsp;<strong>inflaci\u00f3n<\/strong>, flaqueza de<strong>&nbsp;reservas<\/strong>,<strong>&nbsp;cepo cambiario&nbsp;<\/strong>y<strong>&nbsp;d\u00e9ficit fiscal<\/strong>,en el marco de&nbsp;<a href=\"https:\/\/www.infobae.com\/economia\/2023\/12\/05\/la-pobreza-en-su-peor-nivel-desde-2001-la-uca-advirtio-que-roza-el-45-y-que-crecera-por-la-inflacion\/\">dolorosos indicadores sociales<\/a>&nbsp;en situaci\u00f3n cr\u00edtica, se especula que la conferencia de prensa sea sobre las primeras medidas econ\u00f3micas.<\/p>\n\n\n\n<p>Con total hermetismo, Caputo y el nuevo presidente del Banco Central, Santiago Bausili, definen las medidas para arrancar el lunes con nuevas reglas cambiarias y el desarmado de la mara\u00f1a de regulaciones cambiarias.<\/p>\n\n\n\n<p>El mandato que Milei baj\u00f3 a su equipo econ\u00f3mico es el de terminar, lo m\u00e1s r\u00e1pido posible, con los pasivos remunerados del Banco Central, lo que el economista libertario identifica como el obst\u00e1culo para la liberaci\u00f3n del cepo cambiario sin pasar por una presi\u00f3n sobre los precios que los deje en terreno propicio para una hiperinflaci\u00f3n.<\/p>\n\n\n\n<p>Una cuesti\u00f3n central para prestar atenci\u00f3n en los primeros d\u00edas de mandato de Milei: si habr\u00e1 una&nbsp;<strong>devaluaci\u00f3n inmediata<\/strong>&nbsp;(algo que mercado ya descuenta), pero en especial la profundidad que tendr\u00e1, y su impacto luego en precios.<\/p>\n\n\n\n<h2>Devaluaci\u00f3n, estanflaci\u00f3n y mercados<\/h2>\n\n\n\n<p>Entre las dudas aparecen, como se dijo, la&nbsp;<strong>profundidad de la devaluaci\u00f3n<\/strong>&nbsp;inicial, qu\u00e9 tanta presi\u00f3n sobre el ecosistema de precios implicar\u00e1, si necesitar\u00e1 el ministro&nbsp;<strong>emitir una deuda considerable<\/strong>&nbsp;para liquidar esos pasivos del BCRA y si podr\u00e1 conseguir&nbsp;<strong>financiamiento r\u00e1pido&nbsp;<\/strong>en d\u00f3lares en el exterior, ya sea a trav\u00e9s del Fondo Monetario, de un pr\u00e9stamo de un consorcio de bancos o de fondos soberanos de otras naciones.<\/p>\n\n\n\n<p>Y, tambi\u00e9n, c\u00f3mo transitar\u00e1 la sociedad y el gobierno ese&nbsp;<strong>camino que llevar\u00e1 a la&nbsp;<\/strong><a href=\"https:\/\/www.infobae.com\/economia\/2023\/11\/29\/javier-milei-va-a-haber-una-estanflacion\/\"><strong>estanflaci\u00f3n<\/strong><\/a>&nbsp;de entre un a\u00f1o y medio y dos a\u00f1os que anticip\u00f3 Javier Milei pocos d\u00edas atr\u00e1s.<\/p>\n\n\n\n<p>Si bien el mercado existe fuerte expectativa de que habr\u00e1 un cambio a partir del lunes mismo, no hay a\u00fan indicio concluyentes respecto de cu\u00e1l ser\u00e1 el primer paso en la apertura de los mercados. En principio, el plan apunta a un virtual desdoblamiento -un \u00fanico d\u00f3lar para importaciones y exportaciones y otro para el resto de las operaciones- en el cual la brecha se ir\u00eda reduciendo en la medida que el ajuste fiscal y la resoluci\u00f3n a los pasivos remunerados del Central generen confianza entre los inversores.<\/p>\n\n\n\n<p>En cuanto a qu\u00e9 precio se producir\u00eda la correcci\u00f3n, fue el propio&nbsp;<strong>Guillermo Francos<\/strong>, futuro ministro de Interior, quien brind\u00f3 todas las se\u00f1ales. \u201cUn d\u00f3lar a $650 parece razonable\u201d, dijo.<\/p>\n\n\n\n<p>Milei ya dej\u00f3 en claro que tendr\u00e1 un rol relevante en las decisiones que se van tomando. El presidente fue bastante enf\u00e1tico en las \u00faltimas semanas al sostener que era inviable una apertura del cepo r\u00e1pida, ante el peligro que el excedente de pesos provoque fuerte presi\u00f3n cambiaria que derive en una hiperinflaci\u00f3n.<\/p>\n\n\n\n<p>Por eso, se espera que las primeras decisiones est\u00e9n relacionadas con el manejo del sobrante monetario, mientras al mismo tiempo se presenta la\u00a0<a rel=\"noreferrer noopener\" href=\"https:\/\/www.infobae.com\/politica\/2023\/12\/01\/como-es-la-ley-omnibus-que-prepara-milei-en-reserva-que-va-a-necesitar-los-votos-del-peronismo\/\" target=\"_blank\">\u201cley \u00f3mnibus\u201d<\/a>, que apunta a avanzar con la modernizaci\u00f3n de la econom\u00eda, reforma del Estado, privatizaciones y sobre todo medidas que apunten a alcanzar el equilibrio fiscal.<\/p>\n\n\n\n<p>Fuente: Infobae<\/p>\n","protected":false},"excerpt":{"rendered":"<div class=\"mh-excerpt\"><p>El vocero presidencial,&nbsp;Manuel Adorni,&nbsp;confirm\u00f3 hoy que este lunes a \u201cprimer\u00edsima hora\u201d habr\u00e1 una conferencia de prensa para anunciar las primeras medidas de gesti\u00f3n. \u201cSer\u00e1 a las 8 de la ma\u00f1ana\u201d, se\u00f1al\u00f3 Adorni en la puerta del Congreso, antes de participar de la asunci\u00f3n de Javier Milei como Presidente. Fuentes oficiales aclararon ante la consulta de&nbsp;Infobae&nbsp;que ser\u00e1 el propio vocero quien hablar\u00e1 con los medios ma\u00f1ana en Casa Rosada. La duda surgi\u00f3 porque el funcionario no precis\u00f3 si ser\u00e1 el propio jefe de Estado el que hablar\u00e1 con los medios o si ser\u00e1 el ministro de Econom\u00eda, Luis \u201cToto\u201d Caputo. Con <a class=\"mh-excerpt-more\" href=\"http:\/\/dsrmedios.com.ar\/diario\/archivos\/42147\" title=\"El Gobierno anunciar\u00e1 ma\u00f1ana a las 8 las primeras medidas de gesti\u00f3n\">[Leer m\u00e1s]<\/a><\/p>\n<\/div>","protected":false},"author":8,"featured_media":42148,"comment_status":"open","ping_status":"closed","sticky":false,"template":"","format":"standard","meta":{"_jetpack_newsletter_access":""},"categories":[6],"tags":[],"jetpack_featured_media_url":"http:\/\/dsrmedios.com.ar\/diario\/wp-content\/uploads\/2023\/12\/casa-rosada-2.jpg","jetpack_sharing_enabled":true,"jetpack_shortlink":"https:\/\/wp.me\/p9fihK-aXN","_links":{"self":[{"href":"http:\/\/dsrmedios.com.ar\/diario\/wp-json\/wp\/v2\/posts\/42147"}],"collection":[{"href":"http:\/\/dsrmedios.com.ar\/diario\/wp-json\/wp\/v2\/posts"}],"about":[{"href":"http:\/\/dsrmedios.com.ar\/diario\/wp-json\/wp\/v2\/types\/post"}],"author":[{"embeddable":true,"href":"http:\/\/dsrmedios.com.ar\/diario\/wp-json\/wp\/v2\/users\/8"}],"replies":[{"embeddable":true,"href":"http:\/\/dsrmedios.com.ar\/diario\/wp-json\/wp\/v2\/comments?post=42147"}],"version-history":[{"count":1,"href":"http:\/\/dsrmedios.com.ar\/diario\/wp-json\/wp\/v2\/posts\/42147\/revisions"}],"predecessor-version":[{"id":42149,"href":"http:\/\/dsrmedios.com.ar\/diario\/wp-json\/wp\/v2\/posts\/42147\/revisions\/42149"}],"wp:featuredmedia":[{"embeddable":true,"href":"http:\/\/dsrmedios.com.ar\/diario\/wp-json\/wp\/v2\/media\/42148"}],"wp:attachment":[{"href":"http:\/\/dsrmedios.com.ar\/diario\/wp-json\/wp\/v2\/media?parent=42147"}],"wp:term":[{"taxonomy":"category","embeddable":true,"href":"http:\/\/dsrmedios.com.ar\/diario\/wp-json\/wp\/v2\/categories?post=42147"},{"taxonomy":"post_tag","embeddable":true,"href":"http:\/\/dsrmedios.com.ar\/diario\/wp-json\/wp\/v2\/tags?post=42147"}],"curies":[{"name":"wp","href":"https:\/\/api.w.org\/{rel}","templated":true}]}}