{"id":42144,"date":"2023-12-10T00:04:31","date_gmt":"2023-12-10T03:04:31","guid":{"rendered":"http:\/\/dsrmedios.com.ar\/diario\/?p=42144"},"modified":"2023-12-10T00:04:32","modified_gmt":"2023-12-10T03:04:32","slug":"a-40-anos-de-la-recuperacion-democratica-asume-javier-milei-como-presidente-de-la-nacion","status":"publish","type":"post","link":"http:\/\/dsrmedios.com.ar\/diario\/archivos\/42144","title":{"rendered":"A 40 a\u00f1os de la recuperaci\u00f3n democr\u00e1tica, asume Javier Milei como Presidente de la Naci\u00f3n"},"content":{"rendered":"\n<p><\/p>\n\n\n\n<p>Javier Milei se convertir\u00e1 este domingo en el octavo presidente ungido por el voto popular desde la recuperaci\u00f3n democr\u00e1tica conseguida en 1983, de la que se cumplen 40 a\u00f1os, y&nbsp;<strong>asumir\u00e1 con pronunciadas minor\u00edas parlamentarias y con el desaf\u00edo de enfrentar un escenario econ\u00f3mico<\/strong>&nbsp;que, seg\u00fan \u00e9l mismo describi\u00f3,&nbsp;<strong>ser\u00e1 de &#8220;<a href=\"https:\/\/www.telam.com.ar\/notas\/202311\/648054-estanflacion-vieja-conocida-argentinos.html\" target=\"_blank\" rel=\"noreferrer noopener\">estanflaci\u00f3n<\/a>&#8221; para los primeros meses<\/strong>&nbsp;de su Gobierno.<\/p>\n\n\n\n<p>Con 53 a\u00f1os, el l\u00edder libertario llega a la primera magistratura luego de una&nbsp;<strong>mete\u00f3rica carrera pol\u00edtica<\/strong>&nbsp;que se inici\u00f3 tan s\u00f3lo dos a\u00f1os atr\u00e1s, cuando fue electo diputado nacional por la fuerza que cre\u00f3, La Libertad Avanza (LLA).<\/p>\n\n\n\n<p>Milei result\u00f3 el candidato m\u00e1s votado en las&nbsp;<strong>primarias de agosto<\/strong>&nbsp;con el<strong>&nbsp;29,86% de los votos<\/strong>; luego en las elecciones de&nbsp;<strong>octubre&nbsp;<\/strong>qued\u00f3 segundo con&nbsp;<strong>casi el 30%&nbsp;<\/strong>y en la&nbsp;<strong>segunda vuelta<\/strong>&nbsp;de noviembre se impuso con el&nbsp;<strong>55% de los sufragios<\/strong>, 11 puntos arriba del candidato oficialista Sergio Massa.<\/p>\n\n\n\n<p>Con un&nbsp;<strong>discurso centrado en el combate a la &#8220;casta&#8221;, de recorte fiscal y reforma del Estado simbolizado en la figura de la &#8220;motosierra&#8221;<\/strong>&nbsp;con la que hizo campa\u00f1a electoral, Milei asumir\u00e1 ante un Congreso en el que deber\u00e1 buscar -desde el lunes mismo- construir mayor\u00edas que le permitan&nbsp;<a href=\"https:\/\/www.telam.com.ar\/notas\/202312\/649035-congreso-bloques-debate-leyes-milei.html\" target=\"_blank\" rel=\"noreferrer noopener\">aprobar un paquete de leyes que considera fundamentales para su gesti\u00f3n<\/a>, y para lo que llamar\u00e1 a sesiones extraordinarias durante el verano.<\/p>\n\n\n\n<figure class=\"wp-block-image\"><a href=\"javascript:void(0);\"><img decoding=\"async\" src=\"https:\/\/www.telam.com.ar\/thumbs\/bluesteel\/advf\/imagenes\/2023\/11\/6567bd9b4dd20_1200.jpg\" alt=\"La histrica jornada de este domingo comenzar al medioda cuando la Asamblea Legislativa reciba a la frmula electa\"\/><\/a><figcaption class=\"wp-element-caption\">La hist\u00f3rica jornada de este domingo comenzar\u00e1 al mediod\u00eda cuando la Asamblea Legislativa reciba a la f\u00f3rmula electa.<\/figcaption><\/figure>\n\n\n\n<h2>As\u00ed ser\u00e1 la jornada de asunci\u00f3n de Milei<\/h2>\n\n\n\n<p>La hist\u00f3rica jornada de este domingo comenzar\u00e1 al mediod\u00eda cuando la<strong>&nbsp;Asamblea Legislativa<\/strong>&nbsp;reunida en el Congreso nacional reciba en el recinto de la C\u00e1mara de Diputados a la f\u00f3rmula electa, conformada por Milei y su vicepresidenta Victoria Villarruel, para que ambos presten juramento, tras lo cual&nbsp;<strong>el presidente saliente Alberto Fern\u00e1ndez le entregar\u00e1 los atributos del mando<\/strong>.<\/p>\n\n\n\n<p>Aunque existe un cuerpo legal que impone algunas obligaciones, tambi\u00e9n es cierto que cada jefe de Estado electo ha realizado sutiles&nbsp;<a href=\"https:\/\/www.telam.com.ar\/notas\/202312\/648749-milei-presidente-asuncion.html\" target=\"_blank\" rel=\"noreferrer noopener\">modificaciones al protocolo<\/a>&nbsp;que se desarrolla cuando se concreta el recambio institucional.<\/p>\n\n\n\n<p>En ese sentido, la primera y notoria diferencia ser\u00e1 la&nbsp;<strong>ausencia de un mensaje a los legisladores reunidos en el Congreso<\/strong>: tras la jura, el Presidente&nbsp;<strong>saldr\u00e1 a las escalinatas del edificio y desde all\u00ed pronunciar\u00e1 su primer discurso, ante lo que espera sea una multitud de seguidores.<\/strong><\/p>\n\n\n\n<p>Esta semana, Milei convoc\u00f3 a trav\u00e9s de las redes sociales a la ciudadan\u00eda a asistir el domingo a las inmediaciones del Congreso nacional y&nbsp;<strong>solicit\u00f3 a la gente que lleve una bandera argentina<\/strong>.<\/p>\n\n\n\n<p>Respecto de los atributos, la sastrer\u00eda militar tom\u00f3 hace un par de semanas las medidas para la nueva banda presidencial y en los \u00faltimos d\u00edas&nbsp;<a href=\"https:\/\/www.telam.com.ar\/notas\/202312\/648967-nuevo-baston-presidencial-orfebre-pallarols.html\" target=\"_blank\" rel=\"noreferrer noopener\">el orfebre Juan Carlos Pallarols entreg\u00f3 el bast\u00f3n de mando<\/a>&nbsp;a la oficina de ceremonial de la Casa de Gobierno.<\/p>\n\n\n\n<figure class=\"wp-block-image\"><a href=\"javascript:void(0);\"><img decoding=\"async\" src=\"https:\/\/www.telam.com.ar\/thumbs\/bluesteel\/advf\/imagenes\/2023\/12\/6571aa382b991_1200.jpg\" alt=\"Milei no brindar un mensaje a los legisladores reunidos Tras la jura el Presidente saldr a las escalinatas del Congreso y desde all pronunciar su primer discurso\"\/><\/a><figcaption class=\"wp-element-caption\">Milei no brindar\u00e1 un mensaje a los legisladores reunidos. Tras la jura, el Presidente saldr\u00e1 a las escalinatas del Congreso y desde all\u00ed pronunciar\u00e1 su primer discurso.<\/figcaption><\/figure>\n\n\n\n<p>Otra novedad es que se&nbsp;<strong>pretende acotar la transmisi\u00f3n televisiva &#8220;en cadena&#8221;, limit\u00e1ndola a la jura y al discurso, mientras que el resto de la jornada ser\u00e1 emitida por la TV P\u00fablica para que &#8220;la repitan quienes deseen&#8221;<\/strong>, aseguraron allegados al nuevo mandatario.<\/p>\n\n\n\n<p>Terminado el cap\u00edtulo del Congreso,&nbsp;<strong>Milei se trasladar\u00e1 a la Casa de Gobierno en un auto descapotable a lo largo de la avenida de Mayo<\/strong>&nbsp;y recuperar\u00e1 una tradici\u00f3n que no se repite desde la asunci\u00f3n de Fernando de la R\u00faa.<\/p>\n\n\n\n<p>El&nbsp;<strong>&#8220;Cadillac de Per\u00f3n<\/strong>&#8221; -que se asocia err\u00f3neamente a Eva Per\u00f3n por la pel\u00edcula de Juan Carlos Desanzo- se encuentra en exhibici\u00f3n en el Museo del Bicentenario pero no est\u00e1 operativo y por esa raz\u00f3n&nbsp;<strong>Milei no lo utilizar\u00e1, tal como se especul\u00f3 en los \u00faltimos d\u00edas, y viajar\u00e1 en un Valiant 3 gris.<\/strong><\/p>\n\n\n\n<p>As\u00ed conseguir\u00e1 la misma postal que&nbsp;<strong>Ra\u00fal Alfons\u00edn, Carlos Menem y De la R\u00faa<\/strong>, viajando&nbsp;<strong>a contramano por la avenida de Mayo<\/strong>&nbsp;recibiendo el apoyo de sus seguidores.<\/p>\n\n\n\n<p>El l\u00edder libertario &#8220;quiere caminar&#8221; en alg\u00fan tramo pero, por ahora, se impone el criterio de la Casa Militar y de los expertos en seguridad que desalientan esa posibilidad.<\/p>\n\n\n\n<h2>La llegada a Casa Rosada<\/h2>\n\n\n\n<p>Milei llegar\u00eda entonces a la Casa Rosada, lugar en el que realizar\u00eda &#8220;un gesto, un peque\u00f1o acto formal&#8221; del que a\u00fan no se conocen detalles y luego,&nbsp;<strong>a partir de las 14 y acompa\u00f1ado por la designada canciller Diana Mondino, recibir\u00e1 el saludo de los mandatarios, representantes y delegaciones extranjeras e invitados especiales.<\/strong><\/p>\n\n\n\n<figure class=\"wp-block-image\"><a href=\"javascript:void(0);\"><img decoding=\"async\" src=\"https:\/\/www.telam.com.ar\/thumbs\/bluesteel\/advf\/imagenes\/2020\/03\/5e5c23e3c3dd9_1200.jpg\" alt=\"Est previsto que a las 1730 Milei le tome juramento a los ministros en el Saln Blanco de la Casa Rosada\"\/><\/a><figcaption class=\"wp-element-caption\">Est\u00e1 previsto que a las 17.30 Milei le tome juramento a los ministros en el Sal\u00f3n Blanco de la Casa Rosada.<\/figcaption><\/figure>\n\n\n\n<p>El Rey de Espa\u00f1a&nbsp;<strong>Felipe VI<\/strong>, varios mandatarios de Europa y de la regi\u00f3n est\u00e1n entre los&nbsp;<a href=\"https:\/\/www.telam.com.ar\/notas\/202312\/649038-milei-asuncion-invitados-internacionales.html\" target=\"_blank\" rel=\"noreferrer noopener\">confirmados que comenzaron a llegar entre viernes y s\u00e1bado al pa\u00eds<\/a>.<\/p>\n\n\n\n<p>Adem\u00e1s del monarca espa\u00f1ol, confirmaron su presencia el primer ministro de Hungr\u00eda,&nbsp;<strong>Viktor Orban<\/strong>; los mandatarios de Uruguay,&nbsp;<strong>Luis Lacalle<\/strong>&nbsp;Pou; de Paraguay,&nbsp;<strong>Santiago Pe\u00f1a<\/strong>; y de Bolivia,&nbsp;<strong>Luis Arce Catacora<\/strong>.<\/p>\n\n\n\n<p>Estar\u00e1n tambi\u00e9n en la ceremonia de investidura los presidentes de Armenia,&nbsp;<strong>Vahagn Kachaturyan<\/strong>&nbsp;y de Chile,&nbsp;<strong>Gabriel Boric<\/strong>, quien estar\u00e1 acompa\u00f1ado por una delegaci\u00f3n integrada por el canciller,&nbsp;<strong>Alberto van Klaveren<\/strong>, el ministro secretario general de la Presidencia,&nbsp;<strong>\u00c1lvaro Elizalde<\/strong>, y la ministra de la Mujer y Equidad de G\u00e9nero,&nbsp;<strong>Antonia Orellana<\/strong>.<\/p>\n\n\n\n<p>Otra de las presencias ser\u00e1 la del expresidente de Brasil&nbsp;<strong>Jair Bolsonaro<\/strong>, quien el viernes&nbsp;<a href=\"https:\/\/www.telam.com.ar\/notas\/202312\/648943-bolsonaro-milei.html\" target=\"_blank\" rel=\"noreferrer noopener\">se reuni\u00f3 con Milei en el hotel Libertador<\/a>&nbsp;del barrio porte\u00f1o de San Nicol\u00e1s.<\/p>\n\n\n\n<p>En tanto,&nbsp;<strong>no est\u00e1 confirmada la presencia del presidente de Ucrania, Volodimir Zelensky<\/strong>, ya que, seg\u00fan comentaron fuentes diplom\u00e1ticas, en el estado de guerra que vive su pa\u00eds por la invasi\u00f3n rusa los movimientos del mandatario no se anuncian con anticipaci\u00f3n por cuestiones de seguridad.<\/p>\n\n\n\n<figure class=\"wp-block-image\"><a href=\"javascript:void(0);\"><img decoding=\"async\" src=\"https:\/\/www.telam.com.ar\/thumbs\/bluesteel\/advf\/imagenes\/2023\/11\/65678efd9f1ad_1200.jpg\" alt=\"Javier Milei y su vicepresidenta Victoria Villarruel prestarn juramento este domingo Foto Ral Ferrari\"\/><\/a><figcaption class=\"wp-element-caption\">Javier Milei y su vicepresidenta Victoria Villarruel prestar\u00e1n juramento este domingo \/ Foto: Ra\u00fal Ferrari.<\/figcaption><\/figure>\n\n\n\n<p>Zelensky se comunic\u00f3 telef\u00f3nicamente con Milei tres d\u00edas despu\u00e9s del triunfo electoral en el balotaje para felicitarlo por el resultado y se conoce la intenci\u00f3n del presidente ucraniano de viajar a la Argentina, donde aprovechar\u00eda la oportunidad para mantener encuentros con otros mandatarios y embajadores extranjeros visitantes, indicaron las fuentes.<\/p>\n\n\n\n<p>Tambi\u00e9n est\u00e1 confirmado que asista el canciller Israel,&nbsp;<strong>Eli Cohen<\/strong>, y el l\u00edder del partido espa\u00f1ol VOX,&nbsp;<strong>Santiago Abascal<\/strong>, quienes tambi\u00e9n&nbsp;<strong>se reunieron este s\u00e1bado con el presidente electo<\/strong>.<\/p>\n\n\n\n<p>Luego, seg\u00fan el cronograma oficial de actividades, a las 17.30 est\u00e1 previsto que Milei le tome&nbsp;<strong>juramento en el Sal\u00f3n Blanco de la Casa Rosada a los ministros que lo acompa\u00f1ar\u00e1n en la gesti\u00f3n<\/strong>, tras una reducci\u00f3n de las 18 carteras actuales en el marco del plan de reforma y modernizaci\u00f3n del Estado que impulsar\u00e1.<\/p>\n\n\n\n<p>En los \u00faltimos d\u00edas, tras fren\u00e9ticas reuniones en el hotel Libertador y en oficinas del barrio de Retiro, Milei y su equipo lograron completar la n\u00f3mina de funcionarios que encabezar\u00e1n las&nbsp;<strong>nueve carteras: Econom\u00eda, Interior, Capital Humano, Seguridad, Defensa, Infraestructura, Canciller\u00eda, Justicia y Salud.<\/strong><\/p>\n\n\n\n<h2>A las 19, a la Catedral Metropolitana<\/h2>\n\n\n\n<p>En tanto, a las 19, el mandatario se dirigir\u00e1 caminando a la&nbsp;<strong>Catedral Metropolitana<\/strong>, donde el arzobispo de Buenos Aires y Primado de la Argentina, monse\u00f1or Jorge Ignacio Garc\u00eda Cuerva, presidir\u00e1 una invocaci\u00f3n religiosa.<\/p>\n\n\n\n<figure class=\"wp-block-image\"><a href=\"javascript:void(0);\"><img decoding=\"async\" src=\"https:\/\/www.telam.com.ar\/thumbs\/bluesteel\/advf\/imagenes\/2019\/04\/5cb900c1955d9_1200.jpg\" alt=\"A las 19 el mandatario se dirigir caminando a la Catedral Metropolitana\"\/><\/a><figcaption class=\"wp-element-caption\">A las 19, el mandatario se dirigir\u00e1 caminando a la Catedral Metropolitana.<\/figcaption><\/figure>\n\n\n\n<p>El encuentro contar\u00e1 con la&nbsp;<strong>participaci\u00f3n interreligiosa de los representantes de los cultos que se profesan en el pa\u00eds<\/strong>, informaron a T\u00e9lam fuentes del arzobispado porte\u00f1o.<\/p>\n\n\n\n<h2>De cierre, Madame Butterfly en el&nbsp;Teatro Col\u00f3n<\/h2>\n\n\n\n<p>Finalmente, a las 20.30, el Presidente se dirigir\u00e1 al Teatro Col\u00f3n, lugar en el que se presentar\u00e1 la \u00f3pera&nbsp;<strong>Madame Butterfly<\/strong>&nbsp;de Giacomo Puccini.<\/p>\n\n\n\n<figure class=\"wp-block-image\"><a href=\"javascript:void(0);\"><img decoding=\"async\" src=\"https:\/\/www.telam.com.ar\/thumbs\/bluesteel\/advf\/imagenes\/2021\/05\/60ac13001d001_1200.jpg\" alt=\"A las 2030 el Presidente se dirigir al Teatro Coln\"\/><\/a><figcaption class=\"wp-element-caption\">A las 20.30, el Presidente se dirigir\u00e1 al Teatro Col\u00f3n.<\/figcaption><\/figure>\n\n\n\n<p>Fuente: TELAM<\/p>\n","protected":false},"excerpt":{"rendered":"<div class=\"mh-excerpt\"><p>Javier Milei se convertir\u00e1 este domingo en el octavo presidente ungido por el voto popular desde la recuperaci\u00f3n democr\u00e1tica conseguida en 1983, de la que se cumplen 40 a\u00f1os, y&nbsp;asumir\u00e1 con pronunciadas minor\u00edas parlamentarias y con el desaf\u00edo de enfrentar un escenario econ\u00f3mico&nbsp;que, seg\u00fan \u00e9l mismo describi\u00f3,&nbsp;ser\u00e1 de &#8220;estanflaci\u00f3n&#8221; para los primeros meses&nbsp;de su Gobierno. Con 53 a\u00f1os, el l\u00edder libertario llega a la primera magistratura luego de una&nbsp;mete\u00f3rica carrera pol\u00edtica&nbsp;que se inici\u00f3 tan s\u00f3lo dos a\u00f1os atr\u00e1s, cuando fue electo diputado nacional por la fuerza que cre\u00f3, La Libertad Avanza (LLA). Milei result\u00f3 el candidato m\u00e1s votado en las&nbsp;primarias <a class=\"mh-excerpt-more\" href=\"http:\/\/dsrmedios.com.ar\/diario\/archivos\/42144\" title=\"A 40 a\u00f1os de la recuperaci\u00f3n democr\u00e1tica, asume Javier Milei como Presidente de la Naci\u00f3n\">[Leer m\u00e1s]<\/a><\/p>\n<\/div>","protected":false},"author":8,"featured_media":42145,"comment_status":"open","ping_status":"closed","sticky":false,"template":"","format":"standard","meta":{"_jetpack_newsletter_access":""},"categories":[6],"tags":[],"jetpack_featured_media_url":"http:\/\/dsrmedios.com.ar\/diario\/wp-content\/uploads\/2023\/12\/65678efd9f1ad_1200.jpg","jetpack_sharing_enabled":true,"jetpack_shortlink":"https:\/\/wp.me\/p9fihK-aXK","_links":{"self":[{"href":"http:\/\/dsrmedios.com.ar\/diario\/wp-json\/wp\/v2\/posts\/42144"}],"collection":[{"href":"http:\/\/dsrmedios.com.ar\/diario\/wp-json\/wp\/v2\/posts"}],"about":[{"href":"http:\/\/dsrmedios.com.ar\/diario\/wp-json\/wp\/v2\/types\/post"}],"author":[{"embeddable":true,"href":"http:\/\/dsrmedios.com.ar\/diario\/wp-json\/wp\/v2\/users\/8"}],"replies":[{"embeddable":true,"href":"http:\/\/dsrmedios.com.ar\/diario\/wp-json\/wp\/v2\/comments?post=42144"}],"version-history":[{"count":1,"href":"http:\/\/dsrmedios.com.ar\/diario\/wp-json\/wp\/v2\/posts\/42144\/revisions"}],"predecessor-version":[{"id":42146,"href":"http:\/\/dsrmedios.com.ar\/diario\/wp-json\/wp\/v2\/posts\/42144\/revisions\/42146"}],"wp:featuredmedia":[{"embeddable":true,"href":"http:\/\/dsrmedios.com.ar\/diario\/wp-json\/wp\/v2\/media\/42145"}],"wp:attachment":[{"href":"http:\/\/dsrmedios.com.ar\/diario\/wp-json\/wp\/v2\/media?parent=42144"}],"wp:term":[{"taxonomy":"category","embeddable":true,"href":"http:\/\/dsrmedios.com.ar\/diario\/wp-json\/wp\/v2\/categories?post=42144"},{"taxonomy":"post_tag","embeddable":true,"href":"http:\/\/dsrmedios.com.ar\/diario\/wp-json\/wp\/v2\/tags?post=42144"}],"curies":[{"name":"wp","href":"https:\/\/api.w.org\/{rel}","templated":true}]}}