{"id":42138,"date":"2023-12-10T00:01:55","date_gmt":"2023-12-10T03:01:55","guid":{"rendered":"http:\/\/dsrmedios.com.ar\/diario\/?p=42138"},"modified":"2023-12-10T00:02:27","modified_gmt":"2023-12-10T03:02:27","slug":"milei-recibio-a-los-presidentes-de-paraguay-y-de-armenia-y-al-rey-de-espana","status":"publish","type":"post","link":"http:\/\/dsrmedios.com.ar\/diario\/archivos\/42138","title":{"rendered":"Milei recibi\u00f3 a los presidentes de Paraguay y de Armenia y al Rey de Espa\u00f1a"},"content":{"rendered":"\n<p>A horas de su asunci\u00f3n, el presidente electo Javier Milei recibi\u00f3 a los jefes de Estado de<strong>&nbsp;Paraguay y de Armenia, Santiago Pe\u00f1a y Vahagn Khachaturyan, al rey Felipe VI de Espa\u00f1a y a representantes de Estados Unidos<\/strong>, que forman parte de las delegaciones extranjeras que llegaron a Buenos Aires para participar ma\u00f1ana de los actos de traspaso de mando.<\/p>\n\n\n\n<p>Los representantes extranjeros&nbsp;<strong><a href=\"https:\/\/www.telam.com.ar\/notas\/202312\/649041-milei-asuncion-presidente.html\" target=\"_blank\" rel=\"noreferrer noopener\">participar\u00e1n este domingo de la ceremonia de asunci\u00f3n en el Congreso Nacional<\/a><\/strong>&nbsp;y luego en la jura de los ministros del gabinete en la Casa Rosada, seg\u00fan fuentes de La Libertad Avanza.<\/p>\n\n\n\n<h2>Encuetro con el Rey Felipe VI<\/h2>\n\n\n\n<p><a rel=\"noreferrer noopener\" href=\"https:\/\/www.telam.com.ar\/notas\/202312\/649025-felipe-espania-arribo-asuncion-milei.html\" target=\"_blank\">El rey Felipe VI de Espa\u00f1a arrib\u00f3 este s\u00e1bado<\/a>&nbsp;acompa\u00f1ado por el secretario de Estado para Iberoam\u00e9rica y el Caribe y el Espa\u00f1ol en el Mundo, Juan Fern\u00e1ndez Trigo, en un vuelo que aterriz\u00f3 a las 9:30 en la terminal reservada para privados del aeropuerto internacional de Ezeiza.<\/p>\n\n\n\n<p>M\u00e1s tarde mantuvo un encuentro con Milei en el Palacio San Mart\u00edn del que tambi\u00e9n particip\u00f3 el designado jefe de Gabinete, Nicol\u00e1s Posse, y la futura canciller Diana Mondino, y parte de su futuro equipo.<\/p>\n\n\n\n<p>&#8220;El Rey llega a Buenos Aires para asistir a la toma de posesi\u00f3n del presidente electo de la Rep\u00fablica de Argentina, Javier Milei&#8221;, inform\u00f3 la Casa Real espa\u00f1ola en la plataforma X.<\/p>\n\n\n\n<p>En el aeropuerto,&nbsp;<strong>el monarca fue recibido por la embajadora de Espa\u00f1a, Mar\u00eda Jes\u00fas Alonso, el director nacional de Ceremonial, Alberto Trueba, y por el enlace diplom\u00e1tico, Mariano Padr\u00f3s<\/strong>.<\/p>\n\n\n\n<h2>La relaci\u00f3n con Paraguay<\/h2>\n\n\n\n<p>En tanto, Pe\u00f1a lleg\u00f3 el viernes a Buenos Aires y este s\u00e1bado mantuvo un encuentro con el presidente electo en el hotel Libertador ubicado en la avenida C\u00f3rdoba y Maip\u00fa, en el barrio porte\u00f1o de San Nicol\u00e1s.<\/p>\n\n\n\n<p>Tras el encuentro,&nbsp;<strong>el presidente paraguayo dijo a la prensa que se abre una &#8220;nueva etapa&#8221; en la relaci\u00f3n con Argentina y afirm\u00f3 que se puso a &#8220;disposici\u00f3n&#8221; del mandatario electo<\/strong>.<\/p>\n\n\n\n<figure class=\"wp-block-image\"><a href=\"javascript:void(0);\"><img decoding=\"async\" src=\"https:\/\/www.telam.com.ar\/thumbs\/bluesteel\/advf\/imagenes\/2023\/12\/657480a0a54e1_1200.jpg\" alt=\"Santiago Pea Foto X ex Twitter\"\/><\/a><figcaption class=\"wp-element-caption\">Santiago Pe\u00f1a \/ Foto: X (ex Twitter).<\/figcaption><\/figure>\n\n\n\n<p>&#8220;Estoy muy entusiasmado. Queremos trabajar de cerca con el gobierno de Milei. Hay una enorme expectativa de lo que puede ser su gesti\u00f3n. El Mercosur, la regi\u00f3n y el mundo necesita que Argentina progrese&#8221;, afirm\u00f3.<\/p>\n\n\n\n<p>Adem\u00e1s ponder\u00f3 que &#8220;se espera mucho di\u00e1logo&#8221; en esta nueva etapa y record\u00f3 que en el pasado le toc\u00f3 &#8220;trabajar con Mauricio Macri&#8221; y conoce &#8220;a muchas personas que est\u00e1n volviendo&#8221;.<\/p>\n\n\n\n<p><strong>Pe\u00f1a tambi\u00e9n record\u00f3 que con el gobierno de Alberto Fern\u00e1ndez &#8220;el di\u00e1logo lastimosamente no era fluido&#8221;<\/strong>&nbsp;y quedaron pendientes de resoluci\u00f3n temas como la Hidrov\u00eda del R\u00edo Paran\u00e1 y la represa de Yacyret\u00e1.<\/p>\n\n\n\n<p>En su estad\u00eda porte\u00f1a, Pe\u00f1a mantuvo ayer un encuentro con Mauricio Macri, con quien dialog\u00f3 sobre &#8220;los desaf\u00edos econ\u00f3micos y pol\u00edticos de la regi\u00f3n&#8221;.<\/p>\n\n\n\n<p>Tambi\u00e9n program\u00f3 una reuni\u00f3n con la vicepresidenta electa, Victoria Villarruel, y mantuvo otro con la futura canciller, Diana Mondino.<\/p>\n\n\n\n<h2>El encuentro con Khachaturyan<\/h2>\n\n\n\n<p>En su agenda de este s\u00e1bado, Milei tambi\u00e9n se reuni\u00f3 con el mandatario de Armenia, Vahagn Khachaturyan, en el Sal\u00f3n Dorado del Palacio San Mart\u00edn donde conversaron sobre c\u00f3mo fortalecer las relaciones entre ambas naciones.<\/p>\n\n\n\n<figure class=\"wp-block-image\"><a href=\"javascript:void(0);\"><img decoding=\"async\" src=\"https:\/\/www.telam.com.ar\/thumbs\/bluesteel\/advf\/imagenes\/2023\/12\/6574e6734d526_1200.jpg\" alt=\"Vahagn Khachaturyan y Javier Milei Foto Prensa\"\/><\/a><figcaption class=\"wp-element-caption\">Vahagn Khachaturyan y Javier Milei. Foto: Prensa.<\/figcaption><\/figure>\n\n\n\n<p>&#8220;Feliz de haberme reunido con el flamante presidente electo de Argentina y de haber abordado las medidas a tomar para fortalecer nuestras relaciones hist\u00f3ricamente c\u00e1lidas, pavimentando el camino hacia una cooperaci\u00f3n m\u00e1s fuerte entre nuestros pa\u00edses amigos&#8221;, escribi\u00f3 en X Khachaturyan.<\/p>\n\n\n\n<p>Y a\u00f1adi\u00f3 que desea que ambos trabajen &#8220;juntos estrechamente para fortalecer a\u00fan m\u00e1s nuestra cooperaci\u00f3n&#8221;.<\/p>\n\n\n\n<figure class=\"wp-block-image\"><a href=\"javascript:void(0);\"><img decoding=\"async\" src=\"https:\/\/www.telam.com.ar\/thumbs\/bluesteel\/advf\/imagenes\/2023\/12\/6574e67316722_1200.jpg\" alt=\"Foto Prensa\"\/><\/a><figcaption class=\"wp-element-caption\">Foto: Prensa.<\/figcaption><\/figure>\n\n\n\n<h2>La reuni\u00f3n con el h\u00fangaro Orban, quien lo consider\u00f3 la &#8220;nueva esperanza para Am\u00e9rica Latina&#8221;<\/h2>\n\n\n\n<p>El presidente electo, Javier Milei, se reuni\u00f3 con el primer ministro h\u00fangaro, quien viaj\u00f3 a Buenos Aires<strong>&nbsp;para presenciar los actos de asunci\u00f3n de este domingo y que habl\u00f3 de &#8220;una nueva esperanza para Am\u00e9rica Latina&#8221;<\/strong>.<\/p>\n\n\n\n<p>&#8220;\u00a1Una nueva esperanza para Am\u00e9rica Latina! Felicit\u00e9 al presidente Javier Milei hoy por su aplastante victoria en las elecciones presidenciales en Argentina. \u00a1Gracias por la invitaci\u00f3n!&#8221;, escribi\u00f3 Orban en su cuenta oficial de X.<\/p>\n\n\n\n<p>En Buenos Aires,&nbsp;<strong>Orban tambi\u00e9n mantuvo antes un encuentro con el expresidente brasile\u00f1o Jair Bolsonaro, quien se encuentra hospedado en un hotel del barrio porte\u00f1o de Retiro<\/strong>.<\/p>\n\n\n\n<p>&#8220;Estamos en Buenos Aires para celebrar el gran triunfo del Presidente Javier Milei. Tuve el placer de reunirme con mi buen amigo, el Presidente Jair Bolsonaro. \u00a1La derecha est\u00e1 creciendo no s\u00f3lo en Europa sino en todo el mundo!&#8221;, escribi\u00f3 el mandatario ultranacionalista en X junto a una foto del encuentro.<\/p>\n\n\n\n<p>En su visita,&nbsp;<strong>tambi\u00e9n mantuvo una &#8220;gran charla&#8221; con el l\u00edder del partido espa\u00f1ol Vox, Santiago Abascal, acerca de la &#8220;preparaci\u00f3n para las elecciones europeas del pr\u00f3ximo a\u00f1o&#8221;<\/strong>.<\/p>\n\n\n\n<p><strong>&#8220;\u00a1Los vientos de cambio son fuertes en Europa!&#8221;<\/strong>, a\u00f1adi\u00f3 en su cuenta.<\/p>\n\n\n\n<p>Orban, que hab\u00eda felicitado a Milei por tel\u00e9fono tras la victoria del 19 de noviembre en el balotaj<\/p>\n\n\n\n<h2>M\u00e1s presencias internacionales<\/h2>\n\n\n\n<p><strong>Desde Estados Unidos y recibidos por el embajador Marc Stanley llegaron funcionarios de la administraci\u00f3n Biden encabezados por la secretaria de Energ\u00eda, Jennifer Granholm<\/strong>, quien se reuni\u00f3 con Milei para conversar sobre&#8221; las prioridades compartidas entre ambos pa\u00edses en la defensa de los derechos humanos, las inversiones en energ\u00eda limpia, y la cooperaci\u00f3n regional y multilateral&#8221;, indic\u00f3 la embajada estadounidense.<\/p>\n\n\n\n<figure class=\"wp-block-image\"><a href=\"javascript:void(0);\"><img decoding=\"async\" src=\"https:\/\/www.telam.com.ar\/thumbs\/bluesteel\/advf\/imagenes\/2023\/12\/6574b7bb13457_1200.jpg\" alt=\"Jennifer Granholm Foto X ex Twitter\"\/><\/a><figcaption class=\"wp-element-caption\">Jennifer Granholm \/ Foto: X (ex Twitter).<\/figcaption><\/figure>\n\n\n\n<p>En el encuentro, del que tambi\u00e9n&nbsp;<strong>particip\u00f3 Mondino, la secretaria Granholm estuvo acompa\u00f1ada por Carlos Monje, subsecretario de Pol\u00edtica de Transportes del Departamento de Transportes; Andrew E. Light, subsecretario de Energ\u00eda para Asuntos Internacionales, y Juan Sebasti\u00e1n Gonz\u00e1lez, asistente especial del Presidente y Director Principal para el Hemisferio Occidental, Consejo de Seguridad Nacional<\/strong>.<\/p>\n\n\n\n<figure class=\"wp-block-image\"><a href=\"javascript:void(0);\"><img decoding=\"async\" src=\"https:\/\/www.telam.com.ar\/thumbs\/bluesteel\/advf\/imagenes\/2023\/12\/65747c136b07c_1200.jpg\" alt=\"Foto Pepe Mateos\"\/><\/a><figcaption class=\"wp-element-caption\">Foto: Pepe Mateos.<\/figcaption><\/figure>\n\n\n\n<p>Los enviados de la Casa Blanca se reunieron con funcionarios designados en las \u00e1reas de infraestructura, energ\u00eda y transporte de Argentina.<\/p>\n\n\n\n<p><strong>El l\u00edder del partido espa\u00f1ol VOX, Santiago Abascal<\/strong>, tambi\u00e9n asistir\u00e1 este domingo a la asunci\u00f3n y coment\u00f3 que mantuvo un &#8220;entra\u00f1able reencuentro en Buenos Aires con el ya Presidente de la Naci\u00f3n Argentina, Javier Milei&#8221;.<\/p>\n\n\n\n<p>&#8220;Hermanados de manera irrevocable en la batalla cultural y pol\u00edtica por la libertad y contra la ruina izquierdista&#8221;, escribi\u00f3 el espa\u00f1ol en su cuenta de X.<\/p>\n\n\n\n<p>Adem\u00e1s,&nbsp;<strong>confirmaron su viaje a Argentina&nbsp;<\/strong>los mandatarios de Uruguay, Luis Lacalle Pou,&nbsp;<strong><a href=\"https:\/\/www.telam.com.ar\/notas\/202312\/649051-zelenski-confirmo-que-estara-en-la-asuncion-de-milei.html\" target=\"_blank\" rel=\"noreferrer noopener\">de Ucrania, Volod\u00edmir Zelenski<\/a><\/strong>, y de Bolivia, Luis Arce Catacora.<\/p>\n\n\n\n<p>La presencia de Zelenski fue confirmada esta tarde por el mandatario ucraniano en su cuenta de la red social X, luego de varias versiones que pon\u00edan en duda si finalmente iba a participar por encontrarse su pa\u00eds en guerra.<\/p>\n\n\n\n<p><strong>&#8220;En camino a Argentina, me reun\u00ed con el Primer Ministro de Cabo Verde. Ulisses Correia e Silva. La primera reuni\u00f3n de l\u00edderes en la historia de nuestras relaciones bilaterales&#8221;, public\u00f3 Zelenski<\/strong>.<\/p>\n\n\n\n<p><\/p>\n\n\n\n<p>Estar\u00e1n tambi\u00e9n en la ceremonia de investidura los presidentes de Chile, Gabriel Boric, quien estar\u00e1 acompa\u00f1ado por una delegaci\u00f3n integrada por el canciller, Alberto van Klaveren, el ministro secretario general de la Presidencia, \u00c1lvaro Elizalde, y la ministra de la Mujer y Equidad de G\u00e9nero, Antonia OrellanA<\/p>\n\n\n\n<p>FUENTE: telam<\/p>\n","protected":false},"excerpt":{"rendered":"<div class=\"mh-excerpt\"><p>A horas de su asunci\u00f3n, el presidente electo Javier Milei recibi\u00f3 a los jefes de Estado de&nbsp;Paraguay y de Armenia, Santiago Pe\u00f1a y Vahagn Khachaturyan, al rey Felipe VI de Espa\u00f1a y a representantes de Estados Unidos, que forman parte de las delegaciones extranjeras que llegaron a Buenos Aires para participar ma\u00f1ana de los actos de traspaso de mando. Los representantes extranjeros&nbsp;participar\u00e1n este domingo de la ceremonia de asunci\u00f3n en el Congreso Nacional&nbsp;y luego en la jura de los ministros del gabinete en la Casa Rosada, seg\u00fan fuentes de La Libertad Avanza. Encuetro con el Rey Felipe VI El rey <a class=\"mh-excerpt-more\" href=\"http:\/\/dsrmedios.com.ar\/diario\/archivos\/42138\" title=\"Milei recibi\u00f3 a los presidentes de Paraguay y de Armenia y al Rey de Espa\u00f1a\">[Leer m\u00e1s]<\/a><\/p>\n<\/div>","protected":false},"author":8,"featured_media":41634,"comment_status":"open","ping_status":"closed","sticky":false,"template":"","format":"standard","meta":{"_jetpack_newsletter_access":""},"categories":[6],"tags":[],"jetpack_featured_media_url":"http:\/\/dsrmedios.com.ar\/diario\/wp-content\/uploads\/2023\/11\/MILEI32-1.jpg","jetpack_sharing_enabled":true,"jetpack_shortlink":"https:\/\/wp.me\/p9fihK-aXE","_links":{"self":[{"href":"http:\/\/dsrmedios.com.ar\/diario\/wp-json\/wp\/v2\/posts\/42138"}],"collection":[{"href":"http:\/\/dsrmedios.com.ar\/diario\/wp-json\/wp\/v2\/posts"}],"about":[{"href":"http:\/\/dsrmedios.com.ar\/diario\/wp-json\/wp\/v2\/types\/post"}],"author":[{"embeddable":true,"href":"http:\/\/dsrmedios.com.ar\/diario\/wp-json\/wp\/v2\/users\/8"}],"replies":[{"embeddable":true,"href":"http:\/\/dsrmedios.com.ar\/diario\/wp-json\/wp\/v2\/comments?post=42138"}],"version-history":[{"count":2,"href":"http:\/\/dsrmedios.com.ar\/diario\/wp-json\/wp\/v2\/posts\/42138\/revisions"}],"predecessor-version":[{"id":42142,"href":"http:\/\/dsrmedios.com.ar\/diario\/wp-json\/wp\/v2\/posts\/42138\/revisions\/42142"}],"wp:featuredmedia":[{"embeddable":true,"href":"http:\/\/dsrmedios.com.ar\/diario\/wp-json\/wp\/v2\/media\/41634"}],"wp:attachment":[{"href":"http:\/\/dsrmedios.com.ar\/diario\/wp-json\/wp\/v2\/media?parent=42138"}],"wp:term":[{"taxonomy":"category","embeddable":true,"href":"http:\/\/dsrmedios.com.ar\/diario\/wp-json\/wp\/v2\/categories?post=42138"},{"taxonomy":"post_tag","embeddable":true,"href":"http:\/\/dsrmedios.com.ar\/diario\/wp-json\/wp\/v2\/tags?post=42138"}],"curies":[{"name":"wp","href":"https:\/\/api.w.org\/{rel}","templated":true}]}}