{"id":42132,"date":"2023-12-08T00:46:05","date_gmt":"2023-12-08T03:46:05","guid":{"rendered":"http:\/\/dsrmedios.com.ar\/diario\/?p=42132"},"modified":"2023-12-08T00:46:08","modified_gmt":"2023-12-08T03:46:08","slug":"los-detalles-del-plan-de-ajuste-de-milei-fuerte-devaluacion-suba-de-tarifas-y-recortes-a-las-provincias","status":"publish","type":"post","link":"http:\/\/dsrmedios.com.ar\/diario\/archivos\/42132","title":{"rendered":"Los detalles del plan de ajuste de Milei: fuerte devaluaci\u00f3n, suba de tarifas y recortes a las provincias"},"content":{"rendered":"\n<p>La&nbsp;<strong>Argentina&nbsp;<\/strong>se encuentra a horas de conocer los detalles del&nbsp;<a href=\"https:\/\/tn.com.ar\/politica\/2023\/12\/07\/javier-milei-analiza-dar-de-baja-las-contrataciones-y-nombramientos-de-empleados-estatales-del-ultimo-ano\/\" target=\"_blank\" rel=\"noreferrer noopener\"><strong>plan \u201cmotosierra\u201d<\/strong><\/a>&nbsp;de&nbsp;<a href=\"https:\/\/tn.com.ar\/economia\/2023\/12\/07\/dolar-precios-y-leliq-las-principales-medidas-economicas-que-prepara-el-gobierno-de-javier-milei\/\" target=\"_blank\" rel=\"noreferrer noopener\"><strong>Javier Milei<\/strong><\/a>. El presidente electo hablar\u00e1 este domingo en su&nbsp;<a href=\"https:\/\/tn.com.ar\/politica\/2023\/12\/07\/asuncion-presidencial-javier-milei-en-vivo-horario-quienes-vienen-y-noticias-del-7-de-diciembre\/\" target=\"_blank\" rel=\"noreferrer noopener\">ceremonia de asunci\u00f3n<\/a>, pero los&nbsp;<strong>anuncios concretos<\/strong>&nbsp;llegar\u00e1n&nbsp;<strong>a partir del lunes<\/strong>&nbsp;de la mano del pr\u00f3ximo ministro de Econom\u00eda,&nbsp;<a href=\"https:\/\/tn.com.ar\/economia\/2023\/12\/05\/plan-caputo-la-sociedad-de-bolsa-de-ramiro-marra-dio-detalles-del-programa-economico-del-futuro-gobierno\/\" target=\"_blank\" rel=\"noreferrer noopener\"><strong>Luis \u201cToto\u201d Caputo<\/strong><\/a>.<\/p>\n\n\n\n<p>En su primer discurso como jefe de Estado,\u00a0<strong>Milei establecer\u00e1 el tono pol\u00edtico de su gobierno<\/strong>, har\u00e1 foco en la herencia recibida y ofrecer\u00e1 un pantallazo de sus primeras acciones al frente de la Casa Rosada, pero\u00a0<strong>sin entrar demasiado en detalles<\/strong>.<\/p>\n\n\n\n<p>Ser\u00e1 unas horas m\u00e1s tarde,&nbsp;<strong>lunes y martes<\/strong>, cuando Caputo anuncie las medidas que implementar\u00e1n para ordenar la econom\u00eda. Seg\u00fan pudo saber&nbsp;<strong>TN<\/strong>, el&nbsp;<strong>ajuste&nbsp;<\/strong>termin\u00f3 de ser definido el jueves, durante la&nbsp;<strong>\u00faltima reuni\u00f3n de Gabinete<\/strong>: Milei discuti\u00f3 las medidas concretas con Caputo y los dem\u00e1s ministros, considerando tanto las&nbsp;<strong>acciones econ\u00f3micas inmediatas<\/strong>&nbsp;como las decisiones de mediano y largo plazo, como lo es el&nbsp;<strong>plan de privatizaciones<\/strong>.<\/p>\n\n\n\n<p><strong>\u201cSer\u00e1 un ajuste ortodoxo y brutal\u201d<\/strong>, revelan en el entorno del titular del Palacio de Hacienda. Ahora bien, \u00bfqu\u00e9&nbsp;<strong>medidas&nbsp;<\/strong>incluye el&nbsp;<strong>plan motosierra<\/strong>&nbsp;de Milei y Caputo?<\/p>\n\n\n\n<h2>Las primeras medidas econ\u00f3micas de Milei y Caputo<\/h2>\n\n\n\n<figure class=\"wp-block-image\"><img decoding=\"async\" src=\"https:\/\/tn.com.ar\/resizer\/2VrYGFQeEQmKpn8Fda_52G0DF-E=\/767x0\/smart\/filters:format(webp)\/cloudfront-us-east-1.images.arcpublishing.com\/artear\/2BARMOR6SZF2HJRS3DVGZAOZBU.jpg\" alt=\"El futuro ministro de Econom\u00eda, Luis &quot;Toto&quot; Caputo, junto al presidente electo, Javier Milei. (Foto: X @JMilei)\"\/><figcaption class=\"wp-element-caption\">El futuro ministro de Econom\u00eda, Luis &#8220;Toto&#8221; Caputo, junto al presidente electo, Javier Milei. (Foto: X @JMilei)<\/figcaption><\/figure>\n\n\n\n<ul>\n<li><strong>Devaluaci\u00f3n:&nbsp;<\/strong>el d\u00f3lar oficial saltar\u00eda de los 380 pesos actuales a los&nbsp;<strong>600 pesos<\/strong>. Sumando el impuesto PAIS, la divisa tocar\u00eda los&nbsp;<strong>800 pesos<\/strong>.<\/li>\n\n\n\n<li><strong>Aumento de tarifas:<\/strong>&nbsp;ser\u00e1 gradual pero&nbsp;<strong>r\u00e1pido<\/strong>, con varios saltos previstos en tres meses.<\/li>\n\n\n\n<li><strong>Recortes a los fondos provinciales:&nbsp;<\/strong>si bien la&nbsp;<strong>coparticipaci\u00f3n&nbsp;<\/strong>debe ser cumplida por ley, otras transferencias transitorias y complementos que la Naci\u00f3n suele usar para asistir a las provincias ser\u00e1n&nbsp;<strong>discontinuados de inmediato<\/strong>.<\/li>\n\n\n\n<li><strong>Aumento de la tasa de inter\u00e9s&nbsp;<\/strong>por parte del&nbsp;<strong>Banco Central<\/strong>.<\/li>\n\n\n\n<li><\/li>\n<\/ul>\n\n\n\n<p>El pr\u00f3ximo ministro de Econom\u00eda y sus asesores se\u00f1alan que<strong>&nbsp;\u201cla gente ya est\u00e1 esperando\u201d un fuerte ajuste<\/strong>, por lo que no ser\u00eda una mala idea llevar el d\u00f3lar alto r\u00e1pidamente y, de alguna manera, \u201cgenerar un colch\u00f3n\u201d que permita tener la divisa&nbsp;<strong>estabilizada durante varios meses<\/strong>, algo deseable para empezar a&nbsp;<strong>bajar la inflaci\u00f3n<\/strong>.<\/p>\n\n\n\n<p>\u201cSi lo ponemos a $650, \u00bfno tendremos que\u00a0<strong>volver a devaluar en marzo<\/strong>?\u201d, se preguntan cerca de Caputo. Y explican que, con una inflaci\u00f3n desbocada, ese d\u00f3lar a $650 ser\u00eda\u00a0<strong>\u201cbarat\u00edsimo\u201d<\/strong>\u00a0en febrero o marzo, complicando la econom\u00eda.<\/p>\n\n\n\n<p>Mientras tanto,&nbsp;<strong>Caputo busca un pr\u00e9stamo salvador de Wall Street<\/strong>&nbsp;para llegar con aire a marzo, cuando se espera que las cerealeras empiecen a liquidar la cosecha y se pueda normalizar el nivel de reservas del BCRA.<\/p>\n\n\n\n<p>Ese es el gran desaf\u00edo de sus primeros meses al frente del Palacio de Hacienda:\u00a0<strong>aguantar el verano<\/strong>\u00a0hasta que las\u00a0<strong>cerealeras<\/strong>, las grandes proveedoras de d\u00f3lares en la Argentina, ingresen\u00a0<strong>25 mil millones de d\u00f3lares adicionales<\/strong>\u00a0por la buena cosecha.<\/p>\n\n\n\n<p>Fuente: TN<\/p>\n","protected":false},"excerpt":{"rendered":"<div class=\"mh-excerpt\"><p>La&nbsp;Argentina&nbsp;se encuentra a horas de conocer los detalles del&nbsp;plan \u201cmotosierra\u201d&nbsp;de&nbsp;Javier Milei. El presidente electo hablar\u00e1 este domingo en su&nbsp;ceremonia de asunci\u00f3n, pero los&nbsp;anuncios concretos&nbsp;llegar\u00e1n&nbsp;a partir del lunes&nbsp;de la mano del pr\u00f3ximo ministro de Econom\u00eda,&nbsp;Luis \u201cToto\u201d Caputo. En su primer discurso como jefe de Estado,\u00a0Milei establecer\u00e1 el tono pol\u00edtico de su gobierno, har\u00e1 foco en la herencia recibida y ofrecer\u00e1 un pantallazo de sus primeras acciones al frente de la Casa Rosada, pero\u00a0sin entrar demasiado en detalles. Ser\u00e1 unas horas m\u00e1s tarde,&nbsp;lunes y martes, cuando Caputo anuncie las medidas que implementar\u00e1n para ordenar la econom\u00eda. Seg\u00fan pudo saber&nbsp;TN, el&nbsp;ajuste&nbsp;termin\u00f3 de ser <a class=\"mh-excerpt-more\" href=\"http:\/\/dsrmedios.com.ar\/diario\/archivos\/42132\" title=\"Los detalles del plan de ajuste de Milei: fuerte devaluaci\u00f3n, suba de tarifas y recortes a las provincias\">[Leer m\u00e1s]<\/a><\/p>\n<\/div>","protected":false},"author":8,"featured_media":41568,"comment_status":"open","ping_status":"closed","sticky":false,"template":"","format":"standard","meta":{"_jetpack_newsletter_access":""},"categories":[6],"tags":[],"jetpack_featured_media_url":"http:\/\/dsrmedios.com.ar\/diario\/wp-content\/uploads\/2023\/11\/javier-milei-20230817-1634415.jpg","jetpack_sharing_enabled":true,"jetpack_shortlink":"https:\/\/wp.me\/p9fihK-aXy","_links":{"self":[{"href":"http:\/\/dsrmedios.com.ar\/diario\/wp-json\/wp\/v2\/posts\/42132"}],"collection":[{"href":"http:\/\/dsrmedios.com.ar\/diario\/wp-json\/wp\/v2\/posts"}],"about":[{"href":"http:\/\/dsrmedios.com.ar\/diario\/wp-json\/wp\/v2\/types\/post"}],"author":[{"embeddable":true,"href":"http:\/\/dsrmedios.com.ar\/diario\/wp-json\/wp\/v2\/users\/8"}],"replies":[{"embeddable":true,"href":"http:\/\/dsrmedios.com.ar\/diario\/wp-json\/wp\/v2\/comments?post=42132"}],"version-history":[{"count":1,"href":"http:\/\/dsrmedios.com.ar\/diario\/wp-json\/wp\/v2\/posts\/42132\/revisions"}],"predecessor-version":[{"id":42133,"href":"http:\/\/dsrmedios.com.ar\/diario\/wp-json\/wp\/v2\/posts\/42132\/revisions\/42133"}],"wp:featuredmedia":[{"embeddable":true,"href":"http:\/\/dsrmedios.com.ar\/diario\/wp-json\/wp\/v2\/media\/41568"}],"wp:attachment":[{"href":"http:\/\/dsrmedios.com.ar\/diario\/wp-json\/wp\/v2\/media?parent=42132"}],"wp:term":[{"taxonomy":"category","embeddable":true,"href":"http:\/\/dsrmedios.com.ar\/diario\/wp-json\/wp\/v2\/categories?post=42132"},{"taxonomy":"post_tag","embeddable":true,"href":"http:\/\/dsrmedios.com.ar\/diario\/wp-json\/wp\/v2\/tags?post=42132"}],"curies":[{"name":"wp","href":"https:\/\/api.w.org\/{rel}","templated":true}]}}