{"id":42123,"date":"2023-12-08T00:41:14","date_gmt":"2023-12-08T03:41:14","guid":{"rendered":"http:\/\/dsrmedios.com.ar\/diario\/?p=42123"},"modified":"2023-12-08T00:41:16","modified_gmt":"2023-12-08T03:41:16","slug":"se-rompen-los-bloques-libertarios-y-de-juntos-por-el-cambio-en-el-senado-bonaerense","status":"publish","type":"post","link":"http:\/\/dsrmedios.com.ar\/diario\/archivos\/42123","title":{"rendered":"Se rompen los bloques Libertarios y de Juntos por el Cambio en el Senado bonaerense"},"content":{"rendered":"\n<p>El&nbsp;<strong>Senado<\/strong>&nbsp;bonaerense mostrar\u00e1, como en la<strong>&nbsp;<a href=\"https:\/\/infocielo.com\/politica-y-economia\/juntos-el-cambio-exploto-cuatro-pedazos-la-camara-diputados-n776837\" target=\"_blank\" rel=\"noreferrer noopener\">C\u00e1mara de Diputados de la Legislatura provincial,<\/a>&nbsp;una oposici\u00f3n atomizada.&nbsp;<\/strong>Tanto Juntos por el Cambio como La Libertad Avanza no lograron acordar y se desmembraron en una verdadera pl\u00e9yade de bloques y monobloques, algunos de los cuales se comprometieron a trabajar de manera articulada.<\/p>\n\n\n\n<p>En medio de disputas y tironeos quedaron definidas solo las autoridades de la C\u00e1mara alta que responden al oficialismo. A la presidencia que le corresponde de manera natural a la vicegobernadora\u00a0<strong>Ver\u00f3nica Magario<\/strong>, se suman\u00a0<strong>Luis Vivona<\/strong>\u00a0designado como vicepresidente primero y prosecretario administrativo\u00a0<strong>Mart\u00edn Di Bella.\u00a0<\/strong>En tanto, no hubo confirmaciones sobre el resto de las vicepresidencias que le corresponden a la oposici\u00f3n y que ser\u00e1n objeto de nuevas negociaciones.<\/p>\n\n\n\n<h2>El mapa pol\u00edtico del Senado<\/h2>\n\n\n\n<p>El&nbsp;<strong>PRO<\/strong>&nbsp;resulta la fuerza m\u00e1s numerosa. Tendr\u00e1 10 senadores en un espacio conducido por&nbsp;<strong>Alejandro Rabinovich<\/strong>, que responde al marplatense Guillermo Montenegro, y a&nbsp;<strong>Christian Gribaudo.<\/strong><\/p>\n\n\n\n<p>Se anotan all\u00ed, adem\u00e1s,&nbsp;<strong>Daniela Reich, Aldana Ahumada, Mar\u00eda Emilia Subiza, Juan Rico Zini, Jorge Schiavone, Florencia Arietto, Alex Cambpell, Marcelo Leguizamon Brown.<\/strong><\/p>\n\n\n\n<p>La<strong>&nbsp;alianza de parte de la UCR con el GEN y con Emilio Monz\u00f3<\/strong>&nbsp;alumbr\u00f3 un segundo espacio, de ocho miembros:&nbsp;<strong>Agust\u00edn M\u00e1spoli y Ariel Mart\u00ednez Bordaisco&nbsp;<\/strong>como antoridades, seguidos de&nbsp;<strong>Alejandro Cellillo, Flavia Delmonte, Eugenia Gil, Nerina Neumann -radicales-, Lorena Mandragar\u00e1n del GEN y Marcelo Daletto<\/strong>, alineado hist\u00f3ricamente con<strong>&nbsp;Emilio Monz\u00f3.<\/strong><\/p>\n\n\n\n<p>Esos espacios lanzaron un comunicado conjunto asumiendo el compromiso de &#8220;trabajar en conjunto y de manera coordinada&#8221;. Tambi\u00e9n lanzaron un gui\u00f1o a los intendentes, con quienes aseguraron que van a legislar &#8220;codo a codo&#8221;.<\/p>\n\n\n\n<p>Por fuera de ese universo se anot\u00f3, en soledad,<strong>&nbsp;el saltimbanqui Joaqu\u00edn De la Torre<\/strong>, que orbita cerca de Javier Milei. Tampoco recala en el universo libertario donde habr\u00e1 al menos tres expresiones distintas:<\/p>\n\n\n\n<p><strong>El unibloque de Sebasti\u00e1n Pareja, el unibloque de Betina Riva -alineada con Carolina Piparo- y, finalmente, un espacio con Carlos Kikuchi, Sergio Vargas y Silvana Ventura. Este esquema no est\u00e1 a\u00fan formalizado. Fuentes de LLA le dijeron a INFOCIELO que las charlas en aras de consolidar la unidad siguen en pie.<\/strong><\/p>\n\n\n\n<p>Hay que destacar que Uni\u00f3n por la Patria tiene 21 senadores, dos menos de los que necesita para asegurarse la mayor\u00eda -tomando en cuenta el eventual desempate de la vicegobernadora&nbsp;<strong>Ver\u00f3nica Magario. El bloque ser\u00e1 conducido por Teresa Garc\u00eda.<\/strong><\/p>\n\n\n\n<p>En ese contexto, y tal como pas\u00f3 en Diputados, es una buena noticia para el oficialismo que haya varias terminales donde negociar para lograr sancionar las leyes que requiera Axel Kicillof.<\/p>\n\n\n\n<p>Fuente: Infocielo<\/p>\n","protected":false},"excerpt":{"rendered":"<div class=\"mh-excerpt\"><p>El&nbsp;Senado&nbsp;bonaerense mostrar\u00e1, como en la&nbsp;C\u00e1mara de Diputados de la Legislatura provincial,&nbsp;una oposici\u00f3n atomizada.&nbsp;Tanto Juntos por el Cambio como La Libertad Avanza no lograron acordar y se desmembraron en una verdadera pl\u00e9yade de bloques y monobloques, algunos de los cuales se comprometieron a trabajar de manera articulada. En medio de disputas y tironeos quedaron definidas solo las autoridades de la C\u00e1mara alta que responden al oficialismo. A la presidencia que le corresponde de manera natural a la vicegobernadora\u00a0Ver\u00f3nica Magario, se suman\u00a0Luis Vivona\u00a0designado como vicepresidente primero y prosecretario administrativo\u00a0Mart\u00edn Di Bella.\u00a0En tanto, no hubo confirmaciones sobre el resto de las vicepresidencias que <a class=\"mh-excerpt-more\" href=\"http:\/\/dsrmedios.com.ar\/diario\/archivos\/42123\" title=\"Se rompen los bloques Libertarios y de Juntos por el Cambio en el Senado bonaerense\">[Leer m\u00e1s]<\/a><\/p>\n<\/div>","protected":false},"author":8,"featured_media":42127,"comment_status":"open","ping_status":"closed","sticky":false,"template":"","format":"standard","meta":{"_jetpack_newsletter_access":""},"categories":[6],"tags":[],"jetpack_featured_media_url":"http:\/\/dsrmedios.com.ar\/diario\/wp-content\/uploads\/2023\/12\/legislatura-bonaerense-frente-tres-cuartos-perfil.webp","jetpack_sharing_enabled":true,"jetpack_shortlink":"https:\/\/wp.me\/p9fihK-aXp","_links":{"self":[{"href":"http:\/\/dsrmedios.com.ar\/diario\/wp-json\/wp\/v2\/posts\/42123"}],"collection":[{"href":"http:\/\/dsrmedios.com.ar\/diario\/wp-json\/wp\/v2\/posts"}],"about":[{"href":"http:\/\/dsrmedios.com.ar\/diario\/wp-json\/wp\/v2\/types\/post"}],"author":[{"embeddable":true,"href":"http:\/\/dsrmedios.com.ar\/diario\/wp-json\/wp\/v2\/users\/8"}],"replies":[{"embeddable":true,"href":"http:\/\/dsrmedios.com.ar\/diario\/wp-json\/wp\/v2\/comments?post=42123"}],"version-history":[{"count":1,"href":"http:\/\/dsrmedios.com.ar\/diario\/wp-json\/wp\/v2\/posts\/42123\/revisions"}],"predecessor-version":[{"id":42128,"href":"http:\/\/dsrmedios.com.ar\/diario\/wp-json\/wp\/v2\/posts\/42123\/revisions\/42128"}],"wp:featuredmedia":[{"embeddable":true,"href":"http:\/\/dsrmedios.com.ar\/diario\/wp-json\/wp\/v2\/media\/42127"}],"wp:attachment":[{"href":"http:\/\/dsrmedios.com.ar\/diario\/wp-json\/wp\/v2\/media?parent=42123"}],"wp:term":[{"taxonomy":"category","embeddable":true,"href":"http:\/\/dsrmedios.com.ar\/diario\/wp-json\/wp\/v2\/categories?post=42123"},{"taxonomy":"post_tag","embeddable":true,"href":"http:\/\/dsrmedios.com.ar\/diario\/wp-json\/wp\/v2\/tags?post=42123"}],"curies":[{"name":"wp","href":"https:\/\/api.w.org\/{rel}","templated":true}]}}