{"id":42115,"date":"2023-12-08T00:32:20","date_gmt":"2023-12-08T03:32:20","guid":{"rendered":"http:\/\/dsrmedios.com.ar\/diario\/?p=42115"},"modified":"2023-12-08T00:32:22","modified_gmt":"2023-12-08T03:32:22","slug":"alberto-fernandez-deja-el-dolar-oficial-5-veces-mas-alto-que-el-que-recibio-y-una-brecha-del-170-por-ciento","status":"publish","type":"post","link":"http:\/\/dsrmedios.com.ar\/diario\/archivos\/42115","title":{"rendered":"Alberto Fern\u00e1ndez deja el d\u00f3lar oficial 5 veces m\u00e1s alto que el que recibi\u00f3 y una brecha del 170 por ciento"},"content":{"rendered":"\n<p>En la \u00faltima rueda de una gesti\u00f3n que perdi\u00f3 m\u00e1s de USD 22.000 millones en reservas netas en cuatro a\u00f1os, las autoridades del Banco Central se despidieron con una nueva devaluaci\u00f3n, la mayor suba diaria desde el salto de 22% en el precio del d\u00f3lar oficial el 14 de agosto. El ajuste fue de una magnitud mucho menor -6%-, pero llev\u00f3 el tipo de cambio oficial por encima de los $400, un valor cinco veces m\u00e1s alto del que recibi\u00f3 el presidente Alberto Fern\u00e1ndez. El episodio no est\u00e1 exento de confusi\u00f3n ya que, si bien se oper\u00f3 en $385 y hasta el Banco Naci\u00f3n corrigi\u00f3 la cotizaci\u00f3n minorista a $400,50, el d\u00f3lar de referencia conocido en el mercado como A3500 cerr\u00f3 la jornada en $364.<\/p>\n\n\n\n<p>La variaci\u00f3n de los \u00faltimos cuatro a\u00f1os, de todos modos, es elocuente. Al asumir el actual mandatario hasta el domingo, el precio de la divisa cotizaba a $63, con una brecha cambiaria de casi 20% ya que el billete en el mercado informal se vend\u00eda a $71.<\/p>\n\n\n\n<p>La pol\u00edtica de atraso cambiario impuesta pr\u00e1cticamente desde el inicio de administraci\u00f3n, que se llev\u00f3 a un extremo en 2021 cuando el d\u00f3lar oficial permaneci\u00f3 pr\u00e1cticamente planchado durante todo el a\u00f1o en pos de las elecciones legislativas de ese a\u00f1o -en la que el oficialismo sufri\u00f3 una contundente derrota- deriv\u00f3 en sucesivas crisis cambiarias. La mayor de ellas ocurri\u00f3 en julio del a\u00f1o pasado, cuando la brecha alcanz\u00f3 un m\u00e1ximo s\u00f3lo superado por el nivel actual. En precios de p\u00e1nico de las cotizaciones financieras y libre del d\u00f3lar, la diferencia con el oficial alcanz\u00f3 en ese momento 160%, margen s\u00f3lo superado por la brecha que deja de herencia de 170 por ciento. La \u00faltima cotizaci\u00f3n del d\u00f3lar informal antes del 10 de diciembre indica que \u201cen la calle\u201d el billete se vende a $990. Es decir que mientras el precio del d\u00f3lar mayorista se multiplic\u00f3 por seis de $63 a $385, la brecha lo hizo por m\u00e1s del doble.<\/p>\n\n\n\n<figure class=\"wp-block-image\"><img decoding=\"async\" src=\"https:\/\/www.infobae.com\/new-resizer\/uCVEZwHKZ9QX9oAdJ67JXbwpyMM=\/420x630\/filters:format(webp):quality(85)\/cloudfront-us-east-1.images.arcpublishing.com\/infobae\/NRMTFZMX3VFR5JCSWD5WDMYI3A.jpg%20420w\" alt=\"infobae\"\/><\/figure>\n\n\n\n<p>En su derrotero, las restricciones cambiarias no hicieron m\u00e1s que acentuarse desde el duro control de importaciones que se impuso a mediados del a\u00f1o pasado, incluso con ingreso r\u00e9cord de divisas. Con el fuerte impacto de la sequ\u00eda mediante y sin pol\u00edticas que se adaptaran a ese shock, el grifo se cerr\u00f3 en una proporci\u00f3n tan extrema que, en la herencia que recibir\u00e1 el presidente electo Javier Milei, se cuenta la voluminosa deuda comercial del Banco Central, estimada por los analistas privados por encima de los USD 50.000 millones por compras de bienes y servicios. Otra vez, una cifra m\u00e1s del doble superior al promedio habitual<\/p>\n\n\n\n<p>En la econom\u00eda real, ese nivel de pasivo se tradujo en faltantes de mercader\u00eda y de insumos cr\u00edticos, incluso en el sector de la salud en el que todas las alertas est\u00e1n encendidas por agotamiento de stocks.<\/p>\n\n\n\n<p>La escasez de d\u00f3lares por la sequ\u00eda agrav\u00f3 una situaci\u00f3n que ya acumulaba un enorme deterioro, con un nivel de inflaci\u00f3n rayando los tres d\u00edgitos incluso antes del impacto del fen\u00f3meno clim\u00e1tico. Es que en los cuatro a\u00f1os que cumplir\u00e1 Fern\u00e1ndez, el ingreso total de divisas super\u00f3 los USD 270.000 millones pese a lo cual la actual gesti\u00f3n dejar\u00e1 al Banco Central completamente vaci\u00f3. De los USD 12.000 millones que contaba el 10 de diciembre de 2019, hoy las reservas son negativas por poco m\u00e1s de USD 11.000 millones.<\/p>\n\n\n\n<p>Detr\u00e1s de esos n\u00fameros, el inmenso stock de pasivos remunerados de la entidad, que representan el 14% del PBI y la nueva deuda ajustada por variaci\u00f3n de tipo de cambio, de impacto similar a los contratos de d\u00f3lar futuro, por un total de USD 7.000 millones.<\/p>\n\n\n\n<p>Fuente: Infobae<\/p>\n","protected":false},"excerpt":{"rendered":"<div class=\"mh-excerpt\"><p>En la \u00faltima rueda de una gesti\u00f3n que perdi\u00f3 m\u00e1s de USD 22.000 millones en reservas netas en cuatro a\u00f1os, las autoridades del Banco Central se despidieron con una nueva devaluaci\u00f3n, la mayor suba diaria desde el salto de 22% en el precio del d\u00f3lar oficial el 14 de agosto. El ajuste fue de una magnitud mucho menor -6%-, pero llev\u00f3 el tipo de cambio oficial por encima de los $400, un valor cinco veces m\u00e1s alto del que recibi\u00f3 el presidente Alberto Fern\u00e1ndez. El episodio no est\u00e1 exento de confusi\u00f3n ya que, si bien se oper\u00f3 en $385 y <a class=\"mh-excerpt-more\" href=\"http:\/\/dsrmedios.com.ar\/diario\/archivos\/42115\" title=\"Alberto Fern\u00e1ndez deja el d\u00f3lar oficial 5 veces m\u00e1s alto que el que recibi\u00f3 y una brecha del 170 por ciento\">[Leer m\u00e1s]<\/a><\/p>\n<\/div>","protected":false},"author":8,"featured_media":29246,"comment_status":"open","ping_status":"closed","sticky":false,"template":"","format":"standard","meta":{"_jetpack_newsletter_access":""},"categories":[6],"tags":[],"jetpack_featured_media_url":"http:\/\/dsrmedios.com.ar\/diario\/wp-content\/uploads\/2022\/09\/fernandezalberto.jpg","jetpack_sharing_enabled":true,"jetpack_shortlink":"https:\/\/wp.me\/p9fihK-aXh","_links":{"self":[{"href":"http:\/\/dsrmedios.com.ar\/diario\/wp-json\/wp\/v2\/posts\/42115"}],"collection":[{"href":"http:\/\/dsrmedios.com.ar\/diario\/wp-json\/wp\/v2\/posts"}],"about":[{"href":"http:\/\/dsrmedios.com.ar\/diario\/wp-json\/wp\/v2\/types\/post"}],"author":[{"embeddable":true,"href":"http:\/\/dsrmedios.com.ar\/diario\/wp-json\/wp\/v2\/users\/8"}],"replies":[{"embeddable":true,"href":"http:\/\/dsrmedios.com.ar\/diario\/wp-json\/wp\/v2\/comments?post=42115"}],"version-history":[{"count":1,"href":"http:\/\/dsrmedios.com.ar\/diario\/wp-json\/wp\/v2\/posts\/42115\/revisions"}],"predecessor-version":[{"id":42116,"href":"http:\/\/dsrmedios.com.ar\/diario\/wp-json\/wp\/v2\/posts\/42115\/revisions\/42116"}],"wp:featuredmedia":[{"embeddable":true,"href":"http:\/\/dsrmedios.com.ar\/diario\/wp-json\/wp\/v2\/media\/29246"}],"wp:attachment":[{"href":"http:\/\/dsrmedios.com.ar\/diario\/wp-json\/wp\/v2\/media?parent=42115"}],"wp:term":[{"taxonomy":"category","embeddable":true,"href":"http:\/\/dsrmedios.com.ar\/diario\/wp-json\/wp\/v2\/categories?post=42115"},{"taxonomy":"post_tag","embeddable":true,"href":"http:\/\/dsrmedios.com.ar\/diario\/wp-json\/wp\/v2\/tags?post=42115"}],"curies":[{"name":"wp","href":"https:\/\/api.w.org\/{rel}","templated":true}]}}