{"id":42112,"date":"2023-12-08T00:30:53","date_gmt":"2023-12-08T03:30:53","guid":{"rendered":"http:\/\/dsrmedios.com.ar\/diario\/?p=42112"},"modified":"2023-12-08T00:30:56","modified_gmt":"2023-12-08T03:30:56","slug":"la-advertencia-del-fmi-a-javier-milei-por-el-banco-central","status":"publish","type":"post","link":"http:\/\/dsrmedios.com.ar\/diario\/archivos\/42112","title":{"rendered":"La advertencia del FMI a Javier Milei por el Banco Central"},"content":{"rendered":"\n<p>El&nbsp;<strong>Fondo Monetario Internacional (FMI)<\/strong>&nbsp;afirm\u00f3 que &#8220;est\u00e1 comprometido&#8221; con la futura gesti\u00f3n de&nbsp;<strong>Javier Milei<\/strong>&nbsp;en la presidencia para encarar un &#8220;nuevo, fuerte y cre\u00edble&#8221; plan de estabilizaci\u00f3n para afrontar los desaf\u00edos macroecon\u00f3micos que enfrenta el pa\u00eds.<\/p>\n\n\n\n<p>As\u00ed lo expres\u00f3 la vocera del Fondo, Julie Kozack, durante la conferencia de prensa peri\u00f3dica, en la que consider\u00f3 adem\u00e1s que &#8220;un fuerte Banco Central es necesario en esta etapa en la que la Argentina necesita reducir la inflaci\u00f3n&#8221;. Adem\u00e1s, se\u00f1al\u00f3 que Argentina enfrenta una situaci\u00f3n econ\u00f3mica muy &#8220;desafiante y muy compleja; la inflaci\u00f3n es muy alta y las reservas son extremadamente bajas, en un contexto de condiciones sociales muy fr\u00e1giles&#8221;<\/p>\n\n\n\n<p>En este marco, plante\u00f3 que&nbsp;<strong>&#8220;se necesita un plan de estabilizaci\u00f3n fuerte, cre\u00edble y con pol\u00edticas para abordar los desequilibrios macroecon\u00f3micos de la Argentina y sus desaf\u00edos estructurales, al mismo tiempo que se protege a la parte de sociedad m\u00e1s voluble&#8221;.<\/strong><\/p>\n\n\n\n<p>&#8220;Ese es nuestro foco&#8221;, remarc\u00f3 ante la inquietud de los periodistas sobre si habr\u00e1 un nuevo programa entre la Argentina y el Fondo.<\/p>\n\n\n\n<p>Al mismo tiempo, Kozack se refiri\u00f3 a la reciente reuni\u00f3n que mantuvo la titular del Fondo,&nbsp;<strong>Kristalina Georgieva<\/strong>, con el presidente electo argentino Javier Milei.<\/p>\n\n\n\n<p><strong>&#8220;La directora general mantuvo una reuni\u00f3n constructiva con el presidente Milei, donde subray\u00f3 su compromiso de fortalecer las finanzas p\u00fablicas, reducir la inflaci\u00f3n y crear un sector m\u00e1s pr\u00f3spero y privado que lidere la econom\u00eda&#8221;<\/strong>, se\u00f1al\u00f3.<\/p>\n\n\n\n<p>Por \u00faltimo, tambi\u00e9n ponder\u00f3 el encuentro que mantuvo la segunda del Fondo, Gita Gopinath, con el designado ministro de Econom\u00eda, Luis Caputo, la semana pasada en la ciudad de Washington.<\/p>\n\n\n\n<p>&#8220;Las discusiones positivas continuaron luego a nivel t\u00e9cnico y se espera que se intensifiquen en el per\u00edodo venidero&#8221;, dijo Kokack, que precis\u00f3 que la discusi\u00f3n actual est\u00e1 centrada en comprender mejor los planes de las autoridades entrantes para restaurar la estabilidad macroecon\u00f3mica, as\u00ed como el plan de reformas estructurales.<\/p>\n\n\n\n<p>Fuente: Minutouno<\/p>\n","protected":false},"excerpt":{"rendered":"<div class=\"mh-excerpt\"><p>El&nbsp;Fondo Monetario Internacional (FMI)&nbsp;afirm\u00f3 que &#8220;est\u00e1 comprometido&#8221; con la futura gesti\u00f3n de&nbsp;Javier Milei&nbsp;en la presidencia para encarar un &#8220;nuevo, fuerte y cre\u00edble&#8221; plan de estabilizaci\u00f3n para afrontar los desaf\u00edos macroecon\u00f3micos que enfrenta el pa\u00eds. As\u00ed lo expres\u00f3 la vocera del Fondo, Julie Kozack, durante la conferencia de prensa peri\u00f3dica, en la que consider\u00f3 adem\u00e1s que &#8220;un fuerte Banco Central es necesario en esta etapa en la que la Argentina necesita reducir la inflaci\u00f3n&#8221;. Adem\u00e1s, se\u00f1al\u00f3 que Argentina enfrenta una situaci\u00f3n econ\u00f3mica muy &#8220;desafiante y muy compleja; la inflaci\u00f3n es muy alta y las reservas son extremadamente bajas, en un contexto <a class=\"mh-excerpt-more\" href=\"http:\/\/dsrmedios.com.ar\/diario\/archivos\/42112\" title=\"La advertencia del FMI a Javier Milei por el Banco Central\">[Leer m\u00e1s]<\/a><\/p>\n<\/div>","protected":false},"author":8,"featured_media":42113,"comment_status":"open","ping_status":"closed","sticky":false,"template":"","format":"standard","meta":{"_jetpack_newsletter_access":""},"categories":[6],"tags":[],"jetpack_featured_media_url":"http:\/\/dsrmedios.com.ar\/diario\/wp-content\/uploads\/2023\/12\/kristalina-georgieva-fmi-milei.webp","jetpack_sharing_enabled":true,"jetpack_shortlink":"https:\/\/wp.me\/p9fihK-aXe","_links":{"self":[{"href":"http:\/\/dsrmedios.com.ar\/diario\/wp-json\/wp\/v2\/posts\/42112"}],"collection":[{"href":"http:\/\/dsrmedios.com.ar\/diario\/wp-json\/wp\/v2\/posts"}],"about":[{"href":"http:\/\/dsrmedios.com.ar\/diario\/wp-json\/wp\/v2\/types\/post"}],"author":[{"embeddable":true,"href":"http:\/\/dsrmedios.com.ar\/diario\/wp-json\/wp\/v2\/users\/8"}],"replies":[{"embeddable":true,"href":"http:\/\/dsrmedios.com.ar\/diario\/wp-json\/wp\/v2\/comments?post=42112"}],"version-history":[{"count":1,"href":"http:\/\/dsrmedios.com.ar\/diario\/wp-json\/wp\/v2\/posts\/42112\/revisions"}],"predecessor-version":[{"id":42114,"href":"http:\/\/dsrmedios.com.ar\/diario\/wp-json\/wp\/v2\/posts\/42112\/revisions\/42114"}],"wp:featuredmedia":[{"embeddable":true,"href":"http:\/\/dsrmedios.com.ar\/diario\/wp-json\/wp\/v2\/media\/42113"}],"wp:attachment":[{"href":"http:\/\/dsrmedios.com.ar\/diario\/wp-json\/wp\/v2\/media?parent=42112"}],"wp:term":[{"taxonomy":"category","embeddable":true,"href":"http:\/\/dsrmedios.com.ar\/diario\/wp-json\/wp\/v2\/categories?post=42112"},{"taxonomy":"post_tag","embeddable":true,"href":"http:\/\/dsrmedios.com.ar\/diario\/wp-json\/wp\/v2\/tags?post=42112"}],"curies":[{"name":"wp","href":"https:\/\/api.w.org\/{rel}","templated":true}]}}