{"id":42109,"date":"2023-12-08T00:29:46","date_gmt":"2023-12-08T03:29:46","guid":{"rendered":"http:\/\/dsrmedios.com.ar\/diario\/?p=42109"},"modified":"2023-12-08T00:29:49","modified_gmt":"2023-12-08T03:29:49","slug":"congreso-juran-los-nuevos-diputados-y-definen-las-autoridades-legislativas","status":"publish","type":"post","link":"http:\/\/dsrmedios.com.ar\/diario\/archivos\/42109","title":{"rendered":"Congreso: juran los nuevos diputados y definen las autoridades legislativas"},"content":{"rendered":"\n<p>La C\u00e1mara de Diputados comenz\u00f3 a sesionar pasadas las 11.20 para&nbsp;<strong>aceptar las renuncias y licencias de los legisladores nacionales que presentaron sus dimisiones<\/strong>, para luego&nbsp;<strong>tomar juramento a los 130 electos en los comicios generales del 22 de octubre.<\/strong><\/p>\n\n\n\n<p>Tras este plenario, presidido por la diputada del Frente de Todos&nbsp;<strong>Cecilia Moreau,<\/strong>&nbsp;se designaron las nuevas autoridades que conducir\u00e1n el cuerpo legislativo a partir del pr\u00f3ximo 10 de diciembre, que estar\u00e1 encabezado por el riojano&nbsp;<strong>Mart\u00edn Menem.<\/strong><\/p>\n\n\n\n<figure class=\"wp-block-image\"><img decoding=\"async\" src=\"https:\/\/media.minutouno.com\/p\/83cc0db97b6fb5d4740deada231bc3ef\/adjuntos\/150\/imagenes\/041\/162\/0041162702\/martin-menem-diputado-llajpg.jpg\" alt=\"\" title=\"\"\/><\/figure>\n\n\n\n<p>En el marco de la sesi\u00f3n especial, Moreau afirm\u00f3 que&nbsp;fue &#8220;un orgullo haber sido la primera presidenta de la C\u00e1mara baja cuando se cumplen 40 a\u00f1os de democracia&#8221;, al despedirse de los trabajadores del cuerpo y de los legisladores.<\/p>\n\n\n\n<p>Al finalizar la sesi\u00f3n especial en la que&nbsp;se acept\u00f3 la renuncia de los legisladores que presentaron sus dimisiones para asumir en otras funciones,&nbsp;Moreau agradeci\u00f3 &#8220;a todos y a todas por este tiempo, a los trabajadores y trabajadoras de esta casa, que han sido muy importantes para m\u00ed&#8221;.<\/p>\n\n\n\n<p>&#8220;Es un orgullo haber sido la primera mujer en presidir la C\u00e1mara de Diputados. Es un orgullo haber sido la presidenta de la C\u00e1mara de Diputados de la Naci\u00f3n en el 40 aniversario de la democracia. La democracia es de todos y de todas. Estamos ante el per\u00edodo m\u00e1s largo de democracia. Cuid\u00e9mosla y que sea democracia para siempre&#8221;, enfatiz\u00f3 emocionada la diputada bonaerense.<\/p>\n\n\n\n<figure class=\"wp-block-image\"><img decoding=\"async\" src=\"https:\/\/media.minutouno.com\/p\/468c1cf34c54d0fe9c7581fb3d315b11\/adjuntos\/150\/imagenes\/040\/605\/0040605124\/610x0\/smart\/cecilia-moreaujpeg.jpeg\" alt=\"\" title=\"\"\/><\/figure>\n\n\n\n<p>Finalmente, Moreau agradeci\u00f3 adem\u00e1s al diputado nacional&nbsp;<strong>Mario Negri,&nbsp;<\/strong>presidente hasta el 10 de diciembre de la bancada de la UCR, y a&nbsp;<strong>Jos\u00e9 Luis Gioja<\/strong>, que concluyen sus mandatos, al afirmar que fue &#8220;un orgullo haber compartido esta C\u00e1mara con ustedes&#8221;.<\/p>\n\n\n\n<h2>Recambio en Diputados<\/h2>\n\n\n\n<p>La nueva conformaci\u00f3n de ambas c\u00e1maras del Congreso elegir\u00e1 hoy a sus flamantes autoridades donde para la C\u00e1mara baja, el plenario del cuerpo votar\u00eda a las 12 como presidente al riojano Mart\u00edn Menem; y para la presidencia provisional del Senado, desde las 15, al formose\u00f1o&nbsp;<strong>Francisco Paoltroni,<\/strong>&nbsp;ambos a propuesta de su espacio, La Libertad Avanza (LLA), que ser\u00e1 oficialismo a partir del domingo, cuando asuma el presidente electo,&nbsp;<strong>Javier Milei.<\/strong><\/p>\n\n\n\n<p>En cuanto a la conformaci\u00f3n de los bloques, en Diputados,&nbsp;el Frente de Todos (FdT) ratific\u00f3 ayer que, con 105 miembros, continuar\u00e1 como la bancada con mayor cantidad de integrantes de la C\u00e1mara baja, y que el santafesino&nbsp;<strong>Germ\u00e1n Mart\u00ednez&nbsp;<\/strong>seguir\u00e1 como presidente del bloque.<\/p>\n\n\n\n<figure class=\"wp-block-image\"><img decoding=\"async\" src=\"https:\/\/media.minutouno.com\/p\/e9dacb4dcb2b606d51f52d5ac21bee80\/adjuntos\/150\/imagenes\/040\/330\/0040330255\/german-martinez.jpg\" alt=\"\" title=\"\"\/><\/figure>\n\n\n\n<p>Por el nuevo oficialismo, LLA, a\u00fan no se oficializ\u00f3 la composici\u00f3n definitiva, pero se estima que el interbloque tendr\u00eda 40 miembros&nbsp;-incluidos los tres legisladores salte\u00f1os del espacio &#8220;Ahora Patria&#8221;- y que el presidente de la bancada ser\u00eda el porte\u00f1o&nbsp;<strong>Oscar Zago.<\/strong><\/p>\n\n\n\n<p>En cuanto a&nbsp;Juntos por el Cambio (JxC), finalmente no se concret\u00f3 hasta ahora la posibilidad de continuar como interbloque, pero se logr\u00f3 evitar la ruptura de los bloques fundacionales: el PRO y la UCR, que en los d\u00edas previos vivieron momentos de convulsiones internas.<\/p>\n\n\n\n<p>El bloque Frente PRO resolvi\u00f3 continuar unido y ratificar a&nbsp;<strong>Cristian Ritondo<\/strong>&nbsp;como presidente, tras una reuni\u00f3n en la que se acord\u00f3 que &#8220;lo mejor para el partido es estar juntos&#8221;.<\/p>\n\n\n\n<p>En ese encuentro se convino la premisa de conversar con el resto de los integrantes de Juntos por el Cambio (JxC) para evaluar si se contin\u00faa con la modalidad de interbloque.<\/p>\n\n\n\n<figure class=\"wp-block-image\"><img decoding=\"async\" src=\"https:\/\/media.minutouno.com\/p\/730137a7c5341ce279e650cacb7ac049\/adjuntos\/150\/imagenes\/040\/175\/0040175148\/610x0\/smart\/cristian-ritondojpg.jpg\" alt=\"\" title=\"\"\/><\/figure>\n\n\n\n<p>En la reuni\u00f3n de ayer qued\u00f3 confirmado que&nbsp;la bancada &#8220;amarilla&#8221; tendr\u00e1 40 integrantes&nbsp;y ser\u00e1 encabezada por Ritondo, con lo que quedaron zanjadas de esta manera las diferencias previas que aventuraban la posibilidad de que el espacio se dividiera en dos o en tres sub-bloques.<\/p>\n\n\n\n<p>Esa posibilidad hab\u00eda surgido luego de que un sector interno cuestionara el acercamiento del expresidente&nbsp;<strong>Mauricio Macri<\/strong>&nbsp;y de la titular del PRO,&nbsp;<strong>Patricia Bullrich<\/strong>&nbsp;con Milei, y de que los gobernadores del espacio manifestar\u00e1n sus intenciones de tener mayor protagonismo en la toma de decisiones.<\/p>\n\n\n\n<p>Por otra parte,&nbsp;el radicalismo logr\u00f3 su unificaci\u00f3n entre la bancada de la UCR y Evoluci\u00f3n Radical,&nbsp;y ser\u00e1 presidido por el cordob\u00e9s&nbsp;<strong>Rodrigo de Loredo,<\/strong>&nbsp;tras la divisi\u00f3n que se hab\u00eda producido entre un sector del radicalismo aliado a&nbsp;<strong>Mart\u00edn Lousteau<\/strong>&nbsp;y otro que responde a las actuales autoridades partidarias que son encabezadas por el gobernador de Jujuy,&nbsp;<strong>Gerardo Morales.<\/strong><\/p>\n\n\n\n<figure class=\"wp-block-image\"><img decoding=\"async\" src=\"https:\/\/media.minutouno.com\/p\/8d2f2fad7f38ea4b36c3d92538585658\/adjuntos\/150\/imagenes\/040\/863\/0040863111\/610x0\/smart\/rodrigo-loredojpg.jpg\" alt=\"\" title=\"\"\/><\/figure>\n\n\n\n<p>Como parte del acuerdo,&nbsp;la UCR impulsar\u00e1 a Facundo Manes como vicepresidente tercero de la c\u00e1mara&nbsp;en el lugar que hoy ocupa el mendocino&nbsp;<strong>Julio Cobos<\/strong>, informaron fuentes parlamentarias de la UCR.<\/p>\n\n\n\n<p>Adem\u00e1s, se acord\u00f3 designar a&nbsp;<strong>Karina Banfi<\/strong>&nbsp;como vicepresidenta primera del bloque, quien desde 2021 desempe\u00f1a ese rol, y ratificar a&nbsp;<strong>Soledad Carrizo<\/strong>&nbsp;en la Secretar\u00eda Parlamentaria.<\/p>\n\n\n\n<p>La tercera fuerza derivada de lo que es JxC es el bloque Encuentro Federal, cuyas principales figuras son&nbsp;<strong>Emilio Monz\u00f3&nbsp;<\/strong>y&nbsp;<strong>Margarita Stolbizer<\/strong>, que anunci\u00f3 que desde el pr\u00f3ximo 10 de diciembre se denominar\u00e1 &#8220;Cambio Federal&#8221;, estar\u00e1 integrado por nueve miembros y su presidente ser\u00e1 el hist\u00f3rico senador&nbsp;<strong>Miguel Pichetto<\/strong>, quien asumir\u00e1 su banca el domingo.<\/p>\n\n\n\n<p>El resto de las fuerzas de la C\u00e1mara baja son Interbloque Federal (8); Provincias Unidas (6); Ser Santa Cruz (2) y la Izquierda (5).<\/p>\n\n\n\n<h2>Recambio en el Senado<\/h2>\n\n\n\n<p>En el Senado, en tanto, desde las tres de la tarde de este jueves se realizar\u00e1 la sesi\u00f3n preparatoria en la que&nbsp;prestar\u00e1n juramento los 24 senadores electos&nbsp;que se sumar\u00e1n a ese cuerpo legislativo a partir del 10 de diciembre y que delinear\u00e1 la conformaci\u00f3n de la C\u00e1mara alta durante los pr\u00f3ximos dos a\u00f1os.<\/p>\n\n\n\n<p>La Sesi\u00f3n P\u00fablica Especial cita los art\u00edculos siete al doce del Reglamento de la C\u00e1mara que refieren a la renovaci\u00f3n de la C\u00e1mara y a la toma de juramento que estar\u00e1 a cargo de la actual vicepresidenta de la Naci\u00f3n,&nbsp;<strong>Cristina Kirchner<\/strong>.<\/p>\n\n\n\n<figure class=\"wp-block-image\"><img decoding=\"async\" src=\"https:\/\/media.minutouno.com\/p\/4cf51a926ad8311b4d498df0846161e2\/adjuntos\/150\/imagenes\/041\/154\/0041154905\/cristina-kirchner.jpg\" alt=\"\" title=\"\"\/><\/figure>\n\n\n\n<p>De acuerdo con ese documento, difundido la semana pasada, no estar\u00e1 en consideraci\u00f3n la elecci\u00f3n de autoridades de la C\u00e1mara que est\u00e1 previsto en el art\u00edculo 1 del Reglamento y que establece que ese paso administrativo se debe realizar &#8220;el 24 de febrero de cada a\u00f1o&#8221;.<\/p>\n\n\n\n<p>En las elecciones de 22 de octubre pasado Uni\u00f3n por la Patria (UxP), que en el Congreso se llama Frente de Todos (FdT), obtuvo 11 esca\u00f1os, lo que le permitir\u00e1&nbsp;reunir una bancada de 33 legisladores y mantener la primera minor\u00eda,&nbsp;con la jefatura ratificada para el formose\u00f1o&nbsp;<strong>Jos\u00e9 Mayans.<\/strong><\/p>\n\n\n\n<p>Juntos por el Cambio, a\u00fan negocia mantenerse unida; si as\u00ed ocurriera, se tratar\u00eda de la segunda minor\u00eda, con 24 integrantes.<\/p>\n\n\n\n<p>La voluntad expresada por la mayor\u00eda de los radicales (que ayer eligieron al correntino&nbsp;<strong>Eduardo Vischi&nbsp;<\/strong>como su presidente) y de los legisladores de PRO es continuar dentro de Juntos por el Cambio.<\/p>\n\n\n\n<p>La bancada oficialista -La Libertad Avanza- tendr\u00e1 7 miembros; y otros espacios minoritarios sumar\u00e1n 8, para completar los 72 senadores.<\/p>\n\n\n\n<p>Fuente: Infobae<\/p>\n","protected":false},"excerpt":{"rendered":"<div class=\"mh-excerpt\"><p>La C\u00e1mara de Diputados comenz\u00f3 a sesionar pasadas las 11.20 para&nbsp;aceptar las renuncias y licencias de los legisladores nacionales que presentaron sus dimisiones, para luego&nbsp;tomar juramento a los 130 electos en los comicios generales del 22 de octubre. Tras este plenario, presidido por la diputada del Frente de Todos&nbsp;Cecilia Moreau,&nbsp;se designaron las nuevas autoridades que conducir\u00e1n el cuerpo legislativo a partir del pr\u00f3ximo 10 de diciembre, que estar\u00e1 encabezado por el riojano&nbsp;Mart\u00edn Menem. En el marco de la sesi\u00f3n especial, Moreau afirm\u00f3 que&nbsp;fue &#8220;un orgullo haber sido la primera presidenta de la C\u00e1mara baja cuando se cumplen 40 a\u00f1os de <a class=\"mh-excerpt-more\" href=\"http:\/\/dsrmedios.com.ar\/diario\/archivos\/42109\" title=\"Congreso: juran los nuevos diputados y definen las autoridades legislativas\">[Leer m\u00e1s]<\/a><\/p>\n<\/div>","protected":false},"author":8,"featured_media":6450,"comment_status":"open","ping_status":"closed","sticky":false,"template":"","format":"standard","meta":{"_jetpack_newsletter_access":""},"categories":[6],"tags":[],"jetpack_featured_media_url":"http:\/\/dsrmedios.com.ar\/diario\/wp-content\/uploads\/2018\/06\/senaddd.jpg","jetpack_sharing_enabled":true,"jetpack_shortlink":"https:\/\/wp.me\/p9fihK-aXb","_links":{"self":[{"href":"http:\/\/dsrmedios.com.ar\/diario\/wp-json\/wp\/v2\/posts\/42109"}],"collection":[{"href":"http:\/\/dsrmedios.com.ar\/diario\/wp-json\/wp\/v2\/posts"}],"about":[{"href":"http:\/\/dsrmedios.com.ar\/diario\/wp-json\/wp\/v2\/types\/post"}],"author":[{"embeddable":true,"href":"http:\/\/dsrmedios.com.ar\/diario\/wp-json\/wp\/v2\/users\/8"}],"replies":[{"embeddable":true,"href":"http:\/\/dsrmedios.com.ar\/diario\/wp-json\/wp\/v2\/comments?post=42109"}],"version-history":[{"count":1,"href":"http:\/\/dsrmedios.com.ar\/diario\/wp-json\/wp\/v2\/posts\/42109\/revisions"}],"predecessor-version":[{"id":42111,"href":"http:\/\/dsrmedios.com.ar\/diario\/wp-json\/wp\/v2\/posts\/42109\/revisions\/42111"}],"wp:featuredmedia":[{"embeddable":true,"href":"http:\/\/dsrmedios.com.ar\/diario\/wp-json\/wp\/v2\/media\/6450"}],"wp:attachment":[{"href":"http:\/\/dsrmedios.com.ar\/diario\/wp-json\/wp\/v2\/media?parent=42109"}],"wp:term":[{"taxonomy":"category","embeddable":true,"href":"http:\/\/dsrmedios.com.ar\/diario\/wp-json\/wp\/v2\/categories?post=42109"},{"taxonomy":"post_tag","embeddable":true,"href":"http:\/\/dsrmedios.com.ar\/diario\/wp-json\/wp\/v2\/tags?post=42109"}],"curies":[{"name":"wp","href":"https:\/\/api.w.org\/{rel}","templated":true}]}}