{"id":42085,"date":"2023-12-06T16:10:12","date_gmt":"2023-12-06T19:10:12","guid":{"rendered":"http:\/\/dsrmedios.com.ar\/diario\/?p=42085"},"modified":"2023-12-06T16:10:13","modified_gmt":"2023-12-06T19:10:13","slug":"colon-le-pidio-a-la-afa-que-anule-su-descenso-a-la-primera-b-nacional","status":"publish","type":"post","link":"http:\/\/dsrmedios.com.ar\/diario\/archivos\/42085","title":{"rendered":"Col\u00f3n le pidi\u00f3 a la AFA que anule su descenso a la Primera B Nacional"},"content":{"rendered":"\n<p>Casi una semana despu\u00e9s de haber perdido el partido desempate contra Gimnasia, los dirigentes de\u00a0<a rel=\"noreferrer noopener\" href=\"https:\/\/tn.com.ar\/deportes\/futbol\/2023\/12\/01\/gimnasia-y-colon-se-enfrentan-en-el-desempate-para-quedarse-en-primera-a-que-hora-juegan-y-como-ver-en-vivo\/\" target=\"_blank\"><strong>Col\u00f3n\u00a0<\/strong><\/a>presentaron un documento ante la AFA para pedir que se anule su descenso a la Primera Nacional, la segunda categor\u00eda del f\u00fatbol argentino.<\/p>\n\n\n\n<p>El documento presentado por Col\u00f3n argumenta que la quita de uno de los tres descensos planteados a principio de la temporada se dio en\u00a0<strong>plena competencia,\u00a0<\/strong>lo que los coloc\u00f3<strong>\u00a0\u201cen una situaci\u00f3n de absoluta desventaja deportiva\u201d.<\/strong><\/p>\n\n\n\n<p>Sostuvieron, adem\u00e1s, que esta decisi\u00f3n tendr\u00eda que haberse tomado a trav\u00e9s del Comit\u00e9 Ejecutivo y no por Asamblea. Reclamaron que no todos los equipos pudieron votar y que Talleres, por ejemplo, no envi\u00f3 ning\u00fan representante.<\/p>\n\n\n\n<figure class=\"wp-block-image\"><img decoding=\"async\" src=\"https:\/\/tn.com.ar\/resizer\/6w0djROoGJaBN1YYRzKjP1ECaxI=\/767x0\/smart\/filters:format(webp)\/cloudfront-us-east-1.images.arcpublishing.com\/artear\/XUTNP5QWYJF2LJSLIDZIU74VW4.PNG\" alt=\"El documento presentado por el presidente de Col\u00f3n en AFA.\"\/><figcaption class=\"wp-element-caption\">El documento presentado por el presidente de Col\u00f3n en AFA.<\/figcaption><\/figure>\n\n\n\n<p>Por \u00faltimo, expusieron que en las \u00faltimas fechas se disputaron varios encuentros entre equipos que ten\u00edan posibilidades de descender y en la gran mayor\u00eda, los comprometidos fueron los que ganaron. Si bien el documento fue presentado en tiempo y forma,&nbsp;<strong>las chances de revocar el descenso de Col\u00f3n a la B no son muchas.<\/strong><\/p>\n\n\n\n<h2>El momento en el que se anunci\u00f3 el cambio del reglamento de la Liga Profesional<\/h2>\n\n\n\n<p>En junio, mediante Asamblea Extraordinaria de AFA y con voto un\u00e1nime de los representantes de los clubes, fue aprobada la eliminaci\u00f3n de uno de los descensos de primera divisi\u00f3n.<\/p>\n\n\n\n<p>El orador principal fue el presidente de la entidad,\u00a0<a href=\"https:\/\/tn.com.ar\/deportes\/futbol\/2023\/06\/11\/no-habia-nivel-el-ironico-mensaje-de-chiqui-tapia-a-mbappe-tras-la-victoria-de-uruguay-en-el-mundial-sub-20\/\"><strong>Claudio Tapia<\/strong><\/a><strong>,<\/strong>\u00a0y casi 50 dirigentes del f\u00fatbol argentino estuvieron presentes para modificar el art\u00edculo 90 del reglamento de la Liga Profesional.<\/p>\n\n\n\n<p>Fuente: tn<\/p>\n","protected":false},"excerpt":{"rendered":"<div class=\"mh-excerpt\"><p>Casi una semana despu\u00e9s de haber perdido el partido desempate contra Gimnasia, los dirigentes de\u00a0Col\u00f3n\u00a0presentaron un documento ante la AFA para pedir que se anule su descenso a la Primera Nacional, la segunda categor\u00eda del f\u00fatbol argentino. El documento presentado por Col\u00f3n argumenta que la quita de uno de los tres descensos planteados a principio de la temporada se dio en\u00a0plena competencia,\u00a0lo que los coloc\u00f3\u00a0\u201cen una situaci\u00f3n de absoluta desventaja deportiva\u201d. Sostuvieron, adem\u00e1s, que esta decisi\u00f3n tendr\u00eda que haberse tomado a trav\u00e9s del Comit\u00e9 Ejecutivo y no por Asamblea. Reclamaron que no todos los equipos pudieron votar y que Talleres, <a class=\"mh-excerpt-more\" href=\"http:\/\/dsrmedios.com.ar\/diario\/archivos\/42085\" title=\"Col\u00f3n le pidi\u00f3 a la AFA que anule su descenso a la Primera B Nacional\">[Leer m\u00e1s]<\/a><\/p>\n<\/div>","protected":false},"author":8,"featured_media":42086,"comment_status":"open","ping_status":"closed","sticky":false,"template":"","format":"standard","meta":{"_jetpack_newsletter_access":""},"categories":[2],"tags":[],"jetpack_featured_media_url":"http:\/\/dsrmedios.com.ar\/diario\/wp-content\/uploads\/2023\/12\/GK4WVY7POFA6VNQ5CE76PMNV2A.jpg","jetpack_sharing_enabled":true,"jetpack_shortlink":"https:\/\/wp.me\/p9fihK-aWN","_links":{"self":[{"href":"http:\/\/dsrmedios.com.ar\/diario\/wp-json\/wp\/v2\/posts\/42085"}],"collection":[{"href":"http:\/\/dsrmedios.com.ar\/diario\/wp-json\/wp\/v2\/posts"}],"about":[{"href":"http:\/\/dsrmedios.com.ar\/diario\/wp-json\/wp\/v2\/types\/post"}],"author":[{"embeddable":true,"href":"http:\/\/dsrmedios.com.ar\/diario\/wp-json\/wp\/v2\/users\/8"}],"replies":[{"embeddable":true,"href":"http:\/\/dsrmedios.com.ar\/diario\/wp-json\/wp\/v2\/comments?post=42085"}],"version-history":[{"count":1,"href":"http:\/\/dsrmedios.com.ar\/diario\/wp-json\/wp\/v2\/posts\/42085\/revisions"}],"predecessor-version":[{"id":42087,"href":"http:\/\/dsrmedios.com.ar\/diario\/wp-json\/wp\/v2\/posts\/42085\/revisions\/42087"}],"wp:featuredmedia":[{"embeddable":true,"href":"http:\/\/dsrmedios.com.ar\/diario\/wp-json\/wp\/v2\/media\/42086"}],"wp:attachment":[{"href":"http:\/\/dsrmedios.com.ar\/diario\/wp-json\/wp\/v2\/media?parent=42085"}],"wp:term":[{"taxonomy":"category","embeddable":true,"href":"http:\/\/dsrmedios.com.ar\/diario\/wp-json\/wp\/v2\/categories?post=42085"},{"taxonomy":"post_tag","embeddable":true,"href":"http:\/\/dsrmedios.com.ar\/diario\/wp-json\/wp\/v2\/tags?post=42085"}],"curies":[{"name":"wp","href":"https:\/\/api.w.org\/{rel}","templated":true}]}}