{"id":42081,"date":"2023-12-06T16:19:25","date_gmt":"2023-12-06T19:19:25","guid":{"rendered":"http:\/\/dsrmedios.com.ar\/diario\/?p=42081"},"modified":"2023-12-06T16:19:27","modified_gmt":"2023-12-06T19:19:27","slug":"carlos-alberto-soratti-seguira-al-frente-del-incucai-en-el-gobierno-de-milei","status":"publish","type":"post","link":"http:\/\/dsrmedios.com.ar\/diario\/archivos\/42081","title":{"rendered":"Carlos Alberto Soratti seguir\u00e1 al frente del INCUCAI en el gobierno de Milei"},"content":{"rendered":"\n<p>El Dr. Carlos Alberto Soratti, quien fue nombrado en marzo de 2020 como titular del<strong>&nbsp;Instituto Nacional Central \u00danico Coordinador de Ablaci\u00f3n e Implante (INCUCAI)<\/strong>, se mantendr\u00e1 al frente del organismo que regula, impulsa y normaliza, entre otros aspectos esenciales, la donaci\u00f3n y trasplante de \u00f3rganos, tejidos y c\u00e9lulas en nuestro pa\u00eds, seg\u00fan confirmaron desde el gobierno de Javier Milei.<\/p>\n\n\n\n<p>De esta manera, este m\u00e9dico con especializaci\u00f3n en Terapia Intensiva y en Sistemas de Salud y Seguridad Social, se mantendr\u00e1 al frente del organismo responsable de coordinar y fiscalizar el proceso de donaci\u00f3n y trasplante de \u00f3rganos, tejidos y c\u00e9lulas en la Argentina, el (<strong>INCUCAI<\/strong>), un ente aut\u00e1rquico dependiente del\u00a0<strong>Ministerio de Salud de la Naci\u00f3n<\/strong>.<\/p>\n\n\n\n<p>Fuente: Infobae<\/p>\n","protected":false},"excerpt":{"rendered":"<div class=\"mh-excerpt\"><p>El Dr. Carlos Alberto Soratti, quien fue nombrado en marzo de 2020 como titular del&nbsp;Instituto Nacional Central \u00danico Coordinador de Ablaci\u00f3n e Implante (INCUCAI), se mantendr\u00e1 al frente del organismo que regula, impulsa y normaliza, entre otros aspectos esenciales, la donaci\u00f3n y trasplante de \u00f3rganos, tejidos y c\u00e9lulas en nuestro pa\u00eds, seg\u00fan confirmaron desde el gobierno de Javier Milei. De esta manera, este m\u00e9dico con especializaci\u00f3n en Terapia Intensiva y en Sistemas de Salud y Seguridad Social, se mantendr\u00e1 al frente del organismo responsable de coordinar y fiscalizar el proceso de donaci\u00f3n y trasplante de \u00f3rganos, tejidos y c\u00e9lulas en <a class=\"mh-excerpt-more\" href=\"http:\/\/dsrmedios.com.ar\/diario\/archivos\/42081\" title=\"Carlos Alberto Soratti seguir\u00e1 al frente del INCUCAI en el gobierno de Milei\">[Leer m\u00e1s]<\/a><\/p>\n<\/div>","protected":false},"author":8,"featured_media":42089,"comment_status":"open","ping_status":"closed","sticky":false,"template":"","format":"standard","meta":{"_jetpack_newsletter_access":""},"categories":[6],"tags":[],"jetpack_featured_media_url":"http:\/\/dsrmedios.com.ar\/diario\/wp-content\/uploads\/2023\/12\/descarga-9.jpeg","jetpack_sharing_enabled":true,"jetpack_shortlink":"https:\/\/wp.me\/p9fihK-aWJ","_links":{"self":[{"href":"http:\/\/dsrmedios.com.ar\/diario\/wp-json\/wp\/v2\/posts\/42081"}],"collection":[{"href":"http:\/\/dsrmedios.com.ar\/diario\/wp-json\/wp\/v2\/posts"}],"about":[{"href":"http:\/\/dsrmedios.com.ar\/diario\/wp-json\/wp\/v2\/types\/post"}],"author":[{"embeddable":true,"href":"http:\/\/dsrmedios.com.ar\/diario\/wp-json\/wp\/v2\/users\/8"}],"replies":[{"embeddable":true,"href":"http:\/\/dsrmedios.com.ar\/diario\/wp-json\/wp\/v2\/comments?post=42081"}],"version-history":[{"count":1,"href":"http:\/\/dsrmedios.com.ar\/diario\/wp-json\/wp\/v2\/posts\/42081\/revisions"}],"predecessor-version":[{"id":42090,"href":"http:\/\/dsrmedios.com.ar\/diario\/wp-json\/wp\/v2\/posts\/42081\/revisions\/42090"}],"wp:featuredmedia":[{"embeddable":true,"href":"http:\/\/dsrmedios.com.ar\/diario\/wp-json\/wp\/v2\/media\/42089"}],"wp:attachment":[{"href":"http:\/\/dsrmedios.com.ar\/diario\/wp-json\/wp\/v2\/media?parent=42081"}],"wp:term":[{"taxonomy":"category","embeddable":true,"href":"http:\/\/dsrmedios.com.ar\/diario\/wp-json\/wp\/v2\/categories?post=42081"},{"taxonomy":"post_tag","embeddable":true,"href":"http:\/\/dsrmedios.com.ar\/diario\/wp-json\/wp\/v2\/tags?post=42081"}],"curies":[{"name":"wp","href":"https:\/\/api.w.org\/{rel}","templated":true}]}}