{"id":42078,"date":"2023-12-06T13:50:07","date_gmt":"2023-12-06T16:50:07","guid":{"rendered":"http:\/\/dsrmedios.com.ar\/diario\/?p=42078"},"modified":"2023-12-06T16:08:41","modified_gmt":"2023-12-06T19:08:41","slug":"se-enfrio-el-acuerdo-ue-mercosur-y-ahora-milei-apunta-a-negociar-con-paraguay-para-que-se-firme-en-2024","status":"publish","type":"post","link":"http:\/\/dsrmedios.com.ar\/diario\/archivos\/42078","title":{"rendered":"Se enfri\u00f3 el acuerdo UE-Mercosur y ahora Milei apunta a negociar con Paraguay para que se firme en 2024"},"content":{"rendered":"\n<p><strong>Que se firma. Que no se firma<\/strong>. El acuerdo final del&nbsp;<a href=\"https:\/\/tn.com.ar\/internacional\/2023\/12\/04\/ya-no-dan-los-tiempos-santiago-cafiero-descarto-la-firma-del-acuerdo-mercosur-ue-antes-de-fin-de-ano\/\" target=\"_blank\" rel=\"noreferrer noopener\">tratado de libre comercio entre la Uni\u00f3n Europea y el Mercosur&nbsp;<\/a><strong>volvi\u00f3 a quedar en pausa&nbsp;<\/strong>luego de algunas semanas en las que se hab\u00eda reflotado la posibilidad de que la r\u00fabrica llegue antes de fin de a\u00f1o.<\/p>\n\n\n\n<p>El pr\u00f3ximo jueves en R\u00edo de Janeiro se realizar\u00e1 la cumbre de l\u00edderes del Mercosur en donde Brasil le ceder\u00e1 la presidencia pro tempore a Paraguay. En privado y en p\u00fablico,\u00a0<strong>Javier Milei empuj\u00f3 fuertemente para que los presidentes del bloque llegaran a un acuerdo\u00a0<\/strong>y aceptaran las condiciones de Bruselas.<\/p>\n\n\n\n<p>El apuro de la Argentina reside en que Santiago Pe\u00f1a, el presidente paraguayo, ya hab\u00eda avisado meses atr\u00e1s que, si los miembros del Mercosur no se pon\u00edan de acuerdo antes de fin de a\u00f1o,&nbsp;<strong>Paraguay se retirar\u00eda de la negociaci\u00f3n mientras ejerciera la presidencia del bloque<\/strong>. En otros t\u00e9rminos, se caer\u00eda la posibilidad de llegar a una firma.<\/p>\n\n\n\n<p>El \u201cdeadline\u201d impuesto por Paraguay no era algo tan sencillo de cumplir, tal como reconocieron a&nbsp;<strong>TN<\/strong>&nbsp;desde las distintas canciller\u00edas latinoamericanas. Sucede que, entre tantos idas y vueltas,&nbsp;<strong>algunos pa\u00edses europeos todav\u00eda mantienen reparos en firmar el acuerdo&nbsp;<\/strong>bajo las condiciones actuales, sobre todo en t\u00e9rminos medioambientales y de protecci\u00f3n a la explotaci\u00f3n de insumos primarios.<\/p>\n\n\n\n<figure class=\"wp-block-image\"><img decoding=\"async\" src=\"https:\/\/tn.com.ar\/resizer\/pOkDm5AkWvdssgdy4C4fsAmVdsg=\/767x0\/smart\/filters:format(webp)\/cloudfront-us-east-1.images.arcpublishing.com\/artear\/65R6XQDF57PO2NPG23YZDVYVO4.jpg\" alt=\"Brasil y Argentina ya avisaron que el acuerdo no se firmar\u00e1 el pr\u00f3ximo 7 de diciembre. (Foto: Maria Eugenia Cerutti\/Presidencia Argentina)\"\/><figcaption class=\"wp-element-caption\">Brasil y Argentina ya avisaron que el acuerdo no se firmar\u00e1 el pr\u00f3ximo 7 de diciembre. (Foto: Maria Eugenia Cerutti\/Presidencia Argentina)Por:&nbsp;<strong>via REUTERS<\/strong><\/figcaption><\/figure>\n\n\n\n<p>Tal es el caso de Francia. D\u00edas atr\u00e1s su presidente,&nbsp;<strong>Emmanuel Macron<\/strong>, lo critic\u00f3 y dijo que, tal como est\u00e1 ahora,&nbsp;<strong>\u201cno es bueno para nadie\u201d<\/strong>. Otros pa\u00edses europeos como&nbsp;<strong>B\u00e9lgica, Pa\u00edses Bajos y Austria&nbsp;<\/strong>se pliegan al reclamo franc\u00e9s. Piden mantener las restricciones medioambientales, que parecieran ser inaceptables para el Mercosur.<\/p>\n\n\n\n<h2>La estrategia de Javier Milei y Diana Mondino<\/h2>\n\n\n\n<p>Primero, desde La Libertad Avanza (LLA) intentaron presionar puertas adentro y a trav\u00e9s del uruguayo Luis Lacalle Pou y el paraguayo Santiago Pe\u00f1a para que la firma llegue el pr\u00f3ximo jueves en R\u00edo de Janeiro.<\/p>\n\n\n\n<p>Ahora, a sabiendas de que eso no suceder\u00e1, la futura canciller&nbsp;<strong>Diana Mondino empez\u00f3 a desplegar una nueva estrategia que consiste en convencer al presidente de Paraguay&nbsp;<\/strong>que no cumpla con su promesa de retirarse de las negociaciones y le d\u00e9 al bloque un semestre m\u00e1s, que ser\u00e1n los primeros seis meses del gobierno de Milei.<\/p>\n\n\n\n<p>Desde el entorno del libertario conf\u00edan en que ya sin la alianza cercana que existi\u00f3 entre Lula y Alberto Fern\u00e1ndez, se pueda pensar en la tan pospuesta firma final del acuerdo.&nbsp;<strong>Desde Bruselas no ver\u00edan con malos ojos avanzar en la primera parte de 2024&nbsp;<\/strong>antes de que se produzca el cambio de autoridades en el seno de la UE.<\/p>\n\n\n\n<figure class=\"wp-block-image\"><img decoding=\"async\" src=\"https:\/\/tn.com.ar\/resizer\/lQ9P2WN8UvC5msDqy49nQwnxd7k=\/767x0\/smart\/filters:format(webp)\/cloudfront-us-east-1.images.arcpublishing.com\/artear\/67SKLMWXCVGCBIZXDLBRJWLVD4.jpg\" alt=\"Como futura canciller, Diana Mondino trabaja en convencer a Paraguay que acepte seis meses m\u00e1s de negociaci\u00f3n. (Foto: T\u00e9lam)\"\/><figcaption class=\"wp-element-caption\">Como futura canciller, Diana Mondino trabaja en convencer a Paraguay que acepte seis meses m\u00e1s de negociaci\u00f3n. (Foto: T\u00e9lam)<\/figcaption><\/figure>\n\n\n\n<p>Seg\u00fan pudo saber&nbsp;<strong>TN<\/strong>, desde el equipo de internacionales de LLA vienen trabajando intensamente con la delegaci\u00f3n de la UE en la Argentina sobre los detalles de una posible aplicaci\u00f3n del acuerdo.<\/p>\n\n\n\n<p>Ante la consulta de este medio,&nbsp;<strong>Eric Mamer<\/strong>, vocero en jefe de la Comisi\u00f3n Europea, reconoci\u00f3 que ambos bloques&nbsp;<strong>est\u00e1n \u201cenfrascados en intensos y constructivos debates&nbsp;<\/strong>con miras a finalizar un acuerdo pol\u00edtico, de cooperaci\u00f3n y comercial\u201d, aunque evit\u00f3 precisar el momento en qu\u00e9 eso puede suceder.<\/p>\n\n\n\n<p>Adem\u00e1s, explic\u00f3 que \u201cen los \u00faltimos meses se han logrado avances sustanciales sobre un acuerdo que aborde las preocupaciones clim\u00e1ticas y promueva una transici\u00f3n verde\u201d, para luego finalizar: \u201clas negociaciones continuar\u00e1n con un esp\u00edritu constructivo y&nbsp;<strong>con la ambici\u00f3n de concluir lo m\u00e1s r\u00e1pido posible<\/strong>\u201d.<\/p>\n\n\n\n<h2>La posici\u00f3n actual de la Argentina y Brasil frente a la negociaci\u00f3n<\/h2>\n\n\n\n<p>Para desterrar cualquier duda sobre la posible firma del acuerdo en la cumbre de esta semana en R\u00edo de Janeiro, el canciller argentino Santiago Cafiero confirm\u00f3 horas atr\u00e1s que la&nbsp;<strong>Argentina no apoyar\u00e1 la r\u00fabrica<\/strong>: \u201cAs\u00ed como est\u00e1,&nbsp;<a href=\"https:\/\/tn.com.ar\/internacional\/2023\/12\/04\/ya-no-dan-los-tiempos-santiago-cafiero-descarto-la-firma-del-acuerdo-mercosur-ue-antes-de-fin-de-ano\/\" target=\"_blank\" rel=\"noreferrer noopener\">el acuerdo es negativo y nos obligar\u00eda a restringir exportaciones<\/a>\u201d.<\/p>\n\n\n\n<p>Esta declaraci\u00f3n responde tambi\u00e9n a una carta publicada por la\u00a0<strong>Confederaci\u00f3n de Sindicatos Industriales de la Rep\u00fablica Argentina (CSIRA)<\/strong>, donde le piden al actual presidente Alberto Fern\u00e1ndez que no firme el tratado porque \u201ca corto y mediano plazo\u201d resultar\u00eda en un grave perjuicio para la agroindustria e industria nacional.<\/p>\n\n\n\n<p>Desde Dubai, donde particip\u00f3 de la cumbre mundial del clima COP28,&nbsp;<a href=\"https:\/\/tn.com.ar\/internacional\/2023\/06\/27\/se-enfria-el-acuerdo-ue-mercosur-lula-da-silva-pospone-una-definicion-climatica-clave-y-europa-se-impacienta\/\" target=\"_blank\" rel=\"noreferrer noopener\">Lula da Silva tambi\u00e9n dej\u00f3 en claro que la firma no llegar\u00e1&nbsp;<\/a>en la pr\u00f3xima reuni\u00f3n del Mercosur. \u201c<strong>Si no hay acuerdo, paciencia<\/strong>. No fue por falta de voluntad. Lo \u00fanico que tiene que quedar claro es que no digan m\u00e1s que es por culpa de Brasil y por culpa de Sudam\u00e9rica\u201d, lanz\u00f3.<\/p>\n\n\n\n<p>Desde principio de a\u00f1o, cuando\u00a0<strong>la Uni\u00f3n Europea envi\u00f3 un protocolo adicional con est\u00e1ndares medioambientales\u00a0<\/strong>vinculados a los compromisos asumidos en el Acuerdo de Par\u00eds, fue Lula quien llev\u00f3 el ritmo de las negociaciones en el bloque. Inclusive, seg\u00fan pudo saber\u00a0<strong>TN<\/strong>, desde Bruselas apuntaban contra \u00e9l por pisar el avance del acuerdo. Lula siempre lo rechaz\u00f3.<\/p>\n\n\n\n<p>Fuente: tn<\/p>\n","protected":false},"excerpt":{"rendered":"<div class=\"mh-excerpt\"><p>Que se firma. Que no se firma. El acuerdo final del&nbsp;tratado de libre comercio entre la Uni\u00f3n Europea y el Mercosur&nbsp;volvi\u00f3 a quedar en pausa&nbsp;luego de algunas semanas en las que se hab\u00eda reflotado la posibilidad de que la r\u00fabrica llegue antes de fin de a\u00f1o. El pr\u00f3ximo jueves en R\u00edo de Janeiro se realizar\u00e1 la cumbre de l\u00edderes del Mercosur en donde Brasil le ceder\u00e1 la presidencia pro tempore a Paraguay. En privado y en p\u00fablico,\u00a0Javier Milei empuj\u00f3 fuertemente para que los presidentes del bloque llegaran a un acuerdo\u00a0y aceptaran las condiciones de Bruselas. El apuro de la Argentina <a class=\"mh-excerpt-more\" href=\"http:\/\/dsrmedios.com.ar\/diario\/archivos\/42078\" title=\"Se enfri\u00f3 el acuerdo UE-Mercosur y ahora Milei apunta a negociar con Paraguay para que se firme en 2024\">[Leer m\u00e1s]<\/a><\/p>\n<\/div>","protected":false},"author":8,"featured_media":42082,"comment_status":"open","ping_status":"closed","sticky":false,"template":"","format":"standard","meta":{"_jetpack_newsletter_access":""},"categories":[6],"tags":[],"jetpack_featured_media_url":"http:\/\/dsrmedios.com.ar\/diario\/wp-content\/uploads\/2023\/12\/UEIJFQ3JBBDGRHHXC4SDRGLGV4.jpg","jetpack_sharing_enabled":true,"jetpack_shortlink":"https:\/\/wp.me\/p9fihK-aWG","_links":{"self":[{"href":"http:\/\/dsrmedios.com.ar\/diario\/wp-json\/wp\/v2\/posts\/42078"}],"collection":[{"href":"http:\/\/dsrmedios.com.ar\/diario\/wp-json\/wp\/v2\/posts"}],"about":[{"href":"http:\/\/dsrmedios.com.ar\/diario\/wp-json\/wp\/v2\/types\/post"}],"author":[{"embeddable":true,"href":"http:\/\/dsrmedios.com.ar\/diario\/wp-json\/wp\/v2\/users\/8"}],"replies":[{"embeddable":true,"href":"http:\/\/dsrmedios.com.ar\/diario\/wp-json\/wp\/v2\/comments?post=42078"}],"version-history":[{"count":2,"href":"http:\/\/dsrmedios.com.ar\/diario\/wp-json\/wp\/v2\/posts\/42078\/revisions"}],"predecessor-version":[{"id":42084,"href":"http:\/\/dsrmedios.com.ar\/diario\/wp-json\/wp\/v2\/posts\/42078\/revisions\/42084"}],"wp:featuredmedia":[{"embeddable":true,"href":"http:\/\/dsrmedios.com.ar\/diario\/wp-json\/wp\/v2\/media\/42082"}],"wp:attachment":[{"href":"http:\/\/dsrmedios.com.ar\/diario\/wp-json\/wp\/v2\/media?parent=42078"}],"wp:term":[{"taxonomy":"category","embeddable":true,"href":"http:\/\/dsrmedios.com.ar\/diario\/wp-json\/wp\/v2\/categories?post=42078"},{"taxonomy":"post_tag","embeddable":true,"href":"http:\/\/dsrmedios.com.ar\/diario\/wp-json\/wp\/v2\/tags?post=42078"}],"curies":[{"name":"wp","href":"https:\/\/api.w.org\/{rel}","templated":true}]}}