{"id":42067,"date":"2023-12-06T13:39:13","date_gmt":"2023-12-06T16:39:13","guid":{"rendered":"http:\/\/dsrmedios.com.ar\/diario\/?p=42067"},"modified":"2023-12-06T13:39:16","modified_gmt":"2023-12-06T16:39:16","slug":"ley-omnibus-el-recurso-que-presentara-javier-milei-en-el-congreso","status":"publish","type":"post","link":"http:\/\/dsrmedios.com.ar\/diario\/archivos\/42067","title":{"rendered":"&#8220;Ley \u00d3mnibus&#8221;: el recurso que presentar\u00e1 Javier Milei en el Congreso"},"content":{"rendered":"\n<p>Una de las primeras medidas que tomar\u00e1&nbsp;<strong>Javier Milei&nbsp;<\/strong>luego de asumir el 10 de diciembre, ser\u00e1 la presentaci\u00f3n de una<strong>&nbsp;\u201cley \u00f3mnibus\u201d<\/strong>, que ya prepar\u00f3 con selecto grupo de asesores.<\/p>\n\n\n\n<p>\u201cEst\u00e1 confirmado. Nuestro Presidente lo va a anunciar el d\u00eda 10 de diciembre y el 11 lo va a mandar a la C\u00e1mara. Es lo primero que tenemos que salir a resolver para que empiece a bajar la inflaci\u00f3n, para generar los indicadores necesarios y que el pa\u00eds arranque\u201d, manifest\u00f3 el senador formose\u00f1o Francisco Paoltroni, elegido para presidir la C\u00e1mara alta.<\/p>\n\n\n\n<p>Seg\u00fan trascendi\u00f3, pocos saben sobre el contenido de este paquete de medidas, dado que los encargados de elaborarlas fueron:&nbsp;<strong>Nicol\u00e1s Posse, futuro j<\/strong>efe de Gabinete;&nbsp;<strong>Sandra Pettovello, ministra de la nueva cartera de&nbsp;<\/strong>Capital Humano;&nbsp;<strong>Guillermo Francos,&nbsp;<\/strong>Interior;&nbsp;<strong>Diana Mondino,&nbsp;<\/strong>Canciller\u00eda; y, de manera aut\u00f3noma, el expresidente del Banco Central,&nbsp;<strong>Federico Sturzenegger<\/strong>.<\/p>\n\n\n\n<p>Se prev\u00e9 una profunda &#8220;modernizaci\u00f3n&#8221; del Estado, con reducci\u00f3n de ministerios, estructuras y empleos pol\u00edticos; cambios en el r\u00e9gimen econ\u00f3mico, apertura comercial, reforma en el \u00e1rea energ\u00e9tica y cambios progresivos en el r\u00e9gimen cambiario; y reformas en materia pol\u00edtica y electoral.<\/p>\n\n\n\n<p>Para que esto salga,&nbsp;<strong>el nuevo oficialismo va a necesitar de una mayor\u00eda de 129 diputados y 36 senadores.<\/strong><\/p>\n\n\n\n<h2>Qu\u00e9 es una \u201cLey \u00d3mnibus\u201d<\/h2>\n\n\n\n<p>Consiste en un paquete de leyes que se votan todas en conjunto y que suelen presentarse en la llegada de un nuevo gobierno. El procedimiento se realizad de esta manera para que el Congreso pueda tratarlas r\u00e1pidamente.<\/p>\n\n\n\n<p>De hecho, es un recurso que es utilizado en distintos pa\u00edses del mundo, y en Argentina, se registran dos antecedentes de este tipo de paquetes de proyectos. Una fue en 1989, cuando Carlos Menem present\u00f3 una serie de medidas para frenar la hiperinflaci\u00f3n; y la segunda vez fue enviada por el exmandatario Mauricio Macri, en el inicio de su gobierno, en 2015.<\/p>\n\n\n\n<p>Fuente: minutouno<\/p>\n","protected":false},"excerpt":{"rendered":"<div class=\"mh-excerpt\"><p>Una de las primeras medidas que tomar\u00e1&nbsp;Javier Milei&nbsp;luego de asumir el 10 de diciembre, ser\u00e1 la presentaci\u00f3n de una&nbsp;\u201cley \u00f3mnibus\u201d, que ya prepar\u00f3 con selecto grupo de asesores. \u201cEst\u00e1 confirmado. Nuestro Presidente lo va a anunciar el d\u00eda 10 de diciembre y el 11 lo va a mandar a la C\u00e1mara. Es lo primero que tenemos que salir a resolver para que empiece a bajar la inflaci\u00f3n, para generar los indicadores necesarios y que el pa\u00eds arranque\u201d, manifest\u00f3 el senador formose\u00f1o Francisco Paoltroni, elegido para presidir la C\u00e1mara alta. Seg\u00fan trascendi\u00f3, pocos saben sobre el contenido de este paquete de <a class=\"mh-excerpt-more\" href=\"http:\/\/dsrmedios.com.ar\/diario\/archivos\/42067\" title=\"&#8220;Ley \u00d3mnibus&#8221;: el recurso que presentar\u00e1 Javier Milei en el Congreso\">[Leer m\u00e1s]<\/a><\/p>\n<\/div>","protected":false},"author":8,"featured_media":41634,"comment_status":"open","ping_status":"closed","sticky":false,"template":"","format":"standard","meta":{"_jetpack_newsletter_access":""},"categories":[6],"tags":[],"jetpack_featured_media_url":"http:\/\/dsrmedios.com.ar\/diario\/wp-content\/uploads\/2023\/11\/MILEI32-1.jpg","jetpack_sharing_enabled":true,"jetpack_shortlink":"https:\/\/wp.me\/p9fihK-aWv","_links":{"self":[{"href":"http:\/\/dsrmedios.com.ar\/diario\/wp-json\/wp\/v2\/posts\/42067"}],"collection":[{"href":"http:\/\/dsrmedios.com.ar\/diario\/wp-json\/wp\/v2\/posts"}],"about":[{"href":"http:\/\/dsrmedios.com.ar\/diario\/wp-json\/wp\/v2\/types\/post"}],"author":[{"embeddable":true,"href":"http:\/\/dsrmedios.com.ar\/diario\/wp-json\/wp\/v2\/users\/8"}],"replies":[{"embeddable":true,"href":"http:\/\/dsrmedios.com.ar\/diario\/wp-json\/wp\/v2\/comments?post=42067"}],"version-history":[{"count":1,"href":"http:\/\/dsrmedios.com.ar\/diario\/wp-json\/wp\/v2\/posts\/42067\/revisions"}],"predecessor-version":[{"id":42068,"href":"http:\/\/dsrmedios.com.ar\/diario\/wp-json\/wp\/v2\/posts\/42067\/revisions\/42068"}],"wp:featuredmedia":[{"embeddable":true,"href":"http:\/\/dsrmedios.com.ar\/diario\/wp-json\/wp\/v2\/media\/41634"}],"wp:attachment":[{"href":"http:\/\/dsrmedios.com.ar\/diario\/wp-json\/wp\/v2\/media?parent=42067"}],"wp:term":[{"taxonomy":"category","embeddable":true,"href":"http:\/\/dsrmedios.com.ar\/diario\/wp-json\/wp\/v2\/categories?post=42067"},{"taxonomy":"post_tag","embeddable":true,"href":"http:\/\/dsrmedios.com.ar\/diario\/wp-json\/wp\/v2\/tags?post=42067"}],"curies":[{"name":"wp","href":"https:\/\/api.w.org\/{rel}","templated":true}]}}