{"id":42062,"date":"2023-12-06T13:34:34","date_gmt":"2023-12-06T16:34:34","guid":{"rendered":"http:\/\/dsrmedios.com.ar\/diario\/?p=42062"},"modified":"2023-12-06T13:34:37","modified_gmt":"2023-12-06T16:34:37","slug":"santiago-bausili-sera-el-presidente-del-banco-central-de-javier-milei","status":"publish","type":"post","link":"http:\/\/dsrmedios.com.ar\/diario\/archivos\/42062","title":{"rendered":"Santiago Bausili ser\u00e1 el presidente del Banco Central de Javier Milei"},"content":{"rendered":"\n<p>La Oficina del Presidente Electo&nbsp;<strong>Javier Milei&nbsp;<\/strong>confirm\u00f3 este mi\u00e9rcoles que&nbsp;<strong>Santiago Bausili<\/strong>&nbsp;ser\u00e1 el presidente del Banco Central de la Rep\u00fablica Argentina (BCRA) a partir del pr\u00f3ximo domingo.<\/p>\n\n\n\n<p>Bausili es socio de el designado ministro de Econom\u00eda,&nbsp;<strong>Luis &#8220;Toto&#8221; Caputo<\/strong>&nbsp;en la consultora Anker y tiene una amplia experiencia trabajando en la banca privada donde se desempe\u00f1\u00f3 a lo largo de nueve a\u00f1os en el Deutsche Bank (DB). Antes. Antes hab\u00eda estado once a\u00f1os en JP Morgan.<\/p>\n\n\n\n<p>Durante el gobierno de&nbsp;<strong>Mauricio Macri&nbsp;<\/strong>estuvo al frente de la Secretar\u00eda de Finanzas y fue procesado por la justicia por incurrir en negociaciones incompatibles con la funci\u00f3n p\u00fablica.<\/p>\n\n\n\n<p>Hombre de confianza de Caputo y defendido por el estudio de abogados del hermano del designado ministro de Justicia de la Naci\u00f3n,&nbsp;<strong>Mariano C\u00faneo Libarona<\/strong>, Bausili recibi\u00f3 ayer una gran noticia de la C\u00e1mara Federal porte\u00f1a que resolvi\u00f3, al calor del cambio de gobierno, revocar su procesamiento.<\/p>\n\n\n\n<p><\/p>\n\n\n\n<h2>Las denuncias en su contra<\/h2>\n\n\n\n<p>A lo lagro de su paso por la Secretar\u00eda de Finanzas Bausili acumul\u00f3 numerosos irregularidades. Muchas de las cuales la valieron denuncias judiciales.<\/p>\n\n\n\n<p>Entre estas irregularidades se cuenta que&nbsp;se desempe\u00f1\u00f3 en el Deutsche Bank y en la funci\u00f3n p\u00fablica en simult\u00e1neo.&nbsp;Tras asumir el cargo, Bausili demor\u00f3 una semana en renunciar al banco privado. Adem\u00e1s, pese a que ya no reportaba en el Deutsche Bank,&nbsp;Bausili recibi\u00f3 \u201cremuneraciones diferidas\u201d entre 2016, 2017 y 2018 cuando se desempe\u00f1aba al frente de la Secretar\u00eda de Finanzas.<\/p>\n\n\n\n<p>Adem\u00e1s,&nbsp;tuvo acciones en el Deutsche Bank, por lo que ten\u00eda intereses en que al banco le fuera bien.<\/p>\n\n\n\n<p>Como secretario de Finanzas, Bausili&nbsp;se involucr\u00f3 en los procedimientos para designar y pagar a los bancos que intervinieron en la colocaci\u00f3n de los t\u00edtulos de deuda p\u00fablica emitidos por el Estado argentino. Uno de ellos fue el Deutsche Bank, su antiguo empleador con el que lo un\u00edan acciones y un plan de pago.<\/p>\n\n\n\n<p>La ley de \u00c9tica P\u00fablica (25.188) establece que un funcionario est\u00e1 obligado a abstenerse de tomar intervenci\u00f3n en tr\u00e1mites que involucren a personas y asuntos con los que tuvo alg\u00fan tipo de vinculaci\u00f3n en los tres a\u00f1os inmediatamente anteriores.<\/p>\n\n\n\n<p>Fuente: Minutouno<\/p>\n","protected":false},"excerpt":{"rendered":"<div class=\"mh-excerpt\"><p>La Oficina del Presidente Electo&nbsp;Javier Milei&nbsp;confirm\u00f3 este mi\u00e9rcoles que&nbsp;Santiago Bausili&nbsp;ser\u00e1 el presidente del Banco Central de la Rep\u00fablica Argentina (BCRA) a partir del pr\u00f3ximo domingo. Bausili es socio de el designado ministro de Econom\u00eda,&nbsp;Luis &#8220;Toto&#8221; Caputo&nbsp;en la consultora Anker y tiene una amplia experiencia trabajando en la banca privada donde se desempe\u00f1\u00f3 a lo largo de nueve a\u00f1os en el Deutsche Bank (DB). Antes. Antes hab\u00eda estado once a\u00f1os en JP Morgan. Durante el gobierno de&nbsp;Mauricio Macri&nbsp;estuvo al frente de la Secretar\u00eda de Finanzas y fue procesado por la justicia por incurrir en negociaciones incompatibles con la funci\u00f3n p\u00fablica. Hombre <a class=\"mh-excerpt-more\" href=\"http:\/\/dsrmedios.com.ar\/diario\/archivos\/42062\" title=\"Santiago Bausili ser\u00e1 el presidente del Banco Central de Javier Milei\">[Leer m\u00e1s]<\/a><\/p>\n<\/div>","protected":false},"author":8,"featured_media":42063,"comment_status":"open","ping_status":"closed","sticky":false,"template":"","format":"standard","meta":{"_jetpack_newsletter_access":""},"categories":[6],"tags":[],"jetpack_featured_media_url":"http:\/\/dsrmedios.com.ar\/diario\/wp-content\/uploads\/2023\/12\/sm-1.webp","jetpack_sharing_enabled":true,"jetpack_shortlink":"https:\/\/wp.me\/p9fihK-aWq","_links":{"self":[{"href":"http:\/\/dsrmedios.com.ar\/diario\/wp-json\/wp\/v2\/posts\/42062"}],"collection":[{"href":"http:\/\/dsrmedios.com.ar\/diario\/wp-json\/wp\/v2\/posts"}],"about":[{"href":"http:\/\/dsrmedios.com.ar\/diario\/wp-json\/wp\/v2\/types\/post"}],"author":[{"embeddable":true,"href":"http:\/\/dsrmedios.com.ar\/diario\/wp-json\/wp\/v2\/users\/8"}],"replies":[{"embeddable":true,"href":"http:\/\/dsrmedios.com.ar\/diario\/wp-json\/wp\/v2\/comments?post=42062"}],"version-history":[{"count":1,"href":"http:\/\/dsrmedios.com.ar\/diario\/wp-json\/wp\/v2\/posts\/42062\/revisions"}],"predecessor-version":[{"id":42064,"href":"http:\/\/dsrmedios.com.ar\/diario\/wp-json\/wp\/v2\/posts\/42062\/revisions\/42064"}],"wp:featuredmedia":[{"embeddable":true,"href":"http:\/\/dsrmedios.com.ar\/diario\/wp-json\/wp\/v2\/media\/42063"}],"wp:attachment":[{"href":"http:\/\/dsrmedios.com.ar\/diario\/wp-json\/wp\/v2\/media?parent=42062"}],"wp:term":[{"taxonomy":"category","embeddable":true,"href":"http:\/\/dsrmedios.com.ar\/diario\/wp-json\/wp\/v2\/categories?post=42062"},{"taxonomy":"post_tag","embeddable":true,"href":"http:\/\/dsrmedios.com.ar\/diario\/wp-json\/wp\/v2\/tags?post=42062"}],"curies":[{"name":"wp","href":"https:\/\/api.w.org\/{rel}","templated":true}]}}