{"id":42059,"date":"2023-12-06T13:48:40","date_gmt":"2023-12-06T16:48:40","guid":{"rendered":"http:\/\/dsrmedios.com.ar\/diario\/?p=42059"},"modified":"2023-12-06T13:48:42","modified_gmt":"2023-12-06T16:48:42","slug":"milei-evalua-anular-el-decreto-de-macri-que-prohibe-nombrar-familiares-para-que-karina-asuma-como-secretaria","status":"publish","type":"post","link":"http:\/\/dsrmedios.com.ar\/diario\/archivos\/42059","title":{"rendered":"Milei eval\u00faa anular el decreto de Macri que proh\u00edbe nombrar familiares para que Karina asuma como secretaria"},"content":{"rendered":"\n<p><a href=\"https:\/\/tn.com.ar\/politica\/2023\/12\/06\/cuales-son-las-trabas-legales-que-tiene-milei-para-sumar-a-su-hermana-karina-y-a-rodolfo-barra-en-el-gabinete\/\" target=\"_blank\" rel=\"noreferrer noopener\"><strong>Javier Milei<\/strong><\/a><strong>&nbsp;baraja anular el decreto 98\/2018 de&nbsp;<\/strong><a href=\"https:\/\/tn.com.ar\/politica\/2023\/12\/05\/macri-acuso-a-la-cgt-de-ser-complice-del-gobierno-k-nunca-fue-su-intencion-defender-a-los-trabajadores\/\" target=\"_blank\" rel=\"noreferrer noopener\"><strong>Mauricio Macri<\/strong><\/a><strong>&nbsp;que proh\u00edbe nombrar familiares<\/strong>&nbsp;para avanzar con la designaci\u00f3n de su hermana, \u201cEl jefe\u201d,&nbsp;<a href=\"https:\/\/tn.com.ar\/politica\/2023\/11\/19\/quien-es-karina-milei-sosten-y-guia-espiritual-del-presidente-electo-javier-milei\/\" target=\"_blank\" rel=\"noreferrer noopener\">Karina Milei<\/a>&nbsp;como secretaria general de Presidencia.<\/p>\n\n\n\n<p><strong>Desde La Libertad Avanza le expresaron a TN que es muy probable que el presidente electo la incluya en el Gobierno<\/strong>\u00a0de manera oficial y descartaron la opci\u00f3n de que lo asesore de forma externa.<\/p>\n\n\n\n<p>La normativa actual indica que \u201c<strong>no podr\u00e1n efectuarse designaciones de personas<\/strong>, bajo cualquier modalidad, en todo el Sector P\u00fablico Nacional,&nbsp;<strong>que tengan alg\u00fan v\u00ednculo de parentesco tanto en l\u00ednea recta como en l\u00ednea colateral hasta el segundo grado\u201d.<\/strong><\/p>\n\n\n\n<p>En ese sentido, aclara que aplica para \u201c<strong>el Presidente y Vicepresidente de la Naci\u00f3n, Jefe de Gabinete de Ministros, Ministros y dem\u00e1s funcionarios con rango y jerarqu\u00eda de Ministro<\/strong>. Quedan incluidos el c\u00f3nyuge y la Uni\u00f3n Convivencial\u201d.<\/p>\n\n\n\n<figure class=\"wp-block-image\"><img decoding=\"async\" src=\"https:\/\/tn.com.ar\/resizer\/buOFTj8NZyX_Duqcj3jPd_5-s1Y=\/767x0\/smart\/filters:format(webp)\/cloudfront-us-east-1.images.arcpublishing.com\/artear\/SHIG3CGG65DSNJQAXEULXEH3TY.jpg\" alt=\"Javier Milei junto a su hermana, Karina Milei (Foto: TN). \"\/><figcaption class=\"wp-element-caption\">Javier Milei junto a su hermana, Karina Milei (Foto: TN).<\/figcaption><\/figure>\n\n\n\n<p>El decreto&nbsp;<strong>surgi\u00f3 como una respuesta de Macri ante el esc\u00e1ndalo del exministro de Trabajo Jorge Triaca tras la designaci\u00f3n de familiares<\/strong>&nbsp;en el Gobierno. Su hermana Mariana estaba en el directorio del Banco Naci\u00f3n y su esposa, Mar\u00eda&nbsp;<strong>Cecilia Loccisano<\/strong>, era subsecretaria de Coordinaci\u00f3n Administrativa.<\/p>\n\n\n\n<p>Al respecto, el abogado constitucionalista y director del Observatorio de la Calidad Institucional (OCI) de la Universidad Austral,\u00a0<strong>Marcelo Bermolen<\/strong>, le se\u00f1al\u00f3 a\u00a0<strong>TN\u00a0<\/strong>que\u00a0<strong>no se trata de un decreto contra el nepotismo que cumpla las variables globales comunes<\/strong>.<\/p>\n\n\n\n<p>\u201c<strong>Es muy limitado. Las leyes que se aplican en el mundo de este estilo suelen abarcar hasta el cuarto grado de relaci\u00f3n o parentesco.<\/strong>&nbsp;Actualmente, s\u00f3lo aplica para 20 funcionarios\u201d, expres\u00f3.<\/p>\n\n\n\n<p>\u201cAdem\u00e1s, Alberto Fern\u00e1ndez hab\u00eda propuesto derogarla y no s\u00f3lo no lo hizo, sino que no la cumpli\u00f3. Hubo varios de sus funcionarios que nombraron familiares en sus ministerios. Es as\u00ed que Milei tambi\u00e9n podr\u00eda no derogar el decreto y nombrarla. Es una p\u00e9rdida a dos puntas\u201d, ampli\u00f3.<\/p>\n\n\n\n<figure class=\"wp-block-image\"><img decoding=\"async\" src=\"https:\/\/tn.com.ar\/resizer\/_1i1c_lKthFRzdlIHPuSVHjGOHY=\/767x0\/smart\/filters:format(webp)\/cloudfront-us-east-1.images.arcpublishing.com\/artear\/WLT7CAGNBZDSHMDFRLA5RJ2VEQ.jpg\" alt=\"Surgen trabas legales para que Javier Milei nombre a Karina Milei y a Rodolfo Barra en el gabinete (Foto: NA).\"\/><figcaption class=\"wp-element-caption\">Surgen trabas legales para que Javier Milei nombre a Karina Milei y a Rodolfo Barra en el gabinete (Foto: NA).<\/figcaption><\/figure>\n\n\n\n<p>Sobre la&nbsp;<strong>legislaci\u00f3n que impide que el libertario nombre al exministro de la Corte Suprema Rodolfo Barra en la Procuraci\u00f3n General del Tesoro por tener 75 a\u00f1os<\/strong>, desde La Libertad Avanza expresaron que no tienen decidido c\u00f3mo accionar.<\/p>\n\n\n\n<p>La ley 18.777 determina: \u201c<strong>El Procurador del Tesoro de la Naci\u00f3n deber\u00e1 ser ciudadano argentino, no menor de treinta ni mayor de setenta a\u00f1os<\/strong>, abogado con el t\u00edtulo habilitante expedido o revalidado por Universidad Argentina y contar por lo menos con ocho a\u00f1os de antig\u00fcedad en la profesi\u00f3n\u201d.<\/p>\n\n\n\n<p>En ese sentido, Bermol\u00e9n destac\u00f3 que Milei&nbsp;<strong>podr\u00eda habilitar la designaci\u00f3n del exministro de Justicia de Carlos Menem mediante un decreto especial<\/strong>&nbsp;que lo except\u00fae de la legislaci\u00f3n actual.<\/p>\n\n\n\n<p>De esa forma, el presidente electo\u00a0<strong>deber\u00eda detallar en el documento los argumentos que impliquen la necesidad del nombramiento de Barras<\/strong>.<\/p>\n\n\n\n<p>Fuente: TN<\/p>\n","protected":false},"excerpt":{"rendered":"<div class=\"mh-excerpt\"><p>Javier Milei&nbsp;baraja anular el decreto 98\/2018 de&nbsp;Mauricio Macri&nbsp;que proh\u00edbe nombrar familiares&nbsp;para avanzar con la designaci\u00f3n de su hermana, \u201cEl jefe\u201d,&nbsp;Karina Milei&nbsp;como secretaria general de Presidencia. Desde La Libertad Avanza le expresaron a TN que es muy probable que el presidente electo la incluya en el Gobierno\u00a0de manera oficial y descartaron la opci\u00f3n de que lo asesore de forma externa. La normativa actual indica que \u201cno podr\u00e1n efectuarse designaciones de personas, bajo cualquier modalidad, en todo el Sector P\u00fablico Nacional,&nbsp;que tengan alg\u00fan v\u00ednculo de parentesco tanto en l\u00ednea recta como en l\u00ednea colateral hasta el segundo grado\u201d. En ese sentido, aclara <a class=\"mh-excerpt-more\" href=\"http:\/\/dsrmedios.com.ar\/diario\/archivos\/42059\" title=\"Milei eval\u00faa anular el decreto de Macri que proh\u00edbe nombrar familiares para que Karina asuma como secretaria\">[Leer m\u00e1s]<\/a><\/p>\n<\/div>","protected":false},"author":8,"featured_media":32063,"comment_status":"open","ping_status":"closed","sticky":false,"template":"","format":"standard","meta":{"_jetpack_newsletter_access":""},"categories":[6],"tags":[],"jetpack_featured_media_url":"http:\/\/dsrmedios.com.ar\/diario\/wp-content\/uploads\/2023\/04\/javier-mileijpg-1.jpg","jetpack_sharing_enabled":true,"jetpack_shortlink":"https:\/\/wp.me\/p9fihK-aWn","_links":{"self":[{"href":"http:\/\/dsrmedios.com.ar\/diario\/wp-json\/wp\/v2\/posts\/42059"}],"collection":[{"href":"http:\/\/dsrmedios.com.ar\/diario\/wp-json\/wp\/v2\/posts"}],"about":[{"href":"http:\/\/dsrmedios.com.ar\/diario\/wp-json\/wp\/v2\/types\/post"}],"author":[{"embeddable":true,"href":"http:\/\/dsrmedios.com.ar\/diario\/wp-json\/wp\/v2\/users\/8"}],"replies":[{"embeddable":true,"href":"http:\/\/dsrmedios.com.ar\/diario\/wp-json\/wp\/v2\/comments?post=42059"}],"version-history":[{"count":1,"href":"http:\/\/dsrmedios.com.ar\/diario\/wp-json\/wp\/v2\/posts\/42059\/revisions"}],"predecessor-version":[{"id":42080,"href":"http:\/\/dsrmedios.com.ar\/diario\/wp-json\/wp\/v2\/posts\/42059\/revisions\/42080"}],"wp:featuredmedia":[{"embeddable":true,"href":"http:\/\/dsrmedios.com.ar\/diario\/wp-json\/wp\/v2\/media\/32063"}],"wp:attachment":[{"href":"http:\/\/dsrmedios.com.ar\/diario\/wp-json\/wp\/v2\/media?parent=42059"}],"wp:term":[{"taxonomy":"category","embeddable":true,"href":"http:\/\/dsrmedios.com.ar\/diario\/wp-json\/wp\/v2\/categories?post=42059"},{"taxonomy":"post_tag","embeddable":true,"href":"http:\/\/dsrmedios.com.ar\/diario\/wp-json\/wp\/v2\/tags?post=42059"}],"curies":[{"name":"wp","href":"https:\/\/api.w.org\/{rel}","templated":true}]}}