{"id":42007,"date":"2023-12-04T17:41:27","date_gmt":"2023-12-04T20:41:27","guid":{"rendered":"http:\/\/dsrmedios.com.ar\/diario\/?p=42007"},"modified":"2023-12-04T17:41:30","modified_gmt":"2023-12-04T20:41:30","slug":"argentina-rechazo-un-acuerdo-politico-entre-lula-da-silva-y-pedro-sanchez-que-reformaba-el-tratado-mercosur-union-europea","status":"publish","type":"post","link":"http:\/\/dsrmedios.com.ar\/diario\/archivos\/42007","title":{"rendered":"Argentina rechaz\u00f3 un acuerdo pol\u00edtico entre Lula Da Silva y Pedro S\u00e1nchez que reformaba el tratado Mercosur-Uni\u00f3n Europea"},"content":{"rendered":"\n<p><strong>Pedro S\u00e1nchez llam\u00f3 desde el Palacio de la Moncloa a la Quinta de Olivos como \u00faltimo recurso diplom\u00e1tico:<\/strong>&nbsp;le pidi\u00f3 a Alberto Fern\u00e1ndez que respaldara una&nbsp;<em>side letter<\/em>&nbsp;(adenda) al acuerdo Mercosur-Uni\u00f3n Europea (UE) que hab\u00eda negociado con Lula Da Silva. El presidente rechaz\u00f3 la propuesta del jefe de Gobierno de Espa\u00f1a frente al impacto negativo que ese cap\u00edtulo extra del tratado internacional pod\u00eda causar a la industria, la producci\u00f3n agropecuaria y las exportaciones de la Argentina.&nbsp;<strong>S\u00e1nchez no estaba de buen humor cuando termin\u00f3 su llamada con Alberto Fern\u00e1ndez.<\/strong><\/p>\n\n\n\n<p>El 7 de diciembre, Lula Da Silva debe traspasar la Presidencia Pro Tempore del Mercosur a Paraguay. Y unas semanas m\u00e1s tarde, Pedro S\u00e1nchez entrega la Presidencia Pro Tempore de la Uni\u00f3n Europea (UE) a Francia. En este contexto, Da Silva y S\u00e1nchez imaginaron la firma de la&nbsp;<em>side letter<\/em>&nbsp;del acuerdo bilateral como&nbsp;<strong>\u201cun relanzamiento\u201d de la alianza geopol\u00edtica que se macera desde hace m\u00e1s de treinta a\u00f1os.<\/strong><\/p>\n\n\n\n<p>S\u00e1nchez llegar\u00eda el 7 de diciembre a R\u00edo de Janeiro como titular de la UE, y Da Silva lo recibir\u00eda -a\u00fan- como presidente del Mercosur. Los dos posar\u00edan para los fot\u00f3grafos anunciando que -por fin- el tratado internacional se pone en marcha, capitalizando una adenda que&nbsp;<strong>pon\u00eda a la Argentina en una situaci\u00f3n econ\u00f3mica de extrema debilidad.<\/strong><\/p>\n\n\n\n<p>El acuerdo Mercosur-UE est\u00e1 vigente,\u00a0<strong>pero en el caso regional necesita la ratificaci\u00f3n de los parlamentos de Argentina, Brasil, Paraguay y Uruguay.<\/strong>\u00a0Este convenio era una respuesta geopol\u00edtica a la iniciativa de los Estados Unidos que propon\u00eda tratados de libre comercio en Am\u00e9rica Latina (TLC), cuando todav\u00eda China e India no ten\u00edan suficiente volumen comercial para implicar un balance de poder a los intereses globales de la Casa Blanca.<\/p>\n\n\n\n<p><strong>El tratado avalado por Mauricio Macri y Jair Bolsonaro coloca al pa\u00eds en una situaci\u00f3n asim\u00e9trica<\/strong>&nbsp;ante los pa\u00edses m\u00e1s influyentes de Europa -Francia y Alemania-, no afecta la econom\u00eda real de Brasil, y concedi\u00f3 argumentos pol\u00edticos a Uruguay y Paraguay, que hace tiempo intentan abrir su comercio internacional por afuera del Mercosur.<\/p>\n\n\n\n<p><img decoding=\"async\" loading=\"lazy\" alt=\"Lula da Silva saluda a la presidenta de la Comisi\u00f3n Europea, Ursula von der Leyen, durante  su \u00faltimo encuentro en Bruselas\" height=\"533\" width=\"800\" src=\"https:\/\/www.infobae.com\/new-resizer\/QPJHXhofkQtOedQsxuXVk53JKlM=\/420x280\/filters:format(webp):quality(85)\/cloudfront-us-east-1.images.arcpublishing.com\/infobae\/ERPPVH3WXH2YQC4OCWS4ZMJTXY.jpg%20420w\" srcset=\"https:\/\/www.infobae.com\/new-resizer\/QPJHXhofkQtOedQsxuXVk53JKlM=\/420x280\/filters:format(webp):quality(85)\/cloudfront-us-east-1.images.arcpublishing.com\/infobae\/ERPPVH3WXH2YQC4OCWS4ZMJTXY.jpg 420w,https:\/\/www.infobae.com\/new-resizer\/DBWW8U7ra3Cmo_y07hV5JfX0E84=\/768x512\/filters:format(webp):quality(85)\/cloudfront-us-east-1.images.arcpublishing.com\/infobae\/ERPPVH3WXH2YQC4OCWS4ZMJTXY.jpg 768w,https:\/\/www.infobae.com\/new-resizer\/8nPoIm-tO5Ws8rr2-3yiulJqNY4=\/992x661\/filters:format(webp):quality(85)\/cloudfront-us-east-1.images.arcpublishing.com\/infobae\/ERPPVH3WXH2YQC4OCWS4ZMJTXY.jpg 992w,https:\/\/www.infobae.com\/new-resizer\/AbjueuxZfJyzYKFETzRFbf1E_lo=\/1200x800\/filters:format(webp):quality(85)\/cloudfront-us-east-1.images.arcpublishing.com\/infobae\/ERPPVH3WXH2YQC4OCWS4ZMJTXY.jpg 1200w,https:\/\/www.infobae.com\/new-resizer\/G0fbPE0TaE07_2hrsDH0KLT7OzA=\/1440x960\/filters:format(webp):quality(85)\/cloudfront-us-east-1.images.arcpublishing.com\/infobae\/ERPPVH3WXH2YQC4OCWS4ZMJTXY.jpg 1440w\">Lula da Silva saluda a la presidenta de la Comisi\u00f3n Europea, Ursula von der Leyen, durante su \u00faltimo encuentro en Bruselas<\/p>\n\n\n\n<p>Con el correr de los a\u00f1os, China e India se transformaron en jugadores globales, y una alianza regional con el Partido Verde puso al frente de la Comisi\u00f3n Europea a Ursula von der Leyen, que se comprometi\u00f3 a aprobar una agenda vinculada al cambio clim\u00e1tico. Esa Agenda Verde<em>\u00a0-Green New Deal-<\/em>\u00a0profundiz\u00f3 las asimetr\u00edas entre el Mercosur y la UE,\u00a0<strong>y abri\u00f3 una nueva negociaci\u00f3n para lograr que el acuerdo -por fin- se pusiera en marcha.<\/strong><\/p>\n\n\n\n<p>Da Silva y S\u00e1nchez empujaron una&nbsp;<em>side letter<\/em>&nbsp;que deb\u00eda ser aprobada en la cumbre del 7 de diciembre en R\u00edo de Janeiro. Cada uno de los pa\u00edses expuso su perspectiva, y de nuevo se repiti\u00f3 una l\u00f3gica ya conocida en el siglo XX: Francia, Irlanda y Polonia no cedieron en la producci\u00f3n agropecuaria,&nbsp;<strong>Argentina consider\u00f3 que su industria automotriz y sus exportaciones de biodiesel corren peligro<\/strong>, y Uruguay y Paraguay aprovecharon la coyuntura para empujar tratados de libre comercio con China, India y Australia.<\/p>\n\n\n\n<p><strong>Si Alberto Fern\u00e1ndez aceptaba los argumentos de S\u00e1nchez,<\/strong>&nbsp;Argentina hubiera perdido su exportaci\u00f3n de biodiesel de soja por 1.800 millones de d\u00f3lares al a\u00f1o, ced\u00eda vol\u00famenes de la industria automotriz local a Francia y Alemania, y habr\u00eda recibido escasos fondos de la ayuda europea contra el cambio clim\u00e1tico.<\/p>\n\n\n\n<p>Con el rechazo presidencial a la adenda definida por Da Silva y S\u00e1nchez, el canciller Santiago Cafiero se comunic\u00f3 con Valdis Dombrovskis, vicepresidente de la Comisi\u00f3n Europea,&nbsp;<strong>para anunciarle que no hab\u00eda acuerdo entre bloques.<\/strong>&nbsp;Cafiero tambi\u00e9n habl\u00f3 con los representantes diplom\u00e1ticos de Brasil y ratific\u00f3 la posici\u00f3n del gobierno argentino.<\/p>\n\n\n\n<p><img decoding=\"async\" loading=\"lazy\" alt=\"Presidente electo Javier Milei junto a la designada canciller Diana Mondino\" height=\"1080\" width=\"1920\" src=\"https:\/\/www.infobae.com\/new-resizer\/Aokx5LwtG4tOi6cTp88MYSfYNO0=\/420x236\/filters:format(webp):quality(85)\/cloudfront-us-east-1.images.arcpublishing.com\/infobae\/VZO6WQ2VPFBXJOPE7JN7KMXTMI.jpg%20420w\" srcset=\"https:\/\/www.infobae.com\/new-resizer\/Aokx5LwtG4tOi6cTp88MYSfYNO0=\/420x236\/filters:format(webp):quality(85)\/cloudfront-us-east-1.images.arcpublishing.com\/infobae\/VZO6WQ2VPFBXJOPE7JN7KMXTMI.jpg 420w,https:\/\/www.infobae.com\/new-resizer\/DVcY2Fg0U4TEuCIH0FGknNV4DTE=\/768x432\/filters:format(webp):quality(85)\/cloudfront-us-east-1.images.arcpublishing.com\/infobae\/VZO6WQ2VPFBXJOPE7JN7KMXTMI.jpg 768w,https:\/\/www.infobae.com\/new-resizer\/DyRMS5z7Li011P09tWI4iTo00yM=\/992x558\/filters:format(webp):quality(85)\/cloudfront-us-east-1.images.arcpublishing.com\/infobae\/VZO6WQ2VPFBXJOPE7JN7KMXTMI.jpg 992w,https:\/\/www.infobae.com\/new-resizer\/d_GlotKv2oEuZcP7PfV8diCwLG0=\/1200x675\/filters:format(webp):quality(85)\/cloudfront-us-east-1.images.arcpublishing.com\/infobae\/VZO6WQ2VPFBXJOPE7JN7KMXTMI.jpg 1200w,https:\/\/www.infobae.com\/new-resizer\/XL3mBPoXftgyD0XWPlaeLziDLzw=\/1440x810\/filters:format(webp):quality(85)\/cloudfront-us-east-1.images.arcpublishing.com\/infobae\/VZO6WQ2VPFBXJOPE7JN7KMXTMI.jpg 1440w\">Presidente electo Javier Milei junto a la designada canciller Diana Mondino<\/p>\n\n\n\n<p>A partir de 2024,&nbsp;<strong>la negociaci\u00f3n tendr\u00e1 nuevos protagonistas en ambos lados de la mesa.<\/strong>&nbsp;Javier Milei suceder\u00e1 a Alberto Fern\u00e1ndez en la Argentina, mientras que Emmanuel Macron reemplazar\u00e1 a Pedro S\u00e1nchez en la Presidencia Pro Tempore de la UE.<\/p>\n\n\n\n<p><strong>\u201cEl mundo no se acaba el 7 de diciembre. Si no se llega a un acuerdo para entonces, seguiremos negociando\u201d<\/strong>, dijo Mondino en una entrevista con Reuters.<\/p>\n\n\n\n<p>La ideolog\u00eda de Milei y los intereses electorales de Macron permiten pronosticar el futuro del acuerdo: ambos se encontrar\u00e1n en Par\u00eds o Buenos Aires, declarar\u00e1n sus buenas intenciones,\u00a0<strong>y al final todo quedar\u00e1 como hasta ahora.<\/strong><\/p>\n\n\n\n<p>Fuente: infobae<\/p>\n","protected":false},"excerpt":{"rendered":"<div class=\"mh-excerpt\"><p>Pedro S\u00e1nchez llam\u00f3 desde el Palacio de la Moncloa a la Quinta de Olivos como \u00faltimo recurso diplom\u00e1tico:&nbsp;le pidi\u00f3 a Alberto Fern\u00e1ndez que respaldara una&nbsp;side letter&nbsp;(adenda) al acuerdo Mercosur-Uni\u00f3n Europea (UE) que hab\u00eda negociado con Lula Da Silva. El presidente rechaz\u00f3 la propuesta del jefe de Gobierno de Espa\u00f1a frente al impacto negativo que ese cap\u00edtulo extra del tratado internacional pod\u00eda causar a la industria, la producci\u00f3n agropecuaria y las exportaciones de la Argentina.&nbsp;S\u00e1nchez no estaba de buen humor cuando termin\u00f3 su llamada con Alberto Fern\u00e1ndez. El 7 de diciembre, Lula Da Silva debe traspasar la Presidencia Pro Tempore del <a class=\"mh-excerpt-more\" href=\"http:\/\/dsrmedios.com.ar\/diario\/archivos\/42007\" title=\"Argentina rechaz\u00f3 un acuerdo pol\u00edtico entre Lula Da Silva y Pedro S\u00e1nchez que reformaba el tratado Mercosur-Uni\u00f3n Europea\">[Leer m\u00e1s]<\/a><\/p>\n<\/div>","protected":false},"author":8,"featured_media":42015,"comment_status":"open","ping_status":"closed","sticky":false,"template":"","format":"standard","meta":{"_jetpack_newsletter_access":""},"categories":[6],"tags":[],"jetpack_featured_media_url":"http:\/\/dsrmedios.com.ar\/diario\/wp-content\/uploads\/2023\/12\/5KALVANJFNCZ7I5GKNIMQ7K5ZI.jpg","jetpack_sharing_enabled":true,"jetpack_shortlink":"https:\/\/wp.me\/p9fihK-aVx","_links":{"self":[{"href":"http:\/\/dsrmedios.com.ar\/diario\/wp-json\/wp\/v2\/posts\/42007"}],"collection":[{"href":"http:\/\/dsrmedios.com.ar\/diario\/wp-json\/wp\/v2\/posts"}],"about":[{"href":"http:\/\/dsrmedios.com.ar\/diario\/wp-json\/wp\/v2\/types\/post"}],"author":[{"embeddable":true,"href":"http:\/\/dsrmedios.com.ar\/diario\/wp-json\/wp\/v2\/users\/8"}],"replies":[{"embeddable":true,"href":"http:\/\/dsrmedios.com.ar\/diario\/wp-json\/wp\/v2\/comments?post=42007"}],"version-history":[{"count":1,"href":"http:\/\/dsrmedios.com.ar\/diario\/wp-json\/wp\/v2\/posts\/42007\/revisions"}],"predecessor-version":[{"id":42016,"href":"http:\/\/dsrmedios.com.ar\/diario\/wp-json\/wp\/v2\/posts\/42007\/revisions\/42016"}],"wp:featuredmedia":[{"embeddable":true,"href":"http:\/\/dsrmedios.com.ar\/diario\/wp-json\/wp\/v2\/media\/42015"}],"wp:attachment":[{"href":"http:\/\/dsrmedios.com.ar\/diario\/wp-json\/wp\/v2\/media?parent=42007"}],"wp:term":[{"taxonomy":"category","embeddable":true,"href":"http:\/\/dsrmedios.com.ar\/diario\/wp-json\/wp\/v2\/categories?post=42007"},{"taxonomy":"post_tag","embeddable":true,"href":"http:\/\/dsrmedios.com.ar\/diario\/wp-json\/wp\/v2\/tags?post=42007"}],"curies":[{"name":"wp","href":"https:\/\/api.w.org\/{rel}","templated":true}]}}