{"id":42001,"date":"2023-12-04T16:01:56","date_gmt":"2023-12-04T19:01:56","guid":{"rendered":"http:\/\/dsrmedios.com.ar\/diario\/?p=42001"},"modified":"2023-12-04T16:02:04","modified_gmt":"2023-12-04T19:02:04","slug":"el-regimen-de-nicaragua-retiro-a-su-embajador-en-argentina-por-la-llegada-de-javier-milei-al-poder","status":"publish","type":"post","link":"http:\/\/dsrmedios.com.ar\/diario\/archivos\/42001","title":{"rendered":"El r\u00e9gimen de Nicaragua retir\u00f3 a su embajador en Argentina por la llegada de Javier Milei al poder"},"content":{"rendered":"\n<p>El r\u00e9gimen de\u00a0<strong>Nicaragua\u00a0<\/strong>anunci\u00f3 este lunes el\u00a0<strong>retiro de su embajador en Argentina<\/strong>, Carlos Midence, ante \u201creiteradas declaraciones\u201d contra el gobierno de Daniel Ortega por parte del presidente electo argentino, Javier Milei.<\/p>\n\n\n\n<p>\u201c<strong>Frente a reiteradas declaraciones y expresiones de los nuevos gobernantes<\/strong>, el Gobierno (&#8230;) ha procedido a&nbsp;<strong>retirar a su Embajador<\/strong>, compa\u00f1ero escritor y comunic\u00f3logo, Carlos Midence\u201d, dijo el canciller nicarag\u00fcense, Denis Moncada, en un breve comunicado divulgado por medios gubernamentales de Managua.<\/p>\n\n\n\n<p>\u201c<strong>El retiro se hace efectivo de forma inmediata<\/strong>\u201d, antes de que asuma el nuevo mandatario ultraliberal argentino, el 10 de diciembre.<\/p>\n\n\n\n<p>Funcionarios designados por Milei han sostenido que excluyeron en las invitaciones para la ceremonia de toma de posesi\u00f3n a Ortega, as\u00ed como a los l\u00edderes de Cuba, Venezuela e Ir\u00e1n.<\/p>\n\n\n\n<p>Milei adem\u00e1s ha dicho que&nbsp;<strong>no promover\u00e1<\/strong>&nbsp;\u201clas&nbsp;<strong>relaciones con comunistas<\/strong>, ni con Cuba, ni con Venezuela ni con Corea del Norte ni con Nicaragua ni con China\u201d.<\/p>\n\n\n\n<p>La Oficina del presidente electo no invit\u00f3 al acto oficial de investidura del domingo a Ortega, Miguel D\u00edaz-Canel (Cuba), Nicol\u00e1s Maduro (Venezuela) e Ebrahim Raisi (Ir\u00e1n), para evitar tener que saludar y compartir foto con gobernantes que violan sistem\u00e1ticamente los derechos humanos en sus pa\u00edses y apoyan a organizaciones terroristas como Hamas y Hezbollah.<\/p>\n\n\n\n<p><\/p>\n\n\n\n<p>Estados Unidos y la Uni\u00f3n Europea mantienen sanciones contra el r\u00e9gimen de Managua, que ha cerrado m\u00e1s de 3.000 asociaciones, ONG y sindicatos tras las protestas de 2018. Cientos de cr\u00edticos han sido detenidos, entre ellos varios aspirantes a desafiar a Ortega de cara a las elecciones presidenciales de 2021.<\/p>\n\n\n\n<p>El pasado 20 de noviembre, Nicaragua felicit\u00f3 por su triunfo a Milei, y al pueblo argentino \u201cpor su ejemplar y pac\u00edfica jornada electoral\u201d, traslad\u00e1ndoles \u201cdeseos de bienestar\u201d. En ese mensaje, suscrito por Ortega y su esposa, la vicepresidenta Rosario Murillo, la pareja presidencial aseguraron ser \u201cdefensores de los principios de no intervenci\u00f3n, respeto a la soberan\u00eda y autodeterminaci\u00f3n de los pueblos\u201d.<\/p>\n\n\n\n<p>El exembajador de Nicaragua ante la OEA Arturo McFields, quien se rebel\u00f3 contra el r\u00e9gimen de Ortega con un duro e inesperado alegato en el que denunci\u00f3 la \u201cdictadura\u201d de su pa\u00eds y exigi\u00f3 la liberaci\u00f3n de los presos pol\u00edticos, hab\u00eda dicho que con el triunfo de Milei \u201cse rompe el poderoso bloque de izquierda latinoamericano\u201d y es \u201cun golpe para las dictaduras criminales de Cuba, Nicaragua y Venezuela\u201d.<\/p>\n\n\n\n<p>Milei ser\u00e1 el presidente de Argentina a partir del pr\u00f3ximo domingo, que coincide con el D\u00eda Internacional de los Derechos Humanos, tras derrotar al oficialista Sergio Massa.<\/p>\n\n\n\n<p>Fuente: infobae<\/p>\n","protected":false},"excerpt":{"rendered":"<div class=\"mh-excerpt\"><p>El r\u00e9gimen de\u00a0Nicaragua\u00a0anunci\u00f3 este lunes el\u00a0retiro de su embajador en Argentina, Carlos Midence, ante \u201creiteradas declaraciones\u201d contra el gobierno de Daniel Ortega por parte del presidente electo argentino, Javier Milei. \u201cFrente a reiteradas declaraciones y expresiones de los nuevos gobernantes, el Gobierno (&#8230;) ha procedido a&nbsp;retirar a su Embajador, compa\u00f1ero escritor y comunic\u00f3logo, Carlos Midence\u201d, dijo el canciller nicarag\u00fcense, Denis Moncada, en un breve comunicado divulgado por medios gubernamentales de Managua. \u201cEl retiro se hace efectivo de forma inmediata\u201d, antes de que asuma el nuevo mandatario ultraliberal argentino, el 10 de diciembre. Funcionarios designados por Milei han sostenido que excluyeron <a class=\"mh-excerpt-more\" href=\"http:\/\/dsrmedios.com.ar\/diario\/archivos\/42001\" title=\"El r\u00e9gimen de Nicaragua retir\u00f3 a su embajador en Argentina por la llegada de Javier Milei al poder\">[Leer m\u00e1s]<\/a><\/p>\n<\/div>","protected":false},"author":8,"featured_media":42002,"comment_status":"open","ping_status":"closed","sticky":false,"template":"","format":"standard","meta":{"_jetpack_newsletter_access":""},"categories":[6],"tags":[],"jetpack_featured_media_url":"http:\/\/dsrmedios.com.ar\/diario\/wp-content\/uploads\/2023\/12\/MEU3EAI4OZEY7E77UGQKB74X3A.jpg","jetpack_sharing_enabled":true,"jetpack_shortlink":"https:\/\/wp.me\/p9fihK-aVr","_links":{"self":[{"href":"http:\/\/dsrmedios.com.ar\/diario\/wp-json\/wp\/v2\/posts\/42001"}],"collection":[{"href":"http:\/\/dsrmedios.com.ar\/diario\/wp-json\/wp\/v2\/posts"}],"about":[{"href":"http:\/\/dsrmedios.com.ar\/diario\/wp-json\/wp\/v2\/types\/post"}],"author":[{"embeddable":true,"href":"http:\/\/dsrmedios.com.ar\/diario\/wp-json\/wp\/v2\/users\/8"}],"replies":[{"embeddable":true,"href":"http:\/\/dsrmedios.com.ar\/diario\/wp-json\/wp\/v2\/comments?post=42001"}],"version-history":[{"count":1,"href":"http:\/\/dsrmedios.com.ar\/diario\/wp-json\/wp\/v2\/posts\/42001\/revisions"}],"predecessor-version":[{"id":42003,"href":"http:\/\/dsrmedios.com.ar\/diario\/wp-json\/wp\/v2\/posts\/42001\/revisions\/42003"}],"wp:featuredmedia":[{"embeddable":true,"href":"http:\/\/dsrmedios.com.ar\/diario\/wp-json\/wp\/v2\/media\/42002"}],"wp:attachment":[{"href":"http:\/\/dsrmedios.com.ar\/diario\/wp-json\/wp\/v2\/media?parent=42001"}],"wp:term":[{"taxonomy":"category","embeddable":true,"href":"http:\/\/dsrmedios.com.ar\/diario\/wp-json\/wp\/v2\/categories?post=42001"},{"taxonomy":"post_tag","embeddable":true,"href":"http:\/\/dsrmedios.com.ar\/diario\/wp-json\/wp\/v2\/tags?post=42001"}],"curies":[{"name":"wp","href":"https:\/\/api.w.org\/{rel}","templated":true}]}}