{"id":41999,"date":"2023-12-04T16:09:46","date_gmt":"2023-12-04T19:09:46","guid":{"rendered":"http:\/\/dsrmedios.com.ar\/diario\/?p=41999"},"modified":"2023-12-04T17:33:05","modified_gmt":"2023-12-04T20:33:05","slug":"con-la-designacion-de-luis-petri-en-defensa-javier-milei-confirmo-que-victoria-villarruel-estara-limitada-a-su-funcion-de-vicepresidente","status":"publish","type":"post","link":"http:\/\/dsrmedios.com.ar\/diario\/archivos\/41999","title":{"rendered":"Con la designaci\u00f3n de Luis Petri en Defensa, Javier Milei confirm\u00f3 que Victoria Villarruel estar\u00e1 limitada a su funci\u00f3n de Vicepresidente"},"content":{"rendered":"\n<p>Con el nombramiento del radical&nbsp;<strong>Luis Petri&nbsp;<\/strong>en Defensa se confirm\u00f3 una decisi\u00f3n pol\u00edtica de primera magnitud de<strong>&nbsp;Javier Milei&nbsp;<\/strong>antes de asumir la Presidencia de la Naci\u00f3n:&nbsp;<strong>reducir a Victoria Villarruel a cumplir el rol formal de vicepresidente<\/strong>, que establece ser&nbsp;<strong>reemplazo&nbsp;<\/strong>en caso de ausencia del primer mandatario y&nbsp;<strong>presidir las sesiones del Senado<\/strong>, o \u201ctocar la campanita\u201d<\/p>\n\n\n\n<p>Como hab\u00eda<a rel=\"noreferrer noopener\" href=\"https:\/\/www.infobae.com\/politica\/2023\/11\/26\/javier-milei-y-victoria-villarruel-un-vinculo-danado-por-la-desconfianza-y-la-sospecha-de-una-traicion\/\" target=\"_blank\">&nbsp;anticipado&nbsp;<strong>Infobae&nbsp;<\/strong><\/a>hace una semana, la relaci\u00f3n entre los integrantes de la f\u00f3rmula que gan\u00f3 la segunda vuelta con el 56% de los votos hab\u00eda pasado, sin escalas, de \u00f3ptima a p\u00e9sima. La desconfianza entre ambos se agudiz\u00f3 despu\u00e9s de que llegara a conocimiento del l\u00edder libertario que su vice hab\u00eda mantenido reuniones reservadas en las que present\u00f3 planes y eventuales colaboradores para los Ministerios de Seguridad, de Defensa y de Inteligencia, sin su aval ni conocimiento.<\/p>\n\n\n\n<p>M\u00e1s all\u00e1 de que la decisi\u00f3n de incorporar en ambas \u00e1reas a Patricia Bullrich, en Seguridad, y a Petri, en Defensa, responde a una decisi\u00f3n pol\u00edtica de sumar al Gabinete a la f\u00f3rmula que reuni\u00f3 m\u00e1s de seis millones de votos en la primera vuelta y milit\u00f3 en el balotaje por La Libertad Avanza, el resultado es una reducci\u00f3n evidente de la influencia de Villarruel.<\/p>\n\n\n\n<p><img decoding=\"async\" loading=\"lazy\" alt=\"Patricia Bullrich, en Seguridad, y Luis Petri en Defensa, son las \u00faltimas designaciones de Milei en su Gabinete   \" height=\"533\" width=\"800\" src=\"https:\/\/www.infobae.com\/new-resizer\/qqZ44Vq41dW1klRy-2vqKL2Rwr8=\/420x280\/filters:format(webp):quality(85)\/cloudfront-us-east-1.images.arcpublishing.com\/infobae\/ZZNHFQTC2RHS5LBIEXJF4G4OSY.jpg%20420w\" srcset=\"https:\/\/www.infobae.com\/new-resizer\/qqZ44Vq41dW1klRy-2vqKL2Rwr8=\/420x280\/filters:format(webp):quality(85)\/cloudfront-us-east-1.images.arcpublishing.com\/infobae\/ZZNHFQTC2RHS5LBIEXJF4G4OSY.jpg 420w,https:\/\/www.infobae.com\/new-resizer\/vET-RRD0r-d0PSujShhzEYNJKOk=\/768x512\/filters:format(webp):quality(85)\/cloudfront-us-east-1.images.arcpublishing.com\/infobae\/ZZNHFQTC2RHS5LBIEXJF4G4OSY.jpg 768w,https:\/\/www.infobae.com\/new-resizer\/f6BkjHCqItAdpRDEDOACzC0EK3Y=\/992x661\/filters:format(webp):quality(85)\/cloudfront-us-east-1.images.arcpublishing.com\/infobae\/ZZNHFQTC2RHS5LBIEXJF4G4OSY.jpg 992w,https:\/\/www.infobae.com\/new-resizer\/z2iqQTCh0I2JCMnpRYSuVXzSPZo=\/1200x800\/filters:format(webp):quality(85)\/cloudfront-us-east-1.images.arcpublishing.com\/infobae\/ZZNHFQTC2RHS5LBIEXJF4G4OSY.jpg 1200w,https:\/\/www.infobae.com\/new-resizer\/HvNt0gxPw_a7Hnx9sZJc7kuygQw=\/1440x960\/filters:format(webp):quality(85)\/cloudfront-us-east-1.images.arcpublishing.com\/infobae\/ZZNHFQTC2RHS5LBIEXJF4G4OSY.jpg 1440w\">Patricia Bullrich, en Seguridad, y Luis Petri en Defensa, son las \u00faltimas designaciones de Milei en su Gabinete<\/p>\n\n\n\n<p>La vicepresidente electa de hecho&nbsp;<strong>no sab\u00eda que Petri finalmente iba a ser elegido<\/strong>&nbsp;y tampoco fue informada de manera personal de la designaci\u00f3n.&nbsp;<strong>Se enter\u00f3 por los medios&nbsp;<\/strong>de la posible nominaci\u00f3n y por el comunicado publicado en X por la Oficina del Presidente Javier Milei de su confirmaci\u00f3n en ese Ministerio.<\/p>\n\n\n\n<p>Villarruel, hija de un ex combatiente de Malvinas y que reclama un tratamiento igualitario a las v\u00edctimas del terrorismo y la condena a los responsables, hab\u00eda manifestado despu\u00e9s del triunfo el 19 de noviembre que iba a tener la responsabilidad pol\u00edtica de conducir ambos ministerios. De hecho, el propio Milei lo anticip\u00f3 en uno de los debates presidenciales. Despu\u00e9s del malestar y las sospechas por las reuniones reservadas de su compa\u00f1ero de f\u00f3rmula todo cambi\u00f3.<\/p>\n\n\n\n<p>\u201cLas designaciones corresponden al Presidente\u201d, fue la escueta respuesta que se obtuvo despu\u00e9s de la confirmaci\u00f3n que hizo el equipo de Milei del \u00faltimo nombramiento. Para Villarruel la designaci\u00f3n de Bullrich y Petri, m\u00e1s que por cuestiones de experiencia y conocimiento en ambas carteras se bas\u00f3 en negociaciones pol\u00edticas destinadas a garantizar la gobernabilidad en el inicio de la gesti\u00f3n. De hecho, la Oficina del Presidente destac\u00f3 que con el \u00faltimo nombramiento \u201cla f\u00f3rmula completa de Juntos por el Cambio ha quedado integrada al Gobierno de La Libertad Avanza\u201d.<\/p>\n\n\n\n<p>La designaci\u00f3n de Petri se confirm\u00f3 despu\u00e9s de una reuni\u00f3n que Milei mantuvo con sus futuros funcionarios: Nicol\u00e1s Posse (Jefatura de Gabinete), Luis \u201cToto\u201d Caputo (Econom\u00eda), Guillermo Ferraro (Infraestructura), Diana Mondino (Canciller\u00eda), Bullrich (Seguridad) el futuro titular de la cartera de Defensa y Karina Milei. En el comunicado oficial se confirm\u00f3 que en el encuentro \u201cse discutieron los principales desaf\u00edos que deber\u00e1 enfrentar cada ministerio, as\u00ed como las reformas que deber\u00e1n llevar adelante y las primeras decisiones a tomar una vez iniciada la gesti\u00f3n\u201d.<\/p>\n\n\n\n<p>Patricia Bullrich, despu\u00e9s de la reuni\u00f3n, se reuni\u00f3 con el ministro de Seguridad actual, An\u00edbal Fern\u00e1ndez, para iniciar la transici\u00f3n. Fue al edificio de Gelly y Obes y se entrevist\u00f3 con el funcionario y repasaron la gesti\u00f3n como as\u00ed tambi\u00e9n los preparativos para los actos vinculadas a la asunci\u00f3n del pr\u00f3ximo domingo. Petri, si bien tom\u00f3 contacto informal con funcionarios de Defensa y de las Fuerzas Armadas, iniciar\u00e1 en las pr\u00f3ximas horas la actividad oficial para iniciar las tareas vinculadas al traspaso de las funciones y responsabilidades del organismo.<\/p>\n\n\n\n<p>\u201cAgradezco al Presidente Electo Javier Milei por darme la oportunidad y la confianza para ser el pr\u00f3ximo Ministro de Defensa de la Naci\u00f3n. Desde hoy comenzamos a trabajar en un cambio que permita volver a poner en valor el rol de nuestras las Fuerzas Armadas. Orgullo de nuestro pa\u00eds. Vamos a honrar su finalidad esencial, que garantice la soberan\u00eda e independencia de la Naci\u00f3n, su integridad territorial; que proteja la vida, la libertad y contribuya al desarrollo de la Patria\u201d, escribi\u00f3 en su red social.<\/p>\n\n\n\n<h2>El cruce en el debate<\/h2>\n\n\n\n<p><img decoding=\"async\" loading=\"lazy\" alt=\"Una de las escenas del debate donde Victoria Villarruel y Petri tuvieron un duro contrapunto. (foto Gustavo Gavotti) \" height=\"1080\" width=\"1920\" src=\"https:\/\/www.infobae.com\/new-resizer\/jx0a8R2wiWpku4NmKeQAjF1BBRc=\/420x236\/filters:format(webp):quality(85)\/cloudfront-us-east-1.images.arcpublishing.com\/infobae\/34A7L2IH2VEIVKXYF4VJVSB6DY.JPG%20420w\" srcset=\"https:\/\/www.infobae.com\/new-resizer\/jx0a8R2wiWpku4NmKeQAjF1BBRc=\/420x236\/filters:format(webp):quality(85)\/cloudfront-us-east-1.images.arcpublishing.com\/infobae\/34A7L2IH2VEIVKXYF4VJVSB6DY.JPG 420w,https:\/\/www.infobae.com\/new-resizer\/LvJv51vh8a_m7I7o9iXeo4LuoFM=\/768x432\/filters:format(webp):quality(85)\/cloudfront-us-east-1.images.arcpublishing.com\/infobae\/34A7L2IH2VEIVKXYF4VJVSB6DY.JPG 768w,https:\/\/www.infobae.com\/new-resizer\/28Lsom1CVFeOhHhCN9A4f3WpeMQ=\/992x558\/filters:format(webp):quality(85)\/cloudfront-us-east-1.images.arcpublishing.com\/infobae\/34A7L2IH2VEIVKXYF4VJVSB6DY.JPG 992w,https:\/\/www.infobae.com\/new-resizer\/9mpNxtVNnNqgu5G6eZiJLp3dXZU=\/1200x675\/filters:format(webp):quality(85)\/cloudfront-us-east-1.images.arcpublishing.com\/infobae\/34A7L2IH2VEIVKXYF4VJVSB6DY.JPG 1200w,https:\/\/www.infobae.com\/new-resizer\/nOGrRsEa2yKa3PVGEzWQicHaeC8=\/1440x810\/filters:format(webp):quality(85)\/cloudfront-us-east-1.images.arcpublishing.com\/infobae\/34A7L2IH2VEIVKXYF4VJVSB6DY.JPG 1440w\">Una de las escenas del debate donde Victoria Villarruel y Petri tuvieron un duro contrapunto. (foto Gustavo Gavotti)<\/p>\n\n\n\n<p>La vicepresidenta y el designado ministro de Defensa no son extra\u00f1os. Se conocen bien y tuvieron, de hecho, un duro contrapunto en el debate que organiz\u00f3 un canal de noticias de cara a las elecciones generales. \u201c\u00bfQu\u00e9 ha hecho en estos 20 meses como legisladora nacional? \u00bfHa hecho alg\u00fan proyecto en Seguridad? Le ahorro la pregunta porque la respuesta es cero\u201d, afirm\u00f3 el entonces candidato a vicepresidente de Juntos por el Cambio a su rival de La Libertad Avanza. \u201cEn mi barrio a los que no presentan proyectos le dicen \u00f1oquis y eso sos vos\u201d, afirm\u00f3.<\/p>\n\n\n\n<p>La respuesta fue igual de filosa. \u201cLos proyectos est\u00e1n en la p\u00e1gina del Congreso. Si no los le\u00edste no es mi problema. No digas gansadas. Te ten\u00eda en otra dimensi\u00f3n, pero si te quer\u00e9s igualar a la locura galopante que tienen algunos, no hay drama\u201d.<\/p>\n\n\n\n<p>Fue una pulseada que no s\u00f3lo se expres\u00f3 en televisi\u00f3n. En la red social X, el ahora ministro cont\u00f3 que lo hab\u00eda bloqueado. \u201cLa dem\u00f3crata Villarruel, incapaz de responder, me bloque\u00f3 de facto\u201d, dijo Petri. Todav\u00eda no se sabe si retomaron el contacto. Al menos por Twitter.<\/p>\n\n\n\n<p>Fuente: infobae<\/p>\n","protected":false},"excerpt":{"rendered":"<div class=\"mh-excerpt\"><p>Con el nombramiento del radical&nbsp;Luis Petri&nbsp;en Defensa se confirm\u00f3 una decisi\u00f3n pol\u00edtica de primera magnitud de&nbsp;Javier Milei&nbsp;antes de asumir la Presidencia de la Naci\u00f3n:&nbsp;reducir a Victoria Villarruel a cumplir el rol formal de vicepresidente, que establece ser&nbsp;reemplazo&nbsp;en caso de ausencia del primer mandatario y&nbsp;presidir las sesiones del Senado, o \u201ctocar la campanita\u201d Como hab\u00eda&nbsp;anticipado&nbsp;Infobae&nbsp;hace una semana, la relaci\u00f3n entre los integrantes de la f\u00f3rmula que gan\u00f3 la segunda vuelta con el 56% de los votos hab\u00eda pasado, sin escalas, de \u00f3ptima a p\u00e9sima. La desconfianza entre ambos se agudiz\u00f3 despu\u00e9s de que llegara a conocimiento del l\u00edder libertario que su <a class=\"mh-excerpt-more\" href=\"http:\/\/dsrmedios.com.ar\/diario\/archivos\/41999\" title=\"Con la designaci\u00f3n de Luis Petri en Defensa, Javier Milei confirm\u00f3 que Victoria Villarruel estar\u00e1 limitada a su funci\u00f3n de Vicepresidente\">[Leer m\u00e1s]<\/a><\/p>\n<\/div>","protected":false},"author":8,"featured_media":42009,"comment_status":"open","ping_status":"closed","sticky":false,"template":"","format":"standard","meta":{"_jetpack_newsletter_access":""},"categories":[6],"tags":[],"jetpack_featured_media_url":"http:\/\/dsrmedios.com.ar\/diario\/wp-content\/uploads\/2023\/12\/descarga-88.jpeg","jetpack_sharing_enabled":true,"jetpack_shortlink":"https:\/\/wp.me\/p9fihK-aVp","_links":{"self":[{"href":"http:\/\/dsrmedios.com.ar\/diario\/wp-json\/wp\/v2\/posts\/41999"}],"collection":[{"href":"http:\/\/dsrmedios.com.ar\/diario\/wp-json\/wp\/v2\/posts"}],"about":[{"href":"http:\/\/dsrmedios.com.ar\/diario\/wp-json\/wp\/v2\/types\/post"}],"author":[{"embeddable":true,"href":"http:\/\/dsrmedios.com.ar\/diario\/wp-json\/wp\/v2\/users\/8"}],"replies":[{"embeddable":true,"href":"http:\/\/dsrmedios.com.ar\/diario\/wp-json\/wp\/v2\/comments?post=41999"}],"version-history":[{"count":2,"href":"http:\/\/dsrmedios.com.ar\/diario\/wp-json\/wp\/v2\/posts\/41999\/revisions"}],"predecessor-version":[{"id":42010,"href":"http:\/\/dsrmedios.com.ar\/diario\/wp-json\/wp\/v2\/posts\/41999\/revisions\/42010"}],"wp:featuredmedia":[{"embeddable":true,"href":"http:\/\/dsrmedios.com.ar\/diario\/wp-json\/wp\/v2\/media\/42009"}],"wp:attachment":[{"href":"http:\/\/dsrmedios.com.ar\/diario\/wp-json\/wp\/v2\/media?parent=41999"}],"wp:term":[{"taxonomy":"category","embeddable":true,"href":"http:\/\/dsrmedios.com.ar\/diario\/wp-json\/wp\/v2\/categories?post=41999"},{"taxonomy":"post_tag","embeddable":true,"href":"http:\/\/dsrmedios.com.ar\/diario\/wp-json\/wp\/v2\/tags?post=41999"}],"curies":[{"name":"wp","href":"https:\/\/api.w.org\/{rel}","templated":true}]}}